{"id":22,"date":"2007-09-06T23:58:24","date_gmt":"2007-09-06T21:58:24","guid":{"rendered":"http:\/\/www.traba.org\/trabablog\/?p=22"},"modified":"2007-09-16T20:05:33","modified_gmt":"2007-09-16T18:05:33","slug":"las-alpujarras-3g","status":"publish","type":"post","link":"http:\/\/traba.org\/trabablog\/?p=22","title":{"rendered":"Las Alpujarras, 3G"},"content":{"rendered":"<p>Avui ha estat un dia de trasllat, del Cabo de Gata a las Alpujarras. Intentar\u00e9 estrujar una mica el dia a veure qu\u00e8 en surt, i si mantinc la meva audi\u00e8ncia dels 4 lectors contats del blog \ud83d\ude42 Si hi ha alg\u00fa m\u00e9s, manifesteu-vos, que em faria gr\u00e0cia saber-ho!<\/p>\n<p>El dia ha comen\u00e7at ben aviat: a les 8 i 25 minuts han comen\u00e7at a donar cops molt forts a la porta, i al no obrir han passat a donar cops a la finestra. Per sort, el meu ovari esquerre m&#8217;havia despertat 20 minuts abans, que sin\u00f3 morim del susto: hi havia una dona tota esverada a la finestra repetint com una energ\u00famena \u00bb<em>Er coxe estorba! Er coxe estorba!<\/em>\u00bb. Ara escrit, no impacta tant, per\u00f2 la taquic\u00e0rdia no ens l&#8217;ha tret ning\u00fa. Ni tampoc el mal humor del JJ que \u00e9s qui ha hagut d&#8217;anar a canviar el cotxe de puesto, i sense ning\u00fa a qui destorbar&#8230; no hi havia ning\u00fa al carrer!<\/p>\n<p>Com que ens han tret del llit tan d&#8217;hora, hem decidit, amb una certa influ\u00e8ncia (en forma d&#8217;insist\u00e8ncia) del PKT,  passar el El Ejido amb 3 objectius: 1. fer un segon esmorzar, 2. fer una foto as hibernaderos i 3. veure el arco de oro dels Ejidenses neoricos.  Hem aconseguit 2 de 3 objectius, per\u00f2 nom\u00e9s parcialment. L&#8217;objectiu n\u00famero 1, esmorzar, l&#8217;hem aconseguit, per\u00f2 ha estat el donut m\u00e9s dur que m&#8217;he menjat en ma vida! Del 2, fotos n&#8217;hem fet la h\u00f2stia (no exagero si dic 70), per\u00f2 que hagin quedat b\u00e9, cap. Com a excusa, puc posar que tampoc \u00e9s que siguin especialment est\u00e8tics, els hibernaderos i a m\u00e9s, necessiten ser fotografiats des de dalt, cosa que tampoc hem aconseguit. Per tant, l&#8217;objectiu 2, nom\u00e9s ha estat parcialment assolit. I el 3, era un objectiu impossible d&#8217;assolir: aquest arco de oro no surt ni al google, per tant, no existeix! Ni amb l&#8217;ajuda de l&#8217;Albert l&#8217;hem trobat. Per tant, objectiu no assolit.<\/p>\n<p>Hibernaderos des del cotxe.<br \/>\n<img loading=\"lazy\" decoding=\"async\" src=\"http:\/\/www.traba.org\/galeria\/albums\/wpw-20070906\/2007-09_Andalusia_347.jpg\" alt=\"hibernaderos1\" height=\"300\" width=\"450\" \/><\/p>\n<p>I un altre. Son les millors fotos que tenim&#8230;<br \/>\n<img loading=\"lazy\" decoding=\"async\" src=\"http:\/\/www.traba.org\/galeria\/albums\/wpw-20070906\/2007-09_Andalusia_373.jpg\" alt=\"hibernadero2\" height=\"300\" width=\"450\" \/><\/p>\n<p>Del Ejido, a las Alpujarras ara toca. Ha estat curi\u00f3s quan un cartell enorme ens ha indicat que el poble on an\u00e0vem, \u00d3rgiva, estava a 100 km, per\u00f2 la senyora Marta del TomTom (l&#8217;amiga de l&#8217;Antonio, no la Marta Marta), ens deia que estava a 45 km. I com que \u00faltimament qui tenia ra\u00f3 era el TomTom i no les nostres suposicions, li hem fet cas. Cagada! Si hi ha un cartell molt gros \u00e9s per algo. La veritat \u00e9s que els que noconduiem hem aguantat estoicament 30 km de corbes i m\u00e9s corbes. El paisatge valia la pena, si, per\u00f2 amb els 3 primers km ja n&#8217;hi havia prou.<\/p>\n<p>Una parada pel cam\u00ed anti-vomitera.<br \/>\n<img loading=\"lazy\" decoding=\"async\" src=\"http:\/\/www.traba.org\/galeria\/albums\/wpw-20070906\/2007-09_Andalusia_404.jpg\" alt=\"stop\" height=\"300\" width=\"450\" \/><\/p>\n<p>I finalment, las Alpujarras.  Sense cap expectativa (ja n&#8217;hem apr\u00e8s) hem entrar a dinar a un bar de carretera de  corbes&#8230; i brutal! Bueno, bonito, barato, abundant i un cambrer ni massa intrusiu ni massa antip\u00e0tic. Es diu la Venta del Puente, i est\u00e0 just abans d&#8217;entrar al poble d&#8217;\u00d3rgiva, per si hi passeu. Impactant la carn a la brasa que no era un fake, tenien una foguera encesa amb foc de veritat! I a m\u00e9s, entrava al men\u00fa. Tamb\u00e9 entrava al men\u00fa de 9 euros les copes, i suposem que el puro.<\/p>\n<p>La taula. Aqu\u00ed ja an\u00e0vem pel segon plat.<br \/>\n<img loading=\"lazy\" decoding=\"async\" src=\"http:\/\/www.traba.org\/galeria\/albums\/wpw-20070906\/2007-09_Andalusia_428.jpg\" alt=\"taula\" height=\"480\" width=\"320\" \/><\/p>\n<p>Foto del Dani de perfil, que sempre li faig de cara. Al restaurant.<br \/>\n<img loading=\"lazy\" decoding=\"async\" src=\"http:\/\/www.traba.org\/galeria\/albums\/wpw-20070906\/2007-09_Andalusia_413.jpg\" alt=\"dani\" height=\"300\" width=\"450\" \/><\/p>\n<p>El gos que no es menjava el xori\u00e7o taparterias del PKT.<br \/>\n<img loading=\"lazy\" decoding=\"async\" src=\"http:\/\/www.traba.org\/galeria\/albums\/wpw-20070906\/2007-09_Andalusia_425.jpg\" alt=\"gos\" height=\"480\" width=\"320\" \/><\/p>\n<p>M&#8217;havia deixat: <em>el vino con gaseosa<\/em>.<br \/>\n<img loading=\"lazy\" decoding=\"async\" src=\"http:\/\/www.traba.org\/galeria\/albums\/wpw-20070906\/2007-09_Andalusia_426.jpg\" alt=\"vinito\" height=\"300\" width=\"450\" \/><\/p>\n<p>No fem \u00e0pat que aix\u00ed contat per sobre per un endocrino prestigioso (veure foto de sobre) no estigui per sota de 4.000 kcal. Quina agonia!<\/p>\n<p>I el millor de tot: a las Alpujarras hi ha cobertura 3G de m\u00f2bil! M&#8217;han deixat impressionada. Ni a Donosti hi havia 3G.<\/p>\n<p>I despr\u00e9s, a la casa. Ni punt de comparaci\u00f3 amb la de los Escullos. Amb piscina, pati privat, porxo, hortet, sof\u00e0, llits de veritat, hamaca, un cuarto de bany decent&#8230;<\/p>\n<p>L&#8217;hamaca.<br \/>\n<img loading=\"lazy\" decoding=\"async\" src=\"http:\/\/www.traba.org\/galeria\/albums\/wpw-20070906\/2007-09_Andalusia_433.jpg\" alt=\"hamaca\" height=\"300\" width=\"450\" \/><\/p>\n<p>El porxo.<br \/>\n<img loading=\"lazy\" decoding=\"async\" src=\"http:\/\/www.traba.org\/galeria\/albums\/wpw-20070906\/2007-09_Andalusia_439.jpg\" alt=\"porxo\" height=\"300\" width=\"450\" \/><\/p>\n<p>I els higos chumbos de la casa.<br \/>\n<img loading=\"lazy\" decoding=\"async\" src=\"http:\/\/www.traba.org\/galeria\/albums\/wpw-20070906\/2007-09_Andalusia_441.jpg\" alt=\"higos\" height=\"300\" width=\"450\" \/><\/p>\n<p>Pos eso, que paro d&#8217;escriure i vaig a disfrutar de la casa \ud83d\ude42<br \/>\nLa resta est\u00e0 veient Kill Bill amb anuncis!!!<\/p>\n<p>Fins dem\u00e0!<\/p>\n<p>Mireia.<\/p>\n","protected":false},"excerpt":{"rendered":"<p>Avui ha estat un dia de trasllat, del Cabo de Gata a las Alpujarras. Intentar\u00e9 estrujar una mica el dia a veure qu\u00e8 en surt, i si mantinc la meva&#8230;<\/p>\n","protected":false},"author":5,"featured_media":0,"comment_status":"open","ping_status":"open","sticky":false,"template":"","format":"standard","meta":{"_monsterinsights_skip_tracking":false,"_monsterinsights_sitenote_active":false,"_monsterinsights_sitenote_note":"","_monsterinsights_sitenote_category":0,"footnotes":""},"categories":[3,4],"tags":[],"class_list":["post-22","post","type-post","status-publish","format-standard","hentry","category-andalusia-2007","category-vacances"],"_links":{"self":[{"href":"http:\/\/traba.org\/trabablog\/index.php?rest_route=\/wp\/v2\/posts\/22","targetHints":{"allow":["GET"]}}],"collection":[{"href":"http:\/\/traba.org\/trabablog\/index.php?rest_route=\/wp\/v2\/posts"}],"about":[{"href":"http:\/\/traba.org\/trabablog\/index.php?rest_route=\/wp\/v2\/types\/post"}],"author":[{"embeddable":true,"href":"http:\/\/traba.org\/trabablog\/index.php?rest_route=\/wp\/v2\/users\/5"}],"replies":[{"embeddable":true,"href":"http:\/\/traba.org\/trabablog\/index.php?rest_route=%2Fwp%2Fv2%2Fcomments&post=22"}],"version-history":[{"count":0,"href":"http:\/\/traba.org\/trabablog\/index.php?rest_route=\/wp\/v2\/posts\/22\/revisions"}],"wp:attachment":[{"href":"http:\/\/traba.org\/trabablog\/index.php?rest_route=%2Fwp%2Fv2%2Fmedia&parent=22"}],"wp:term":[{"taxonomy":"category","embeddable":true,"href":"http:\/\/traba.org\/trabablog\/index.php?rest_route=%2Fwp%2Fv2%2Fcategories&post=22"},{"taxonomy":"post_tag","embeddable":true,"href":"http:\/\/traba.org\/trabablog\/index.php?rest_route=%2Fwp%2Fv2%2Ftags&post=22"}],"curies":[{"name":"wp","href":"https:\/\/api.w.org\/{rel}","templated":true}]}}