{"id":23,"date":"2007-09-08T01:20:34","date_gmt":"2007-09-07T23:20:34","guid":{"rendered":"http:\/\/www.traba.org\/trabablog\/?p=23"},"modified":"2007-09-16T19:57:30","modified_gmt":"2007-09-16T17:57:30","slug":"felicidades-leo","status":"publish","type":"post","link":"http:\/\/traba.org\/trabablog\/?p=23","title":{"rendered":"Felicidades Leo!"},"content":{"rendered":"<p>Que avui dia 7 de setembre ha fet 31 anys!<\/p>\n<p>Salut!<br \/>\n<img loading=\"lazy\" decoding=\"async\" src=\"http:\/\/www.traba.org\/galeria\/albums\/wpw-20070908\/2007-09_Andalusia_454.jpg\" alt=\"leo\" height=\"480\" width=\"320\"\/><\/p>\n<p>Dia f\u00e0cil de resumir: corbes, aeroport, Granada, Alhambra, corbes, i sopar. A les corbes m&#8217;he marejat i no he sigut persona fins a mig mat\u00ed. I a l&#8217;aeroport hi hem deixat al Dani. Has arribat b\u00e9?<\/p>\n<p>A Granada hem intentat quedar amb la Marta E, per\u00f2 ara viu a un poble de Jaen! Ens veiem a la propera&#8230;<\/p>\n<p>I res, que resumir\u00e9 el dia amb fotos. Avui, per insist\u00e8ncia de la resta de companys de viatge, surto en alguna de les fotos&#8230;<\/p>\n<p>Aqu\u00ed la primera: el meu monyo amb pal nou.<br \/>\n<img loading=\"lazy\" decoding=\"async\" src=\"http:\/\/www.traba.org\/galeria\/albums\/wpw-20070908\/2007-09_Andalusia_450.jpg\" alt=\"monyo\" height=\"300\" width=\"450\"\/><\/p>\n<p>La casa dels gats, a l&#8217;Albaycin.<br \/>\n<img loading=\"lazy\" decoding=\"async\" src=\"http:\/\/www.traba.org\/galeria\/albums\/wpw-20070908\/2007-09_Andalusia_478.jpg\" alt=\"gats\" height=\"300\" width=\"450\"\/><\/p>\n<p>L&#8217;Albaycin, est\u00e0 en crisi.<br \/>\n<img loading=\"lazy\" decoding=\"async\" src=\"http:\/\/www.traba.org\/galeria\/albums\/wpw-20070908\/2007-09_Andalusia_481.jpg\" alt=\"pintada\" height=\"300\" width=\"450\" \/><\/p>\n<p>I en obres.<br \/>\n<img loading=\"lazy\" decoding=\"async\" src=\"http:\/\/www.traba.org\/galeria\/albums\/wpw-20070908\/2007-09_Andalusia_485.jpg\" alt=\"obres\" height=\"300\" width=\"450\"\/><\/p>\n<p>Esperando&#8230;<br \/>\n<img loading=\"lazy\" decoding=\"async\" src=\"http:\/\/www.traba.org\/galeria\/albums\/wpw-20070908\/2007-09_Andalusia_486.jpg\" alt=\"esperando\" height=\"480\" width=\"320\" \/><\/p>\n<p>Vista de Granada.<br \/>\n<img loading=\"lazy\" decoding=\"async\" src=\"http:\/\/www.traba.org\/galeria\/albums\/wpw-20070908\/2007-09_Andalusia_493.jpg\" alt=\"vista\" height=\"300\" width=\"450\"\/><\/p>\n<p>Flors de l&#8217;Alhambra.<br \/>\n<img loading=\"lazy\" decoding=\"async\" src=\"http:\/\/www.traba.org\/galeria\/albums\/wpw-20070908\/2007-09_Andalusia_523.jpg\" alt=\"flors\" height=\"480\" width=\"320\"\/><\/p>\n<p>La gorda de les tetes grans&#8230; \u00c9s que amb tanta flor i tant d&#8217;edifici ja m&#8217;avorria&#8230;<br \/>\n<img loading=\"lazy\" decoding=\"async\" src=\"http:\/\/www.traba.org\/galeria\/albums\/wpw-20070908\/2007-09_Andalusia_524.jpg\" alt=\"tetes\" height=\"300\" width=\"450\"\/><\/p>\n<p>La Marta i la panxa.<br \/>\n<img loading=\"lazy\" decoding=\"async\" src=\"http:\/\/www.traba.org\/galeria\/albums\/wpw-20070908\/2007-09_Andalusia_553.jpg\" alt=\"marta\" height=\"480\" width=\"320\"\/><\/p>\n<p>Un sostre de l&#8217;Alhambra amb el PKT en primer plano per donar-li profunditat.<br \/>\n<img loading=\"lazy\" decoding=\"async\" src=\"http:\/\/www.traba.org\/galeria\/albums\/wpw-20070908\/2007-09_Andalusia_576.jpg\" alt=\"pkt\" height=\"300\" width=\"450\"\/><\/p>\n<p>Descansant, que \u00e9s llarg aix\u00f2 de l&#8217;Alhambra.<br \/>\n<img loading=\"lazy\" decoding=\"async\" src=\"http:\/\/www.traba.org\/galeria\/albums\/wpw-20070908\/2007-09_Andalusia_587.jpg\" alt=\"banc\" height=\"300\" width=\"450\"\/><\/p>\n<p>That&#8217;s me.<br \/>\n<img loading=\"lazy\" decoding=\"async\" src=\"http:\/\/www.traba.org\/galeria\/albums\/wpw-20070908\/2007-09_Andalusia_617.jpg\" alt=\"mireia\" height=\"300\" width=\"450\"\/><\/p>\n<p>M\u00e9s floretes.<br \/>\n<img loading=\"lazy\" decoding=\"async\" src=\"http:\/\/www.traba.org\/galeria\/albums\/wpw-20070908\/2007-09_Andalusia_632.jpg\" alt=\"mesflors\" height=\"300\" width=\"450\"\/><\/p>\n<p>I m\u00e9s.<br \/>\n<img loading=\"lazy\" decoding=\"async\" src=\"http:\/\/www.traba.org\/galeria\/albums\/wpw-20070908\/2007-09_Andalusia_633.jpg\" alt=\"mesflors\" height=\"300\" width=\"450\" \/><\/p>\n<p>Foto col\u00b7lectiva.<br \/>\n<img loading=\"lazy\" decoding=\"async\" src=\"http:\/\/www.traba.org\/galeria\/albums\/wpw-20070908\/2007-09_Andalusia_767.jpg\" alt=\"tots\" height=\"300\" width=\"450\"\/><\/p>\n<p>Descansant un altre cop.<br \/>\n<img loading=\"lazy\" decoding=\"async\" src=\"http:\/\/www.traba.org\/galeria\/albums\/wpw-20070908\/2007-09_Andalusia_770.jpg\" alt=\"descansant\" height=\"300\" width=\"450\"\/><\/p>\n<p>Jugant.<br \/>\n<img loading=\"lazy\" decoding=\"async\" src=\"http:\/\/www.traba.org\/galeria\/albums\/wpw-20070908\/2007-09_Andalusia_799.jpg\" alt=\"jugant\" height=\"480\" width=\"320\"\/><\/p>\n<p>Tornant a descansar.<br \/>\n<img loading=\"lazy\" decoding=\"async\" src=\"http:\/\/www.traba.org\/galeria\/albums\/wpw-20070908\/2007-09_Andalusia_803.jpg\" alt=\"banc2\" height=\"300\" width=\"450\"\/><\/p>\n<p>Conclusi\u00f3 del PKT i meva: l&#8217;Alhambra est\u00e0 sobrevalorada. De fet, ens falta molta informaci\u00f3, per\u00f2 tenim totes les preguntes anotades en un tovall\u00f3. No cal que ho busquis, Laia, que ja ho farem dem\u00e0 que estarem tot el dia per la casa \ud83d\ude42 Descansant del trote d&#8217;avui.<\/p>\n<p>I finalment&#8230; una foto fent el blog. Fa fresqueta!<br \/>\n<img loading=\"lazy\" decoding=\"async\" src=\"http:\/\/www.traba.org\/galeria\/albums\/wpw-20070908\/2007-09_Andalusia_804.jpg\" alt=\"blog\" height=\"300\" width=\"450\"\/><\/p>\n<p>Fins dem\u00e0!<\/p>\n<p>Mireia.<\/p>\n","protected":false},"excerpt":{"rendered":"<p>Que avui dia 7 de setembre ha fet 31 anys! Salut! Dia f\u00e0cil de resumir: corbes, aeroport, Granada, Alhambra, corbes, i sopar. A les corbes m&#8217;he marejat i no he&#8230;<\/p>\n","protected":false},"author":5,"featured_media":0,"comment_status":"open","ping_status":"open","sticky":false,"template":"","format":"standard","meta":{"_monsterinsights_skip_tracking":false,"_monsterinsights_sitenote_active":false,"_monsterinsights_sitenote_note":"","_monsterinsights_sitenote_category":0,"footnotes":""},"categories":[3,4],"tags":[],"class_list":["post-23","post","type-post","status-publish","format-standard","hentry","category-andalusia-2007","category-vacances"],"_links":{"self":[{"href":"http:\/\/traba.org\/trabablog\/index.php?rest_route=\/wp\/v2\/posts\/23","targetHints":{"allow":["GET"]}}],"collection":[{"href":"http:\/\/traba.org\/trabablog\/index.php?rest_route=\/wp\/v2\/posts"}],"about":[{"href":"http:\/\/traba.org\/trabablog\/index.php?rest_route=\/wp\/v2\/types\/post"}],"author":[{"embeddable":true,"href":"http:\/\/traba.org\/trabablog\/index.php?rest_route=\/wp\/v2\/users\/5"}],"replies":[{"embeddable":true,"href":"http:\/\/traba.org\/trabablog\/index.php?rest_route=%2Fwp%2Fv2%2Fcomments&post=23"}],"version-history":[{"count":0,"href":"http:\/\/traba.org\/trabablog\/index.php?rest_route=\/wp\/v2\/posts\/23\/revisions"}],"wp:attachment":[{"href":"http:\/\/traba.org\/trabablog\/index.php?rest_route=%2Fwp%2Fv2%2Fmedia&parent=23"}],"wp:term":[{"taxonomy":"category","embeddable":true,"href":"http:\/\/traba.org\/trabablog\/index.php?rest_route=%2Fwp%2Fv2%2Fcategories&post=23"},{"taxonomy":"post_tag","embeddable":true,"href":"http:\/\/traba.org\/trabablog\/index.php?rest_route=%2Fwp%2Fv2%2Ftags&post=23"}],"curies":[{"name":"wp","href":"https:\/\/api.w.org\/{rel}","templated":true}]}}