{"id":25,"date":"2007-09-10T01:47:48","date_gmt":"2007-09-09T23:47:48","guid":{"rendered":"http:\/\/www.traba.org\/trabablog\/?p=25"},"modified":"2007-09-16T19:41:35","modified_gmt":"2007-09-16T17:41:35","slug":"un-diumenge-a-las-alpujarras","status":"publish","type":"post","link":"http:\/\/traba.org\/trabablog\/?p=25","title":{"rendered":"Un diumenge a las Alpujarras"},"content":{"rendered":"<p>Primer de tot, recompte de vots:<br \/>\n-JJ 0<br \/>\n-Leo 4<br \/>\n-PKT 3<br \/>\nPer tant, declaro guanyador al Leo. Properament quan tingui 3 fotos dignes de participar, convocar\u00e9 una altra edici\u00f3, i potser entre elles, est\u00e0s, Albert \ud83d\ude42 He apr\u00e8s una cosa sobre els concursos: els has de separar en el temps, que sin\u00f3 la gent es cansa i no para de posar objectes que s&#8217;interposen entre l&#8217;objectiu de la c\u00e0mera i la seva cara. Aix\u00ed que deixarem un temps de rentat.<\/p>\n<p>Anem al viatge. I un av\u00eds: las Alpujarras m&#8217;han agradat, encara que ho critiqui tot. Sin\u00f3, no seria el meu blog!<\/p>\n<p>La casa rural que hem estat \u00e9s el <a href=\"http:\/\/www.tutiemporural.com\/tutiemporural\/Ficha.aspx?IDTurismo=13\">Llano de Funes<\/a>, a \u00d3rgiva. Els llits dobles son de metro cinquanta i s&#8217;hi dorm de puta mare. Per\u00f2 (sempre hi ha d&#8217;haver-ne algun) no t\u00e9 rentadora!!! O al menys no ens l&#8217;han deixada i hem hagut d&#8217;anar a rentar la roba al c\u00e0mping. Per sort ens ho han deixat gratis. Dir que \u00e9s un gran c\u00e0mping: amb uns bungalows d&#8217;obra amb mini-terrasseta i barbacoa privada i piscina comunit\u00e0ria. I ben amables. La carta del restaurant, careta. El cambrer, simp\u00e0tic i un p\u00e8l intrusiu.<\/p>\n<p>Avui hem fet una mica de turisme, i els pobles on hem anat, ens ho posaven f\u00e0cil aix\u00f2 de fer de turista: Pampaneira i Capileira, a l&#8217;Alpujarra Alta. T\u00edpics per a part de les seves cases blanques, per desenes de botigues de souvenirs de la zona: cer\u00e0mica, jarapas i jam\u00f3n i queso. I com a bons turistes, hem comprat cosilles \ud83d\ude1b Jo estava bastant mandrosa avui, aix\u00ed que nom\u00e9s he fet una foto, a un carrer\u00f3 de Pampaneira.<\/p>\n<p><img loading=\"lazy\" decoding=\"async\" src=\"http:\/\/www.traba.org\/galeria\/albums\/wpw-20070910\/2007-09_Andalusia_832.jpg\" alt=\"poble\" height=\"300\" width=\"450\"\/><\/p>\n<p>I per la nit, sessi\u00f3 de Gran Hermano, com cada setembre. Diria que cada any dic el mateix, per\u00f2 s&#8217;han passat amb la penya aquest any. Vaia pandilla de maleantes! M\u00edtica la frase de la poligonera kinki que de professi\u00f3 \u00e9s juerguista: \u00ab<em>hay tantas rajas en la casa que se va a derrumbar<\/em>\u00ab. I el que em fa por que sigui client del Dani, el comandante primero de la Legi\u00f3n del Ej\u00e9rcito de Almeria. Quins ulls de loco, madre m\u00eda!<\/p>\n<p>Dem\u00e0 el JJ i la Marta ja se&#8217;n van a Ca\u00f1ete i el Leo i la Luza, a Barcelona. Continuarem el viatge el PKT i jo. Cap a Riotinto (Huelva), a l&#8217;hotel Santa B\u00e1rbara Golf. Malauradament (o no), no ens creuarem amb l&#8217;Arcadi Espada, sembla que despr\u00e9s d&#8217;uns mesos de reclusi\u00f3, ha marxat ja.<\/p>\n<p>Fins dem\u00e0!<\/p>\n<p>Mireia.<\/p>\n","protected":false},"excerpt":{"rendered":"<p>Primer de tot, recompte de vots: -JJ 0 -Leo 4 -PKT 3 Per tant, declaro guanyador al Leo. Properament quan tingui 3 fotos dignes de participar, convocar\u00e9 una altra edici\u00f3,&#8230;<\/p>\n","protected":false},"author":5,"featured_media":0,"comment_status":"open","ping_status":"open","sticky":false,"template":"","format":"standard","meta":{"_monsterinsights_skip_tracking":false,"_monsterinsights_sitenote_active":false,"_monsterinsights_sitenote_note":"","_monsterinsights_sitenote_category":0,"footnotes":""},"categories":[3],"tags":[],"class_list":["post-25","post","type-post","status-publish","format-standard","hentry","category-andalusia-2007"],"_links":{"self":[{"href":"http:\/\/traba.org\/trabablog\/index.php?rest_route=\/wp\/v2\/posts\/25","targetHints":{"allow":["GET"]}}],"collection":[{"href":"http:\/\/traba.org\/trabablog\/index.php?rest_route=\/wp\/v2\/posts"}],"about":[{"href":"http:\/\/traba.org\/trabablog\/index.php?rest_route=\/wp\/v2\/types\/post"}],"author":[{"embeddable":true,"href":"http:\/\/traba.org\/trabablog\/index.php?rest_route=\/wp\/v2\/users\/5"}],"replies":[{"embeddable":true,"href":"http:\/\/traba.org\/trabablog\/index.php?rest_route=%2Fwp%2Fv2%2Fcomments&post=25"}],"version-history":[{"count":0,"href":"http:\/\/traba.org\/trabablog\/index.php?rest_route=\/wp\/v2\/posts\/25\/revisions"}],"wp:attachment":[{"href":"http:\/\/traba.org\/trabablog\/index.php?rest_route=%2Fwp%2Fv2%2Fmedia&parent=25"}],"wp:term":[{"taxonomy":"category","embeddable":true,"href":"http:\/\/traba.org\/trabablog\/index.php?rest_route=%2Fwp%2Fv2%2Fcategories&post=25"},{"taxonomy":"post_tag","embeddable":true,"href":"http:\/\/traba.org\/trabablog\/index.php?rest_route=%2Fwp%2Fv2%2Ftags&post=25"}],"curies":[{"name":"wp","href":"https:\/\/api.w.org\/{rel}","templated":true}]}}