{"id":260,"date":"2008-06-28T19:26:03","date_gmt":"2008-06-28T17:26:03","guid":{"rendered":"http:\/\/www.traba.org\/trabablog\/?p=260"},"modified":"2008-06-29T13:25:09","modified_gmt":"2008-06-29T11:25:09","slug":"festa-25-anys-de-lics","status":"publish","type":"post","link":"http:\/\/traba.org\/trabablog\/?p=260","title":{"rendered":"Festa 25 anys de l&#8217;ICS"},"content":{"rendered":"<p>Una festa muntada per pillar la gran papa: donaven alcohol sense l\u00edmits! En fins&#8230; ara penjar\u00e9 algunes fotos&#8230; A mesura que avan\u00e7a la nit, la qualitat empitjora&#8230;<\/p>\n<p>Vam marxar a les 20h de la feina amb la Lui i l&#8217;Anna. El p\u00e0rking estava a petar.<\/p>\n<p><a href=\"http:\/\/www.traba.org\/trabablog\/wp-content\/uploads\/2008\/06\/2008-06-27-festa-ics-003.jpg\"><img loading=\"lazy\" decoding=\"async\" style=\"border-right: 0px; border-top: 0px; border-left: 0px; border-bottom: 0px\" src=\"http:\/\/www.traba.org\/trabablog\/wp-content\/uploads\/2008\/06\/2008-06-27-festa-ics-003-thumb.jpg\" border=\"0\" alt=\"2008-06-27 Festa ICS 003\" width=\"504\" height=\"379\" \/><\/a><\/p>\n<p>Per\u00f2 con un par, la Lui va deixar el seu K al mig.<\/p>\n<p><a href=\"http:\/\/www.traba.org\/trabablog\/wp-content\/uploads\/2008\/06\/2008-06-27-festa-ics-006.jpg\"><img loading=\"lazy\" decoding=\"async\" style=\"border-right: 0px; border-top: 0px; border-left: 0px; border-bottom: 0px\" src=\"http:\/\/www.traba.org\/trabablog\/wp-content\/uploads\/2008\/06\/2008-06-27-festa-ics-006-thumb.jpg\" border=\"0\" alt=\"2008-06-27 Festa ICS 006\" width=\"504\" height=\"379\" \/><\/a><\/p>\n<p>Una de les primeres fotos que concursa al less photogenic \ud83d\ude42<\/p>\n<p><a href=\"http:\/\/www.traba.org\/trabablog\/wp-content\/uploads\/2008\/06\/2008-06-27-festa-ics-015.jpg\"><img loading=\"lazy\" decoding=\"async\" style=\"border-right: 0px; border-top: 0px; border-left: 0px; border-bottom: 0px\" src=\"http:\/\/www.traba.org\/trabablog\/wp-content\/uploads\/2008\/06\/2008-06-27-festa-ics-015-thumb.jpg\" border=\"0\" alt=\"2008-06-27 Festa ICS 015\" width=\"504\" height=\"379\" \/><\/a><\/p>\n<p>Per\u00f2 ho seguiem intentant. Objectiu: sortir a la foto amb els ulls oberts!<\/p>\n<p><a href=\"http:\/\/www.traba.org\/trabablog\/wp-content\/uploads\/2008\/06\/2008-06-27-festa-ics-016.jpg\"><img loading=\"lazy\" decoding=\"async\" style=\"border-right: 0px; border-top: 0px; border-left: 0px; border-bottom: 0px\" src=\"http:\/\/www.traba.org\/trabablog\/wp-content\/uploads\/2008\/06\/2008-06-27-festa-ics-016-thumb.jpg\" border=\"0\" alt=\"2008-06-27 Festa ICS 016\" width=\"504\" height=\"379\" \/><\/a><\/p>\n<p>I por fin! Tachan!<\/p>\n<p><a href=\"http:\/\/www.traba.org\/trabablog\/wp-content\/uploads\/2008\/06\/2008-06-27-festa-ics-017.jpg\"><img loading=\"lazy\" decoding=\"async\" style=\"border-right: 0px; border-top: 0px; border-left: 0px; border-bottom: 0px\" src=\"http:\/\/www.traba.org\/trabablog\/wp-content\/uploads\/2008\/06\/2008-06-27-festa-ics-017-thumb.jpg\" border=\"0\" alt=\"2008-06-27 Festa ICS 017\" width=\"504\" height=\"379\" \/><\/a><\/p>\n<p>Tota la culpa la va tenir la mimosa. Que li hem de donar les gr\u00e0cies a la mare de l&#8217;Anna!<\/p>\n<p><a href=\"http:\/\/www.traba.org\/trabablog\/wp-content\/uploads\/2008\/06\/2008-06-27-festa-ics-019.jpg\"><img loading=\"lazy\" decoding=\"async\" style=\"border-right: 0px; border-top: 0px; border-left: 0px; border-bottom: 0px\" src=\"http:\/\/www.traba.org\/trabablog\/wp-content\/uploads\/2008\/06\/2008-06-27-festa-ics-019-thumb.jpg\" border=\"0\" alt=\"2008-06-27 Festa ICS 019\" width=\"504\" height=\"379\" \/><\/a><\/p>\n<p>No ho havia vist, per\u00f2 vaig pillar al Jordi Hierro en aquesta foto.<\/p>\n<p><a href=\"http:\/\/www.traba.org\/trabablog\/wp-content\/uploads\/2008\/06\/2008-06-27-festa-ics-022.jpg\"><img loading=\"lazy\" decoding=\"async\" style=\"border-right: 0px; border-top: 0px; border-left: 0px; border-bottom: 0px\" src=\"http:\/\/www.traba.org\/trabablog\/wp-content\/uploads\/2008\/06\/2008-06-27-festa-ics-022-thumb.jpg\" border=\"0\" alt=\"2008-06-27 Festa ICS 022\" width=\"504\" height=\"379\" \/><\/a><\/p>\n<p>Per\u00f2 el que realment volia fotografiar \u00e9s com ballaven.<\/p>\n<p><a href=\"http:\/\/www.traba.org\/trabablog\/wp-content\/uploads\/2008\/06\/2008-06-27-festa-ics-024.jpg\"><img loading=\"lazy\" decoding=\"async\" style=\"border-right: 0px; border-top: 0px; border-left: 0px; border-bottom: 0px\" src=\"http:\/\/www.traba.org\/trabablog\/wp-content\/uploads\/2008\/06\/2008-06-27-festa-ics-024-thumb.jpg\" border=\"0\" alt=\"2008-06-27 Festa ICS 024\" width=\"504\" height=\"379\" \/><\/a><\/p>\n<p><a href=\"http:\/\/www.traba.org\/trabablog\/wp-content\/uploads\/2008\/06\/2008-06-27-festa-ics-023.jpg\"><img loading=\"lazy\" decoding=\"async\" style=\"border-right: 0px; border-top: 0px; border-left: 0px; border-bottom: 0px\" src=\"http:\/\/www.traba.org\/trabablog\/wp-content\/uploads\/2008\/06\/2008-06-27-festa-ics-023-thumb.jpg\" border=\"0\" alt=\"2008-06-27 Festa ICS 023\" width=\"504\" height=\"379\" \/><\/a><\/p>\n<p>I per fi a les 23h vam trobar a la Montse!<\/p>\n<p><a href=\"http:\/\/www.traba.org\/trabablog\/wp-content\/uploads\/2008\/06\/2008-06-27-festa-ics-025.jpg\"><img loading=\"lazy\" decoding=\"async\" style=\"border-right: 0px; border-top: 0px; border-left: 0px; border-bottom: 0px\" src=\"http:\/\/www.traba.org\/trabablog\/wp-content\/uploads\/2008\/06\/2008-06-27-festa-ics-025-thumb.jpg\" border=\"0\" alt=\"2008-06-27 Festa ICS 025\" width=\"504\" height=\"379\" \/><\/a><\/p>\n<p>Aqu\u00ed hem quedat tots prou b\u00e9 \ud83d\ude42<\/p>\n<p><a href=\"http:\/\/www.traba.org\/trabablog\/wp-content\/uploads\/2008\/06\/2008-06-27-festa-ics-027.jpg\"><img loading=\"lazy\" decoding=\"async\" style=\"border-right: 0px; border-top: 0px; border-left: 0px; border-bottom: 0px\" src=\"http:\/\/www.traba.org\/trabablog\/wp-content\/uploads\/2008\/06\/2008-06-27-festa-ics-027-thumb.jpg\" border=\"0\" alt=\"2008-06-27 Festa ICS 027\" width=\"504\" height=\"379\" \/><\/a><\/p>\n<p>No s\u00e9 com descriure aquesa foto&#8230;<\/p>\n<p><a href=\"http:\/\/www.traba.org\/trabablog\/wp-content\/uploads\/2008\/06\/2008-06-27-festa-ics-033.jpg\"><img loading=\"lazy\" decoding=\"async\" style=\"border-right: 0px; border-top: 0px; border-left: 0px; border-bottom: 0px\" src=\"http:\/\/www.traba.org\/trabablog\/wp-content\/uploads\/2008\/06\/2008-06-27-festa-ics-033-thumb.jpg\" border=\"0\" alt=\"2008-06-27 Festa ICS 033\" width=\"504\" height=\"379\" \/><\/a><\/p>\n<p>Per cert, que l&#8217;Anna s&#8217;havia de submergit 2 cops el dia seg\u00fcent&#8230; no s\u00e9 jo qu\u00e8 haur\u00e0 fet&#8230;<\/p>\n<p><a href=\"http:\/\/www.traba.org\/trabablog\/wp-content\/uploads\/2008\/06\/2008-06-27-festa-ics-034.jpg\"><img loading=\"lazy\" decoding=\"async\" style=\"border-right: 0px; border-top: 0px; border-left: 0px; border-bottom: 0px\" src=\"http:\/\/www.traba.org\/trabablog\/wp-content\/uploads\/2008\/06\/2008-06-27-festa-ics-034-thumb.jpg\" border=\"0\" alt=\"2008-06-27 Festa ICS 034\" width=\"504\" height=\"379\" \/><\/a><\/p>\n<p>Una altra de grup.<\/p>\n<p><a href=\"http:\/\/www.traba.org\/trabablog\/wp-content\/uploads\/2008\/06\/2008-06-27-festa-ics-035.jpg\"><img loading=\"lazy\" decoding=\"async\" style=\"border-right: 0px; border-top: 0px; border-left: 0px; border-bottom: 0px\" src=\"http:\/\/www.traba.org\/trabablog\/wp-content\/uploads\/2008\/06\/2008-06-27-festa-ics-035-thumb.jpg\" border=\"0\" alt=\"2008-06-27 Festa ICS 035\" width=\"504\" height=\"379\" \/><\/a><\/p>\n<p>Les copes i l&#8217;anella ol\u00edmpica.<\/p>\n<p><a href=\"http:\/\/www.traba.org\/trabablog\/wp-content\/uploads\/2008\/06\/2008-06-27-festa-ics-040.jpg\"><img loading=\"lazy\" decoding=\"async\" style=\"border-right: 0px; border-top: 0px; border-left: 0px; border-bottom: 0px\" src=\"http:\/\/www.traba.org\/trabablog\/wp-content\/uploads\/2008\/06\/2008-06-27-festa-ics-040-thumb.jpg\" border=\"0\" alt=\"2008-06-27 Festa ICS 040\" width=\"504\" height=\"379\" \/><\/a><\/p>\n<p>Un vistazo general.<\/p>\n<p><a href=\"http:\/\/www.traba.org\/trabablog\/wp-content\/uploads\/2008\/06\/2008-06-27-festa-ics-044.jpg\"><img loading=\"lazy\" decoding=\"async\" style=\"border-right: 0px; border-top: 0px; border-left: 0px; border-bottom: 0px\" src=\"http:\/\/www.traba.org\/trabablog\/wp-content\/uploads\/2008\/06\/2008-06-27-festa-ics-044-thumb.jpg\" border=\"0\" alt=\"2008-06-27 Festa ICS 044\" width=\"504\" height=\"379\" \/><\/a><\/p>\n<p>A mitja festa vam perdre a la Lui&#8230; per\u00f2 la vam tornar a trobar.<\/p>\n<p><a href=\"http:\/\/www.traba.org\/trabablog\/wp-content\/uploads\/2008\/06\/2008-06-27-festa-ics-051.jpg\"><img loading=\"lazy\" decoding=\"async\" style=\"border-right: 0px; border-top: 0px; border-left: 0px; border-bottom: 0px\" src=\"http:\/\/www.traba.org\/trabablog\/wp-content\/uploads\/2008\/06\/2008-06-27-festa-ics-051-thumb.jpg\" border=\"0\" alt=\"2008-06-27 Festa ICS 051\" width=\"504\" height=\"379\" \/><\/a><\/p>\n<p>I la Montse, sortint de fer un pip\u00ed!<\/p>\n<p><a href=\"http:\/\/www.traba.org\/trabablog\/wp-content\/uploads\/2008\/06\/2008-06-27-festa-ics-057.jpg\"><img loading=\"lazy\" decoding=\"async\" style=\"border-right: 0px; border-top: 0px; border-left: 0px; border-bottom: 0px\" src=\"http:\/\/www.traba.org\/trabablog\/wp-content\/uploads\/2008\/06\/2008-06-27-festa-ics-057-thumb.jpg\" border=\"0\" alt=\"2008-06-27 Festa ICS 057\" width=\"504\" height=\"379\" \/><\/a><\/p>\n<p>El Pep Davins i la Lui.<\/p>\n<p><a href=\"http:\/\/www.traba.org\/trabablog\/wp-content\/uploads\/2008\/06\/2008-06-27-festa-ics-069.jpg\"><img loading=\"lazy\" decoding=\"async\" style=\"border-right: 0px; border-top: 0px; border-left: 0px; border-bottom: 0px\" src=\"http:\/\/www.traba.org\/trabablog\/wp-content\/uploads\/2008\/06\/2008-06-27-festa-ics-069-thumb.jpg\" border=\"0\" alt=\"2008-06-27 Festa ICS 069\" width=\"504\" height=\"379\" \/><\/a><\/p>\n<p>I a la 1 marx\u00e0vem de la festa. Mireu la cama de l&#8217;Albert, no cap al K!!!<\/p>\n<p><a href=\"http:\/\/www.traba.org\/trabablog\/wp-content\/uploads\/2008\/06\/2008-06-27-festa-ics-071.jpg\"><img loading=\"lazy\" decoding=\"async\" style=\"border-right: 0px; border-top: 0px; border-left: 0px; border-bottom: 0px\" src=\"http:\/\/www.traba.org\/trabablog\/wp-content\/uploads\/2008\/06\/2008-06-27-festa-ics-071-thumb.jpg\" border=\"0\" alt=\"2008-06-27 Festa ICS 071\" width=\"504\" height=\"379\" \/><\/a><\/p>\n<p>I despr\u00e9s a la Caseta del Migdia a fer unes cervecillas i uns cigarros amb condimento.<\/p>\n<p><a href=\"http:\/\/www.traba.org\/trabablog\/wp-content\/uploads\/2008\/06\/2008-06-27-festa-ics-080.jpg\"><img loading=\"lazy\" decoding=\"async\" style=\"border-right: 0px; border-top: 0px; border-left: 0px; border-bottom: 0px\" src=\"http:\/\/www.traba.org\/trabablog\/wp-content\/uploads\/2008\/06\/2008-06-27-festa-ics-080-thumb.jpg\" border=\"0\" alt=\"2008-06-27 Festa ICS 080\" width=\"504\" height=\"379\" \/><\/a><\/p>\n<p>I a fer la pose de la Lui \ud83d\ude42 Aqu\u00ed he de posar les dues fotos. No puc triar!<\/p>\n<p><a href=\"http:\/\/www.traba.org\/trabablog\/wp-content\/uploads\/2008\/06\/2008-06-27-festa-ics-093.jpg\"><img loading=\"lazy\" decoding=\"async\" style=\"border-right: 0px; border-top: 0px; border-left: 0px; border-bottom: 0px\" src=\"http:\/\/www.traba.org\/trabablog\/wp-content\/uploads\/2008\/06\/2008-06-27-festa-ics-093-thumb.jpg\" border=\"0\" alt=\"2008-06-27 Festa ICS 093\" width=\"504\" height=\"379\" \/><\/a><\/p>\n<p><a href=\"http:\/\/www.traba.org\/trabablog\/wp-content\/uploads\/2008\/06\/2008-06-27-festa-ics-094.jpg\"><img loading=\"lazy\" decoding=\"async\" style=\"border-right: 0px; border-top: 0px; border-left: 0px; border-bottom: 0px\" src=\"http:\/\/www.traba.org\/trabablog\/wp-content\/uploads\/2008\/06\/2008-06-27-festa-ics-094-thumb.jpg\" border=\"0\" alt=\"2008-06-27 Festa ICS 094\" width=\"504\" height=\"379\" \/><\/a><\/p>\n<p>I ja marxant del la volta al castell a les 3.<\/p>\n<p><a href=\"http:\/\/www.traba.org\/trabablog\/wp-content\/uploads\/2008\/06\/2008-06-27-festa-ics-097.jpg\"><img loading=\"lazy\" decoding=\"async\" style=\"border-right: 0px; border-top: 0px; border-left: 0px; border-bottom: 0px\" src=\"http:\/\/www.traba.org\/trabablog\/wp-content\/uploads\/2008\/06\/2008-06-27-festa-ics-097-thumb.jpg\" border=\"0\" alt=\"2008-06-27 Festa ICS 097\" width=\"504\" height=\"379\" \/><\/a><\/p>\n<p>Per\u00f2 no vam anar a casa, sin\u00f3 a un karaoke! Abans per\u00f2 vam deixar a l&#8217;Anna a casa seva&#8230; Jo no havia anat amb a cap karaoke, per\u00f2 \u00e9s un tongo! L&#8217;Albert i la Lui es van apuntar i despr\u00e9s d&#8217;1 hora encara no els havien cridat!<\/p>\n<p><a href=\"http:\/\/www.traba.org\/trabablog\/wp-content\/uploads\/2008\/06\/2008-06-27-festa-ics-100.jpg\"><img loading=\"lazy\" decoding=\"async\" style=\"border-right: 0px; border-top: 0px; border-left: 0px; border-bottom: 0px\" src=\"http:\/\/www.traba.org\/trabablog\/wp-content\/uploads\/2008\/06\/2008-06-27-festa-ics-100-thumb.jpg\" border=\"0\" alt=\"2008-06-27 Festa ICS 100\" width=\"504\" height=\"379\" \/><\/a><\/p>\n<p>I cap a casa&#8230; i el mat\u00ed seg\u00fcent, a conviure amb la resaca, almenys jo!<\/p>\n<p>Fins la propera!<\/p>\n<p>Mireia<\/p>\n","protected":false},"excerpt":{"rendered":"<p>Una festa muntada per pillar la gran papa: donaven alcohol sense l\u00edmits! En fins&#8230; ara penjar\u00e9 algunes fotos&#8230; A mesura que avan\u00e7a la nit, la qualitat empitjora&#8230; Vam marxar a&#8230;<\/p>\n","protected":false},"author":5,"featured_media":0,"comment_status":"open","ping_status":"open","sticky":false,"template":"","format":"standard","meta":{"_monsterinsights_skip_tracking":false,"_monsterinsights_sitenote_active":false,"_monsterinsights_sitenote_note":"","_monsterinsights_sitenote_category":0,"footnotes":""},"categories":[9],"tags":[],"class_list":["post-260","post","type-post","status-publish","format-standard","hentry","category-celebracions-varies"],"_links":{"self":[{"href":"http:\/\/traba.org\/trabablog\/index.php?rest_route=\/wp\/v2\/posts\/260","targetHints":{"allow":["GET"]}}],"collection":[{"href":"http:\/\/traba.org\/trabablog\/index.php?rest_route=\/wp\/v2\/posts"}],"about":[{"href":"http:\/\/traba.org\/trabablog\/index.php?rest_route=\/wp\/v2\/types\/post"}],"author":[{"embeddable":true,"href":"http:\/\/traba.org\/trabablog\/index.php?rest_route=\/wp\/v2\/users\/5"}],"replies":[{"embeddable":true,"href":"http:\/\/traba.org\/trabablog\/index.php?rest_route=%2Fwp%2Fv2%2Fcomments&post=260"}],"version-history":[{"count":0,"href":"http:\/\/traba.org\/trabablog\/index.php?rest_route=\/wp\/v2\/posts\/260\/revisions"}],"wp:attachment":[{"href":"http:\/\/traba.org\/trabablog\/index.php?rest_route=%2Fwp%2Fv2%2Fmedia&parent=260"}],"wp:term":[{"taxonomy":"category","embeddable":true,"href":"http:\/\/traba.org\/trabablog\/index.php?rest_route=%2Fwp%2Fv2%2Fcategories&post=260"},{"taxonomy":"post_tag","embeddable":true,"href":"http:\/\/traba.org\/trabablog\/index.php?rest_route=%2Fwp%2Fv2%2Ftags&post=260"}],"curies":[{"name":"wp","href":"https:\/\/api.w.org\/{rel}","templated":true}]}}