{"id":34,"date":"2007-09-21T00:37:46","date_gmt":"2007-09-20T22:37:46","guid":{"rendered":"http:\/\/www.traba.org\/trabablog\/?p=34"},"modified":"2007-09-21T00:41:39","modified_gmt":"2007-09-20T22:41:39","slug":"34","status":"publish","type":"post","link":"http:\/\/traba.org\/trabablog\/?p=34","title":{"rendered":"El cablecillo de marras"},"content":{"rendered":"<p>M&#8217;he sentit molt korki quan m&#8217;has dit lo de la tarja, Laia. Per\u00f2 ara veig que necessito el cable, la tarja de la c\u00e0mera no passa pels forats de l&#8217;ordinador. Aix\u00ed que si que necessito el cable, el mini USB -&gt; USB.<br \/>\n<img loading=\"lazy\" decoding=\"async\" src=\"http:\/\/www.mercadolibre.com.ar\/jm\/img?s=MLA&amp;f=17331246_5485.jpg&amp;v=O\" height=\"300\" width=\"300\" \/><\/p>\n<p>He guanyat la meva primera partida al <em>Civilisation<\/em>, amb al construcci\u00f3 de la <em>nave espacial<\/em>, per\u00f2 m&#8217;he quedat a un turno de guanyar per m\u00e0xim de punts a l&#8217;any 2050 i a 20 vots de ser <em>presidente del mundo<\/em> \ud83d\ude42 I no, no tinc extensions del Civ IV, i no s\u00e9 si les vull! M&#8217;he passat moltes hores aquests dies jugant al <em>Civilisation<\/em>&#8230;<\/p>\n<p>Una preguntes sobre el barril de cervesa de 5 litres de Heineken. Amb les 10 hores a la nevera, n&#8217;hi ha prou per refredar-lo? \u00c9s que nosaltres l&#8217;hem tingut com 24 hores a la nevera i no \u00e9s que surti molt fred. Alg\u00fa t\u00e9 m\u00e9s experi\u00e8ncia que nosaltres amb el tema?<br \/>\n<img loading=\"lazy\" decoding=\"async\" src=\"http:\/\/farm2.static.flickr.com\/1040\/556717995_44c1483ef0.jpg?v=0\" height=\"375\" width=\"500\" \/><\/p>\n<p>Una altra pregunta: quan tot d&#8217;ovelles van caminant per un cam\u00ed (no travessant, sin\u00f3 passejant) i tu les atrapes amb el cotxe, qu\u00e8 representa que has de fer? Esperar a que passin (que \u00e9s el qu\u00e8 hem fet) o tirar i ja s&#8217;apartaran?<br \/>\n<img loading=\"lazy\" decoding=\"async\" src=\"http:\/\/farm1.static.flickr.com\/47\/139061385_4efe79c9da.jpg?v=0\" height=\"375\" width=\"500\" \/><\/p>\n<p>Pos res, dem\u00e0 ja podr\u00e9 posar les meves fotos.<\/p>\n<p>Mireia.<\/p>\n","protected":false},"excerpt":{"rendered":"<p>M&#8217;he sentit molt korki quan m&#8217;has dit lo de la tarja, Laia. Per\u00f2 ara veig que necessito el cable, la tarja de la c\u00e0mera no passa pels forats de l&#8217;ordinador&#8230;.<\/p>\n","protected":false},"author":5,"featured_media":0,"comment_status":"open","ping_status":"open","sticky":false,"template":"","format":"standard","meta":{"_monsterinsights_skip_tracking":false,"_monsterinsights_sitenote_active":false,"_monsterinsights_sitenote_note":"","_monsterinsights_sitenote_category":0,"footnotes":""},"categories":[5,4],"tags":[],"class_list":["post-34","post","type-post","status-publish","format-standard","hentry","category-benasque-2007","category-vacances"],"_links":{"self":[{"href":"http:\/\/traba.org\/trabablog\/index.php?rest_route=\/wp\/v2\/posts\/34","targetHints":{"allow":["GET"]}}],"collection":[{"href":"http:\/\/traba.org\/trabablog\/index.php?rest_route=\/wp\/v2\/posts"}],"about":[{"href":"http:\/\/traba.org\/trabablog\/index.php?rest_route=\/wp\/v2\/types\/post"}],"author":[{"embeddable":true,"href":"http:\/\/traba.org\/trabablog\/index.php?rest_route=\/wp\/v2\/users\/5"}],"replies":[{"embeddable":true,"href":"http:\/\/traba.org\/trabablog\/index.php?rest_route=%2Fwp%2Fv2%2Fcomments&post=34"}],"version-history":[{"count":0,"href":"http:\/\/traba.org\/trabablog\/index.php?rest_route=\/wp\/v2\/posts\/34\/revisions"}],"wp:attachment":[{"href":"http:\/\/traba.org\/trabablog\/index.php?rest_route=%2Fwp%2Fv2%2Fmedia&parent=34"}],"wp:term":[{"taxonomy":"category","embeddable":true,"href":"http:\/\/traba.org\/trabablog\/index.php?rest_route=%2Fwp%2Fv2%2Fcategories&post=34"},{"taxonomy":"post_tag","embeddable":true,"href":"http:\/\/traba.org\/trabablog\/index.php?rest_route=%2Fwp%2Fv2%2Ftags&post=34"}],"curies":[{"name":"wp","href":"https:\/\/api.w.org\/{rel}","templated":true}]}}