{"id":3453,"date":"2010-06-26T00:45:29","date_gmt":"2010-06-25T22:45:29","guid":{"rendered":"http:\/\/www.traba.org\/trabablog\/?p=3453"},"modified":"2010-06-26T00:45:29","modified_gmt":"2010-06-25T22:45:29","slug":"tirso-de-molina-sol-gran-via-tribunal","status":"publish","type":"post","link":"http:\/\/traba.org\/trabablog\/?p=3453","title":{"rendered":"tirso de molina, sol, gran v\u00eda tribunal"},"content":{"rendered":"<p>Poseu el play al anar llegint el post \ud83d\ude42<\/p>\n<p><object width=\"480\" height=\"385\"><param name=\"movie\" value=\"http:\/\/www.youtube.com\/v\/yAbIPr0dc5o&amp;hl=es_ES&amp;fs=1&amp;color1=0x234900&amp;color2=0x4e9e00\" \/><param name=\"allowFullScreen\" value=\"true\" \/><param name=\"allowscriptaccess\" value=\"always\" \/><embed src=\"http:\/\/www.youtube.com\/v\/yAbIPr0dc5o&amp;hl=es_ES&amp;fs=1&amp;color1=0x234900&amp;color2=0x4e9e00\" type=\"application\/x-shockwave-flash\" allowscriptaccess=\"always\" allowfullscreen=\"true\" width=\"480\" height=\"385\" \/><\/object><\/p>\n<p>El <a href=\"http:\/\/foursquare.com\/venue\/4537952\">Bar el Jam\u00f3n<\/a>! Cada cop que venim a Madrid, hi hem d&#8217;anar a dinar. 7 euros amb amanida, primer, segon i postre o caf\u00e8. Ha costat avui dinar 6 el qu\u00e8 ahir va costar 1 al japo!<\/p>\n<p><img loading=\"lazy\" decoding=\"async\" alt=\"Imagen\" src=\"http:\/\/www.traba.org\/trabablog\/wp-content\/uploads\/2010\/06\/imagen-312.jpg\" width=\"450\" height=\"337\" \/><\/p>\n<p>M&#8217;ha cridat aquesta pintada.<\/p>\n<p><img loading=\"lazy\" decoding=\"async\" alt=\"Imagen\" src=\"http:\/\/www.traba.org\/trabablog\/wp-content\/uploads\/2010\/06\/imagen-313.jpg\" width=\"450\" height=\"337\" \/><\/p>\n<p>I ara, la can\u00e7\u00f3 \ud83d\ude42<\/p>\n<p>&#8230; Tirso de Molina&#8230;<\/p>\n<p><img loading=\"lazy\" decoding=\"async\" alt=\"Imagen\" src=\"http:\/\/www.traba.org\/trabablog\/wp-content\/uploads\/2010\/06\/imagen-314.jpg\" width=\"450\" height=\"600\" \/><\/p>\n<p>Amb pantalons i gorra de conjunt.<\/p>\n<p><img loading=\"lazy\" decoding=\"async\" alt=\"Imagen\" src=\"http:\/\/www.traba.org\/trabablog\/wp-content\/uploads\/2010\/06\/imagen-315.jpg\" width=\"450\" height=\"600\" \/><\/p>\n<p>&#8230; Sol&#8230;<\/p>\n<p><img loading=\"lazy\" decoding=\"async\" alt=\"Imagen\" src=\"http:\/\/www.traba.org\/trabablog\/wp-content\/uploads\/2010\/06\/imagen-316.jpg\" width=\"450\" height=\"337\" \/><\/p>\n<p>&#8230; Gran V\u00eda&#8230;<\/p>\n<p><img loading=\"lazy\" decoding=\"async\" alt=\"Imagen\" src=\"http:\/\/www.traba.org\/trabablog\/wp-content\/uploads\/2010\/06\/imagen-317.jpg\" width=\"450\" height=\"337\" \/><\/p>\n<p>&#8230; Tribunal&#8230;<\/p>\n<p><img loading=\"lazy\" decoding=\"async\" alt=\"Imagen\" src=\"http:\/\/www.traba.org\/trabablog\/wp-content\/uploads\/2010\/06\/imagen-318.jpg\" width=\"450\" height=\"600\" \/><\/p>\n<p>Callejeando \ud83d\ude42 de fet estaven esperant que fes les fotos&#8230;<\/p>\n<p><img loading=\"lazy\" decoding=\"async\" alt=\"Imagen\" src=\"http:\/\/www.traba.org\/trabablog\/wp-content\/uploads\/2010\/06\/imagen-319.jpg\" width=\"450\" height=\"600\" \/><\/p>\n<p>A tot arreu hi ha banderes, mai n&#8217;havia vist tantes de seguides.<\/p>\n<p><img loading=\"lazy\" decoding=\"async\" alt=\"Imagen\" src=\"http:\/\/www.traba.org\/trabablog\/wp-content\/uploads\/2010\/06\/imagen-320.jpg\" width=\"450\" height=\"337\" \/><\/p>\n<p>I com no, una partideta al munchkin.<\/p>\n<p><img loading=\"lazy\" decoding=\"async\" alt=\"Imagen\" src=\"http:\/\/www.traba.org\/trabablog\/wp-content\/uploads\/2010\/06\/imagen-321.jpg\" width=\"450\" height=\"337\" \/><\/p>\n<p>I a c\u00f3rrer pel Retiro.<\/p>\n<p><img loading=\"lazy\" decoding=\"async\" alt=\"Imagen\" src=\"http:\/\/www.traba.org\/trabablog\/wp-content\/uploads\/2010\/06\/imagen-322.jpg\" width=\"450\" height=\"600\" \/><\/p>\n<p>Potser aquesta foto desapareix del bloc si l&#8217;Ermen m&#8217;ho demana \ud83d\ude09 La Luza estava celebrant un gol.<\/p>\n<p><img loading=\"lazy\" decoding=\"async\" alt=\"Imagen\" src=\"http:\/\/www.traba.org\/trabablog\/wp-content\/uploads\/2010\/06\/imagen-323.jpg\" width=\"450\" height=\"337\" \/><\/p>\n<p>Atenci\u00f3n, pista del concurs: si, era de mastegar i si, de mastegar xiclet. Per\u00f2 de normal no et fan mal els maseteros de mastegar xiclet. Per quin motiu el xiclet est\u00e0 m\u00e9s dur de lo normal?<\/p>\n","protected":false},"excerpt":{"rendered":"<p>Poseu el play al anar llegint el post \ud83d\ude42 El Bar el Jam\u00f3n! Cada cop que venim a Madrid, hi hem d&#8217;anar a dinar. 7 euros amb amanida, primer, segon&#8230;<\/p>\n","protected":false},"author":5,"featured_media":0,"comment_status":"open","ping_status":"open","sticky":false,"template":"","format":"standard","meta":{"_monsterinsights_skip_tracking":false,"_monsterinsights_sitenote_active":false,"_monsterinsights_sitenote_note":"","_monsterinsights_sitenote_category":0,"footnotes":""},"categories":[4],"tags":[],"class_list":["post-3453","post","type-post","status-publish","format-standard","hentry","category-vacances"],"_links":{"self":[{"href":"http:\/\/traba.org\/trabablog\/index.php?rest_route=\/wp\/v2\/posts\/3453","targetHints":{"allow":["GET"]}}],"collection":[{"href":"http:\/\/traba.org\/trabablog\/index.php?rest_route=\/wp\/v2\/posts"}],"about":[{"href":"http:\/\/traba.org\/trabablog\/index.php?rest_route=\/wp\/v2\/types\/post"}],"author":[{"embeddable":true,"href":"http:\/\/traba.org\/trabablog\/index.php?rest_route=\/wp\/v2\/users\/5"}],"replies":[{"embeddable":true,"href":"http:\/\/traba.org\/trabablog\/index.php?rest_route=%2Fwp%2Fv2%2Fcomments&post=3453"}],"version-history":[{"count":0,"href":"http:\/\/traba.org\/trabablog\/index.php?rest_route=\/wp\/v2\/posts\/3453\/revisions"}],"wp:attachment":[{"href":"http:\/\/traba.org\/trabablog\/index.php?rest_route=%2Fwp%2Fv2%2Fmedia&parent=3453"}],"wp:term":[{"taxonomy":"category","embeddable":true,"href":"http:\/\/traba.org\/trabablog\/index.php?rest_route=%2Fwp%2Fv2%2Fcategories&post=3453"},{"taxonomy":"post_tag","embeddable":true,"href":"http:\/\/traba.org\/trabablog\/index.php?rest_route=%2Fwp%2Fv2%2Ftags&post=3453"}],"curies":[{"name":"wp","href":"https:\/\/api.w.org\/{rel}","templated":true}]}}