{"id":3460,"date":"2010-06-26T23:07:47","date_gmt":"2010-06-26T21:07:47","guid":{"rendered":"http:\/\/www.traba.org\/trabablog\/?p=3460"},"modified":"2010-06-26T23:07:47","modified_gmt":"2010-06-26T21:07:47","slug":"se-acerca-el-verano","status":"publish","type":"post","link":"http:\/\/traba.org\/trabablog\/?p=3460","title":{"rendered":"se acerca el verano"},"content":{"rendered":"<p>Quina calor. V\u00e0ries p\u00e0jares ens han agafat avui per la calor. I pel menjar hipercal\u00f2ric. Aquesta \u00e9s la plaza Olavide, tota de terrassetes que et d\u00f3nen tapes i cervesa. Unes braves, una morcilla i un pincho de tortilla amb cervesa i 35 graus a la sombra&#8230; p\u00e0jara assegurada \ud83d\ude42<\/p>\n<p><img loading=\"lazy\" decoding=\"async\" alt=\"Imagen\" src=\"http:\/\/www.traba.org\/trabablog\/wp-content\/uploads\/2010\/06\/imagen-324.jpg\" width=\"450\" height=\"337\" \/><\/p>\n<p>Per recuperar-nos, a la casa de campo. El Leo i la Luza venien de veure unes cases ecol\u00f2giques.<\/p>\n<p><img loading=\"lazy\" decoding=\"async\" alt=\"Imagen\" src=\"http:\/\/www.traba.org\/trabablog\/wp-content\/uploads\/2010\/06\/imagen-325.jpg\" width=\"450\" height=\"600\" \/><\/p>\n<p>Ens hem intentat llegir les instruccions de juego de tronos, per\u00f2 no hem acabat encara. No sabem com ha quedat l&#8217;Ermen en el seu campionat nacional! Ermen, si em llegeixes, ja dir\u00e0s en quina posici\u00f3 has quedat i si anir\u00e0s a Minneapolis \ud83d\ude1b<\/p>\n<p><img loading=\"lazy\" decoding=\"async\" alt=\"Imagen\" src=\"http:\/\/www.traba.org\/trabablog\/wp-content\/uploads\/2010\/06\/imagen-326.jpg\" width=\"450\" height=\"600\" \/><\/p>\n<p>Tirats per all\u00e0 \ud83d\ude42<\/p>\n<p><img loading=\"lazy\" decoding=\"async\" alt=\"Imagen\" src=\"http:\/\/www.traba.org\/trabablog\/wp-content\/uploads\/2010\/06\/imagen-327.jpg\" width=\"450\" height=\"600\" \/><\/p>\n<p>Perdent el temps per passar les hores m\u00e9s caluroses.<\/p>\n<p><img loading=\"lazy\" decoding=\"async\" alt=\"Imagen\" src=\"http:\/\/www.traba.org\/trabablog\/wp-content\/uploads\/2010\/06\/imagen-328.jpg\" width=\"450\" height=\"337\" \/><\/p>\n<p>I despr\u00e9s de no trobar un geocach\u00e9 prop del telef\u00e8ric de la casa de campo, l&#8217;hem agafat.<\/p>\n<p><img loading=\"lazy\" decoding=\"async\" alt=\"Imagen\" src=\"http:\/\/www.traba.org\/trabablog\/wp-content\/uploads\/2010\/06\/imagen-329.jpg\" width=\"450\" height=\"337\" \/><\/p>\n<p>Uns mojitos i cahipirinhas al <a href=\"http:\/\/foursquare.com\/venue\/1997369\">Malandr\u00edn<\/a> a la Latina (millors els de casa Paco, ni punt de comparaci\u00f3, de fet). I dem\u00e0, de tornada \ud83d\ude41 amb lo b\u00e9 que s&#8217;est\u00e0 de vacances. Per cert, s&#8217;ha acabat el concurs perqu\u00e8 normalment l&#8217;\u00faltim dia de vacances, no faig bloc. El xiclet estava massa dur perqu\u00e8 el barrejava amb aigua freda i per aix\u00f2 es quedava m\u00e9s dur. S&#8217;havia d&#8217;encertar tota la hist\u00f2ria, com a les <a href=\"http:\/\/www.zonafandom.com\/juegos-de-cartas\/black-stories-juguemos-a-resolver-enigmas\">Black Stories<\/a>. Fins la tornada!<\/p>\n","protected":false},"excerpt":{"rendered":"<p>Quina calor. V\u00e0ries p\u00e0jares ens han agafat avui per la calor. I pel menjar hipercal\u00f2ric. Aquesta \u00e9s la plaza Olavide, tota de terrassetes que et d\u00f3nen tapes i cervesa. Unes&#8230;<\/p>\n","protected":false},"author":5,"featured_media":0,"comment_status":"open","ping_status":"open","sticky":false,"template":"","format":"standard","meta":{"_monsterinsights_skip_tracking":false,"_monsterinsights_sitenote_active":false,"_monsterinsights_sitenote_note":"","_monsterinsights_sitenote_category":0,"footnotes":""},"categories":[4],"tags":[],"class_list":["post-3460","post","type-post","status-publish","format-standard","hentry","category-vacances"],"_links":{"self":[{"href":"http:\/\/traba.org\/trabablog\/index.php?rest_route=\/wp\/v2\/posts\/3460","targetHints":{"allow":["GET"]}}],"collection":[{"href":"http:\/\/traba.org\/trabablog\/index.php?rest_route=\/wp\/v2\/posts"}],"about":[{"href":"http:\/\/traba.org\/trabablog\/index.php?rest_route=\/wp\/v2\/types\/post"}],"author":[{"embeddable":true,"href":"http:\/\/traba.org\/trabablog\/index.php?rest_route=\/wp\/v2\/users\/5"}],"replies":[{"embeddable":true,"href":"http:\/\/traba.org\/trabablog\/index.php?rest_route=%2Fwp%2Fv2%2Fcomments&post=3460"}],"version-history":[{"count":0,"href":"http:\/\/traba.org\/trabablog\/index.php?rest_route=\/wp\/v2\/posts\/3460\/revisions"}],"wp:attachment":[{"href":"http:\/\/traba.org\/trabablog\/index.php?rest_route=%2Fwp%2Fv2%2Fmedia&parent=3460"}],"wp:term":[{"taxonomy":"category","embeddable":true,"href":"http:\/\/traba.org\/trabablog\/index.php?rest_route=%2Fwp%2Fv2%2Fcategories&post=3460"},{"taxonomy":"post_tag","embeddable":true,"href":"http:\/\/traba.org\/trabablog\/index.php?rest_route=%2Fwp%2Fv2%2Ftags&post=3460"}],"curies":[{"name":"wp","href":"https:\/\/api.w.org\/{rel}","templated":true}]}}