{"id":3662,"date":"2010-09-09T21:48:51","date_gmt":"2010-09-09T19:48:51","guid":{"rendered":"http:\/\/www.traba.org\/trabablog\/?p=3662"},"modified":"2010-09-15T09:43:03","modified_gmt":"2010-09-15T07:43:03","slug":"tu-bigote-como-mola-se-merece-una-ola-oleeee","status":"publish","type":"post","link":"http:\/\/traba.org\/trabablog\/?p=3662","title":{"rendered":"Tu bigote como mola se merece una ola! oleeee!"},"content":{"rendered":"<p>Avui una altra excursi\u00f3 de 8 km per la vall de Chistau i Plan. He descobert que s&#8217;ha de menjar m\u00e9s que no mengem a Barcelona, aix\u00f2 de passejar durant hores crema calories. Quins sorolls de panxa!<\/p>\n<p><img loading=\"lazy\" decoding=\"async\" src=\"http:\/\/www.traba.org\/trabablog\/wp-content\/uploads\/2010\/09\/imagen-4512.jpg\" alt=\"Imagen\" width=\"450\" height=\"293\" \/><\/p>\n<p>Hem comen\u00e7at a la Ermita de la Virgen Blanca, al costat del c\u00e0mping de Forcallos. I d&#8217;all\u00e0, pujant pel costat del riu Cinqueta.<\/p>\n<p><img loading=\"lazy\" decoding=\"async\" src=\"http:\/\/www.traba.org\/trabablog\/wp-content\/uploads\/2010\/09\/imagen-4342.jpg\" alt=\"Imagen\" width=\"450\" height=\"675\" \/><\/p>\n<p><span style=\"color: #0080ff;\"><strong>Pregunta 4<\/strong>: per tot el costat del riu, hi havia aquest arbre amb aquests fruits. Quins s\u00f3n?<\/span><\/p>\n<p><img loading=\"lazy\" decoding=\"async\" src=\"http:\/\/www.traba.org\/trabablog\/wp-content\/uploads\/2010\/09\/imagen-4362.jpg\" alt=\"Imagen\" width=\"450\" height=\"300\" \/><\/p>\n<p><img loading=\"lazy\" decoding=\"async\" src=\"http:\/\/www.traba.org\/trabablog\/wp-content\/uploads\/2010\/09\/imagen-4352.jpg\" alt=\"Imagen\" width=\"450\" height=\"300\" \/><\/p>\n<p>La paret del riu.<\/p>\n<p><img loading=\"lazy\" decoding=\"async\" src=\"http:\/\/www.traba.org\/trabablog\/wp-content\/uploads\/2010\/09\/imagen-4392.jpg\" alt=\"Imagen\" width=\"450\" height=\"300\" \/><\/p>\n<p>I els arbres de dalt de tot.<\/p>\n<p><img loading=\"lazy\" decoding=\"async\" src=\"http:\/\/www.traba.org\/trabablog\/wp-content\/uploads\/2010\/09\/imagen-4372.jpg\" alt=\"Imagen\" width=\"450\" height=\"300\" \/><\/p>\n<p>Una m\u00e0.<\/p>\n<p><img loading=\"lazy\" decoding=\"async\" src=\"http:\/\/www.traba.org\/trabablog\/wp-content\/uploads\/2010\/09\/imagen-4382.jpg\" alt=\"Imagen\" width=\"450\" height=\"300\" \/><\/p>\n<p>Un altre cop el riu, ja de cam\u00ed al refugi de Tebernes.<\/p>\n<p><img loading=\"lazy\" decoding=\"async\" src=\"http:\/\/www.traba.org\/trabablog\/wp-content\/uploads\/2010\/09\/imagen-4402.jpg\" alt=\"Imagen\" width=\"450\" height=\"675\" \/><\/p>\n<p>Una cabeza de drag\u00f3n. I jo estudiant en comptes de llegir juego de tronos.<\/p>\n<p><img loading=\"lazy\" decoding=\"async\" src=\"http:\/\/www.traba.org\/trabablog\/wp-content\/uploads\/2010\/09\/imagen-4412.jpg\" alt=\"Imagen\" width=\"450\" height=\"300\" \/><\/p>\n<p>M\u00e9s riu. Estava per tot arreu. Per\u00f2 els ossos no estaven per enlloc tot i que el paissatge s&#8217;assemblava una mica al de Canad\u00e0. Una mica, en petit&#8230;<\/p>\n<p><img loading=\"lazy\" decoding=\"async\" src=\"http:\/\/www.traba.org\/trabablog\/wp-content\/uploads\/2010\/09\/imagen-4422.jpg\" alt=\"Imagen\" width=\"450\" height=\"675\" \/><\/p>\n<p><span style=\"color: #0080ff;\"><strong>Pregunta 5<\/strong>: qu\u00e8 volen que fem quan llegim aquest cartell?<\/span><\/p>\n<p><img loading=\"lazy\" decoding=\"async\" src=\"http:\/\/www.traba.org\/trabablog\/wp-content\/uploads\/2010\/09\/imagen-4432.jpg\" alt=\"Imagen\" width=\"450\" height=\"300\" \/><\/p>\n<p>M\u00e9s vistes. Tinc la sensaci\u00f3 que totes les veieu iguals?<\/p>\n<p><img loading=\"lazy\" decoding=\"async\" src=\"http:\/\/www.traba.org\/trabablog\/wp-content\/uploads\/2010\/09\/imagen-4442.jpg\" alt=\"Imagen\" width=\"450\" height=\"300\" \/><\/p>\n<p>I finalment al refugi de Viad\u00f3s o Biad\u00f3s, segons alguna de les dues lleng\u00fces que no distingeixo, les vistes al Posets.<\/p>\n<p><span style=\"color: #0080ff;\"><strong>Pregunta 6<\/strong>: a quin idioma pertany Viad\u00f3s i a quin Biad\u00f3s?<\/span><\/p>\n<p><img loading=\"lazy\" decoding=\"async\" src=\"http:\/\/www.traba.org\/trabablog\/wp-content\/uploads\/2010\/09\/imagen-4452.jpg\" alt=\"Imagen\" width=\"450\" height=\"300\" \/><\/p>\n<p><span style=\"color: #0080ff;\"><strong>Pregunta 7<\/strong>: aquests edificis que es veuen, es diuen bordes. Per qu\u00e8 serveixen?<\/span><\/p>\n<p><img loading=\"lazy\" decoding=\"async\" src=\"http:\/\/www.traba.org\/trabablog\/wp-content\/uploads\/2010\/09\/imagen-4462.jpg\" alt=\"Imagen\" width=\"450\" height=\"300\" \/><\/p>\n<p>Quanta incultura, mare meva!<\/p>\n<p><span style=\"color: #0080ff;\"><strong>Pregunta 8<\/strong>: qui cony pinta els s\u00edmbols aquests a les pedres?<\/span><\/p>\n<p><img loading=\"lazy\" decoding=\"async\" src=\"http:\/\/www.traba.org\/trabablog\/wp-content\/uploads\/2010\/09\/imagen-4472.jpg\" alt=\"Imagen\" width=\"450\" height=\"675\" \/><\/p>\n<p>Flora i fauna.<\/p>\n<p><img loading=\"lazy\" decoding=\"async\" src=\"http:\/\/www.traba.org\/trabablog\/wp-content\/uploads\/2010\/09\/imagen-4482.jpg\" alt=\"Imagen\" width=\"450\" height=\"300\" \/><\/p>\n<p>Acabada l&#8217;excursi\u00f3, amb una gana que ens mor\u00edem, hem acabat al poble Plan. Eren les festes majors i en el restaurant on ens han donat dinar passades les 16h, hi havia tot gent que encara no havia anat a dormir.<\/p>\n[audio:http:\/\/www.traba.org\/trabablog\/wp-content\/uploads\/2010\/09\/bigote.mp3]\n<p>Com podeu veure (o sentir), hem demanat arroz con leche de postres i d&#8217;aqu\u00ed v\u00e9 el nom del post \ud83d\ude42<\/p>\n<p><span style=\"color: #0080ff;\"><strong>Pregunta 9<\/strong>: a plan el 1985 va passat una cosa curiosa, que es diu &#8216;carabana de mujeres&#8217; o &#8216;solteros de plan&#8217;. Es veu que eren tot d&#8217;homes solters sense dones al poble i van portar una carabana de dones&#8230; per\u00f2 no sabem com va acabar la cosa. Suposem que els que canten a l&#8217;audio s\u00f3n els fills d&#8217;aquests, per\u00f2 realment no sabem com acaba la hist\u00f2ria. Alg\u00fa ho pot descobrir?<\/span><\/p>\n<p>I les <em>amenities<\/em> que us deia. L&#8217;habitaci\u00f3 t\u00e9 un llit m\u00e9s gran que el nostre, i lo negre que penja del sostre \u00e9s una tele!<\/p>\n<p><img loading=\"lazy\" decoding=\"async\" src=\"http:\/\/www.traba.org\/trabablog\/wp-content\/uploads\/2010\/09\/imagen-4492.jpg\" alt=\"Imagen\" width=\"450\" height=\"300\" \/><\/p>\n<p>I una dutxa yacutzi. No molt c\u00f2moda, s&#8217;ha de dir. Vaig intentar usar-la i de qu\u00e8 no m&#8217;agafa una contractura cervical de les pessigolles que feia \ud83d\ude1b<\/p>\n<p><img loading=\"lazy\" decoding=\"async\" src=\"http:\/\/www.traba.org\/trabablog\/wp-content\/uploads\/2010\/09\/imagen-4502.jpg\" alt=\"Imagen\" width=\"450\" height=\"675\" \/><\/p>\n<p>I res, avui he decidit que havia d&#8217;estudiar abans de fer el post, i ja ho tinc tot fet \ud83d\ude42<\/p>\n<p><span style=\"color: #0080ff;\"><strong>Classificaci\u00f3 del concurs<\/strong>: Albert 3 punts!<\/span><\/p>\n<p><span style=\"color: black;\">Lo del regal va en serio! A la guanyadora de Jap\u00f3 li vam portar un regalet. A que si, Luza???<\/span><\/p>\n","protected":false},"excerpt":{"rendered":"<p>Avui una altra excursi\u00f3 de 8 km per la vall de Chistau i Plan. He descobert que s&#8217;ha de menjar m\u00e9s que no mengem a Barcelona, aix\u00f2 de passejar durant&#8230;<\/p>\n","protected":false},"author":5,"featured_media":0,"comment_status":"open","ping_status":"open","sticky":false,"template":"","format":"standard","meta":{"_monsterinsights_skip_tracking":false,"_monsterinsights_sitenote_active":false,"_monsterinsights_sitenote_note":"","_monsterinsights_sitenote_category":0,"footnotes":""},"categories":[66],"tags":[67,68],"class_list":["post-3662","post","type-post","status-publish","format-standard","hentry","category-pirineu-2010","tag-pirineu","tag-wikiloc"],"_links":{"self":[{"href":"http:\/\/traba.org\/trabablog\/index.php?rest_route=\/wp\/v2\/posts\/3662","targetHints":{"allow":["GET"]}}],"collection":[{"href":"http:\/\/traba.org\/trabablog\/index.php?rest_route=\/wp\/v2\/posts"}],"about":[{"href":"http:\/\/traba.org\/trabablog\/index.php?rest_route=\/wp\/v2\/types\/post"}],"author":[{"embeddable":true,"href":"http:\/\/traba.org\/trabablog\/index.php?rest_route=\/wp\/v2\/users\/5"}],"replies":[{"embeddable":true,"href":"http:\/\/traba.org\/trabablog\/index.php?rest_route=%2Fwp%2Fv2%2Fcomments&post=3662"}],"version-history":[{"count":14,"href":"http:\/\/traba.org\/trabablog\/index.php?rest_route=\/wp\/v2\/posts\/3662\/revisions"}],"predecessor-version":[{"id":3755,"href":"http:\/\/traba.org\/trabablog\/index.php?rest_route=\/wp\/v2\/posts\/3662\/revisions\/3755"}],"wp:attachment":[{"href":"http:\/\/traba.org\/trabablog\/index.php?rest_route=%2Fwp%2Fv2%2Fmedia&parent=3662"}],"wp:term":[{"taxonomy":"category","embeddable":true,"href":"http:\/\/traba.org\/trabablog\/index.php?rest_route=%2Fwp%2Fv2%2Fcategories&post=3662"},{"taxonomy":"post_tag","embeddable":true,"href":"http:\/\/traba.org\/trabablog\/index.php?rest_route=%2Fwp%2Fv2%2Ftags&post=3662"}],"curies":[{"name":"wp","href":"https:\/\/api.w.org\/{rel}","templated":true}]}}