{"id":3728,"date":"2010-09-13T00:12:08","date_gmt":"2010-09-12T22:12:08","guid":{"rendered":"http:\/\/www.traba.org\/trabablog\/?p=3728"},"modified":"2010-09-15T09:39:30","modified_gmt":"2010-09-15T07:39:30","slug":"com-les-carreteres-de-navarra-na-de-na","status":"publish","type":"post","link":"http:\/\/traba.org\/trabablog\/?p=3728","title":{"rendered":"Com les carreteres de Navarra, n\u00e1 de n\u00e1"},"content":{"rendered":"<p>Avui an\u00e0vem a anar a la zona c\u00e0rstica tocant amb Fran\u00e7a, per\u00f2 la boira no deixava veure ni 10 metres.<\/p>\n<p><font color=\"#0080FF\"><strong>Pregunta 12<\/strong>: i ja que estem, la boira s\u00f3n n\u00fabols baixos o la boira i els n\u00fabols s\u00f3n coses diferents?<\/font><\/p>\n<p>Esperant que se&#8217;n vagi la boira, hem anat a donar una volta per una fageda prop de Isaba.<\/p>\n<p><img loading=\"lazy\" decoding=\"async\" alt=\"Imagen\" src=\"http:\/\/www.traba.org\/trabablog\/wp-content\/uploads\/2010\/09\/imagen-492.jpg\" width=\"450\" height=\"675\" \/><\/p>\n<p><img loading=\"lazy\" decoding=\"async\" alt=\"Imagen\" src=\"http:\/\/www.traba.org\/trabablog\/wp-content\/uploads\/2010\/09\/imagen-493.jpg\" width=\"450\" height=\"300\" \/><\/p>\n<p>Dem\u00e0 ho intentarem un altre cop, lo de la zona c\u00e0rstica.<\/p>\n<p>Despr\u00e8s de molt pensar a veure qu\u00e8 f\u00e9iem, que ja era tard, hem anat a Zuriza a llegir en una pradera \ud83d\ude42<\/p>\n<p><img loading=\"lazy\" decoding=\"async\" alt=\"Imagen\" src=\"http:\/\/www.traba.org\/trabablog\/wp-content\/uploads\/2010\/09\/imagen-496.jpg\" width=\"450\" height=\"675\" \/><\/p>\n<p>I <a href=\"http:\/\/www.diccionari.cat\/lexicx.jsp?GECART=0111296\">pul\u00b7lular<\/a> \ud83d\ude42<\/p>\n<p>Per mi pul\u00b7lular no vol dir aix\u00f2! En fin&#8230; el diccionari s&#8217;ha de modernitzar.<\/p>\n<p><img loading=\"lazy\" decoding=\"async\" alt=\"Imagen\" src=\"http:\/\/www.traba.org\/trabablog\/wp-content\/uploads\/2010\/09\/imagen-494.jpg\" width=\"450\" height=\"300\" \/><\/p>\n<p>Les vistes mentre lleg\u00edem.<\/p>\n<p><img loading=\"lazy\" decoding=\"async\" alt=\"Imagen\" src=\"http:\/\/www.traba.org\/trabablog\/wp-content\/uploads\/2010\/09\/imagen-497.jpg\" width=\"450\" height=\"300\" \/><\/p>\n<p>Avui ens hem fet poques preguntes, que hem llegit molt!<\/p>\n<p><font color=\"#0080FF\"><strong>R\u00e0nking<\/strong>:<\/font><\/p>\n<ul>\n<li><font color=\"#0080FF\">Albert: 3 punts<\/font><\/li>\n<li><font color=\"#0080FF\">Joan: 7 punts. Per l&#8217;\u00e8poca de reproducci\u00f3 de les papallones i lo dels colors \ud83d\ude42<\/font><\/li>\n<li><font color=\"#0080FF\">Alaitz: 7 punts. Per haver complementat la informaci\u00f3 dels colors de les papallones.<\/font><\/li>\n<\/ul>\n","protected":false},"excerpt":{"rendered":"<p>Avui an\u00e0vem a anar a la zona c\u00e0rstica tocant amb Fran\u00e7a, per\u00f2 la boira no deixava veure ni 10 metres. Pregunta 12: i ja que estem, la boira s\u00f3n n\u00fabols&#8230;<\/p>\n","protected":false},"author":5,"featured_media":0,"comment_status":"open","ping_status":"open","sticky":false,"template":"","format":"standard","meta":{"_monsterinsights_skip_tracking":false,"_monsterinsights_sitenote_active":false,"_monsterinsights_sitenote_note":"","_monsterinsights_sitenote_category":0,"footnotes":""},"categories":[66],"tags":[67],"class_list":["post-3728","post","type-post","status-publish","format-standard","hentry","category-pirineu-2010","tag-pirineu"],"_links":{"self":[{"href":"http:\/\/traba.org\/trabablog\/index.php?rest_route=\/wp\/v2\/posts\/3728","targetHints":{"allow":["GET"]}}],"collection":[{"href":"http:\/\/traba.org\/trabablog\/index.php?rest_route=\/wp\/v2\/posts"}],"about":[{"href":"http:\/\/traba.org\/trabablog\/index.php?rest_route=\/wp\/v2\/types\/post"}],"author":[{"embeddable":true,"href":"http:\/\/traba.org\/trabablog\/index.php?rest_route=\/wp\/v2\/users\/5"}],"replies":[{"embeddable":true,"href":"http:\/\/traba.org\/trabablog\/index.php?rest_route=%2Fwp%2Fv2%2Fcomments&post=3728"}],"version-history":[{"count":1,"href":"http:\/\/traba.org\/trabablog\/index.php?rest_route=\/wp\/v2\/posts\/3728\/revisions"}],"predecessor-version":[{"id":3752,"href":"http:\/\/traba.org\/trabablog\/index.php?rest_route=\/wp\/v2\/posts\/3728\/revisions\/3752"}],"wp:attachment":[{"href":"http:\/\/traba.org\/trabablog\/index.php?rest_route=%2Fwp%2Fv2%2Fmedia&parent=3728"}],"wp:term":[{"taxonomy":"category","embeddable":true,"href":"http:\/\/traba.org\/trabablog\/index.php?rest_route=%2Fwp%2Fv2%2Fcategories&post=3728"},{"taxonomy":"post_tag","embeddable":true,"href":"http:\/\/traba.org\/trabablog\/index.php?rest_route=%2Fwp%2Fv2%2Ftags&post=3728"}],"curies":[{"name":"wp","href":"https:\/\/api.w.org\/{rel}","templated":true}]}}