{"id":3938,"date":"2011-01-16T19:23:16","date_gmt":"2011-01-16T18:23:16","guid":{"rendered":"http:\/\/www.traba.org\/trabablog\/?p=3938"},"modified":"2011-01-16T19:23:16","modified_gmt":"2011-01-16T18:23:16","slug":"excursio-a-les-fonts-de-collserola","status":"publish","type":"post","link":"http:\/\/traba.org\/trabablog\/?p=3938","title":{"rendered":"excursi\u00f3 a les fonts de collserola"},"content":{"rendered":"<p>Aquesta \u00e9s l&#8217;excursi\u00f3 que hem fet avui:<\/p>\n<p><iframe loading=\"lazy\" frameborder=\"0\" src=\"http:\/\/es.wikiloc.com\/wikiloc\/spatialArtifacts.do?event=view&amp;id=358528&amp;measures=off&amp;title=off&amp;near=off&amp;images=off&amp;maptype=S\" width=\"500px\" height=\"400px\"><\/iframe>9,27 km d&#8217;excursi\u00f3 \ud83d\ude42<\/p>\n<p><img loading=\"lazy\" decoding=\"async\" src=\"http:\/\/www.traba.org\/trabablog\/wp-content\/uploads\/2011\/01\/IMG_8041.jpg\" width=\"500\" height=\"333\" alt=\"IMG_8041\" \/><\/p>\n<p>Una de les fonts. N&#8217;hi havien moltes i algunes d&#8217;elles no les hem trobat.<\/p>\n<p><img loading=\"lazy\" decoding=\"async\" src=\"http:\/\/www.traba.org\/trabablog\/wp-content\/uploads\/2011\/01\/IMG_8043.jpg\" width=\"500\" height=\"333\" alt=\"IMG_8043\" \/><\/p>\n<p>Aquesta font tenia per seure i tot.<\/p>\n<p><img loading=\"lazy\" decoding=\"async\" src=\"http:\/\/www.traba.org\/trabablog\/wp-content\/uploads\/2011\/01\/IMG_8045.jpg\" width=\"500\" height=\"333\" alt=\"IMG_8045\" \/><\/p>\n<p>I el geocach\u00e9 del costat del <a href=\"http:\/\/www.geocaching.com\/seek\/cache_details.aspx?guid=f3b3e37b-136b-4498-b394-5c00750539f3\">pant\u00e0<\/a>. Que es veu que \u00e9s fam\u00f3s pels seus gripaus i granotes. I aquella cosa que hi havia que et podies ficar al mig del pant\u00e0 era com un mirador de granotes.<\/p>\n<p><img loading=\"lazy\" decoding=\"async\" src=\"http:\/\/www.traba.org\/trabablog\/wp-content\/uploads\/2011\/01\/IMG_8047.jpg\" width=\"500\" height=\"333\" alt=\"IMG_8047\" \/><\/p>\n<p>La Laia mirant com el Leo obria el geocach\u00e9.<\/p>\n<p><img loading=\"lazy\" decoding=\"async\" src=\"http:\/\/www.traba.org\/trabablog\/wp-content\/uploads\/2011\/01\/IMG_8051.jpg\" width=\"500\" height=\"333\" alt=\"IMG_8051\" \/><\/p>\n<p>Aqu\u00ed hem intentat dinar per\u00f2 la senyora del merendero no tenia molt d&#8217;inter\u00e8s. Aix\u00ed que hem seguit.<\/p>\n<p>L&#8217;altre <a href=\"http:\/\/www.geocaching.com\/seek\/cache_details.aspx?wp=GC2J808\">geocach\u00e9<\/a> ja arribant al final.<\/p>\n<p><img loading=\"lazy\" decoding=\"async\" src=\"http:\/\/www.traba.org\/trabablog\/wp-content\/uploads\/2011\/01\/IMG_8053.jpg\" width=\"500\" height=\"333\" alt=\"IMG_8053\" \/><\/p>\n<p>Escrivint al log: Tamer+14 (el equipo A).<\/p>\n<p><img loading=\"lazy\" decoding=\"async\" src=\"http:\/\/www.traba.org\/trabablog\/wp-content\/uploads\/2011\/01\/IMG_8056.jpg\" width=\"500\" height=\"333\" alt=\"IMG_8056\" \/><\/p>\n<p>I finalment a dinar al Baba <a href=\"http:\/\/foursquare.com\/venue\/15750906\">San Marino<\/a>, que t\u00e9 una sucursal al Raval. Encara no havia passat tan fred com avui. El menjar, molt bo no era, per\u00f2 ten\u00edem gana. I aix\u00f2 si, ben amables perqu\u00e8 els del merendero del pant\u00e0 i els del merendero que hi ha prop dels ferrocarrils ni ganes de fer el dinar per 15.<\/p>\n<p><img loading=\"lazy\" decoding=\"async\" src=\"http:\/\/www.traba.org\/trabablog\/wp-content\/uploads\/2011\/01\/IMG_8057.jpg\" width=\"500\" height=\"333\" alt=\"IMG_8057\" \/><\/p>\n<p>Ah, i he descobert que tan Vallvidrera com les Planes s\u00f3n dos barriades del districte de Sarri\u00e0-Sant Gervasi.<\/p>\n","protected":false},"excerpt":{"rendered":"<p>Aquesta \u00e9s l&#8217;excursi\u00f3 que hem fet avui: 9,27 km d&#8217;excursi\u00f3 \ud83d\ude42 Una de les fonts. N&#8217;hi havien moltes i algunes d&#8217;elles no les hem trobat. Aquesta font tenia per seure&#8230;<\/p>\n","protected":false},"author":5,"featured_media":0,"comment_status":"open","ping_status":"open","sticky":false,"template":"","format":"standard","meta":{"_monsterinsights_skip_tracking":false,"_monsterinsights_sitenote_active":false,"_monsterinsights_sitenote_note":"","_monsterinsights_sitenote_category":0,"footnotes":""},"categories":[28,58],"tags":[62,40,78,68],"class_list":["post-3938","post","type-post","status-publish","format-standard","hentry","category-ordinary-days","category-si-no-et-fan-cas","tag-barcelona","tag-geocaching","tag-hivern","tag-wikiloc"],"_links":{"self":[{"href":"http:\/\/traba.org\/trabablog\/index.php?rest_route=\/wp\/v2\/posts\/3938","targetHints":{"allow":["GET"]}}],"collection":[{"href":"http:\/\/traba.org\/trabablog\/index.php?rest_route=\/wp\/v2\/posts"}],"about":[{"href":"http:\/\/traba.org\/trabablog\/index.php?rest_route=\/wp\/v2\/types\/post"}],"author":[{"embeddable":true,"href":"http:\/\/traba.org\/trabablog\/index.php?rest_route=\/wp\/v2\/users\/5"}],"replies":[{"embeddable":true,"href":"http:\/\/traba.org\/trabablog\/index.php?rest_route=%2Fwp%2Fv2%2Fcomments&post=3938"}],"version-history":[{"count":0,"href":"http:\/\/traba.org\/trabablog\/index.php?rest_route=\/wp\/v2\/posts\/3938\/revisions"}],"wp:attachment":[{"href":"http:\/\/traba.org\/trabablog\/index.php?rest_route=%2Fwp%2Fv2%2Fmedia&parent=3938"}],"wp:term":[{"taxonomy":"category","embeddable":true,"href":"http:\/\/traba.org\/trabablog\/index.php?rest_route=%2Fwp%2Fv2%2Fcategories&post=3938"},{"taxonomy":"post_tag","embeddable":true,"href":"http:\/\/traba.org\/trabablog\/index.php?rest_route=%2Fwp%2Fv2%2Ftags&post=3938"}],"curies":[{"name":"wp","href":"https:\/\/api.w.org\/{rel}","templated":true}]}}