{"id":40,"date":"2007-11-08T01:47:05","date_gmt":"2007-11-07T23:47:05","guid":{"rendered":"http:\/\/www.traba.org\/trabablog\/?p=40"},"modified":"2009-01-01T19:28:11","modified_gmt":"2009-01-01T18:28:11","slug":"primer-dia-a-valladolid","status":"publish","type":"post","link":"http:\/\/traba.org\/trabablog\/?p=40","title":{"rendered":"Primer dia a Valladolid"},"content":{"rendered":"<p>Ser\u00e9 breu i nom\u00e9s comentar\u00e9 les fotos, per no marejar.\u00a0 Aix\u00ed que hem arribat a Valladolid, hem anat al recinto ferial per agafar l&#8217;inscripci\u00f3 del congr\u00e9s, aprofitant a fer turisme pel cam\u00ed&#8230; Aqu\u00ed, estavem esperant a la Bego\u00f1a que sort\u00eds de veure una esgl\u00e9sia (San Benito crec que es deia).<\/p>\n<p><img loading=\"lazy\" decoding=\"async\" src=\"http:\/\/www.traba.org\/galeria\/albums\/wpw-20071108\/2007-11_Congres_semFYC_Valladolid_002.jpg\" height=\"333\" width=\"500\" \/><\/p>\n<p>I tot seguit hem intentat anar a Salamanca, per\u00f2 el dest\u00ed no ens ha deixat. Aix\u00f2 era fora de l&#8217;estaci\u00f3 de la RENFE, a les 13:35, 5 minuts despr\u00e9s que tanquessin fins les 17:00h les botigues de lloguer de cotxes.<\/p>\n<p><img loading=\"lazy\" decoding=\"async\" src=\"http:\/\/www.traba.org\/galeria\/albums\/wpw-20071108\/2007-11_Congres_semFYC_Valladolid_007.jpg\" height=\"335\" width=\"500\" \/><\/p>\n<p>Despr\u00e9s hem anat a dinar, en un dels llocs que va dir la Bea, la Taberna del Herrero. Hem menjat huevos rotos i morcilla. Bon\u00edssim \ud83d\ude42 Aqu\u00ed unes fotos de la Bego\u00f1a i del Leo en el restaurant.<\/p>\n<p><img loading=\"lazy\" decoding=\"async\" src=\"http:\/\/www.traba.org\/galeria\/albums\/wpw-20071108\/2007-11_Congres_semFYC_Valladolid_010.jpg\" height=\"332\" width=\"498\" \/><\/p>\n<p>I el Leo.<\/p>\n<p><img loading=\"lazy\" decoding=\"async\" src=\"http:\/\/www.traba.org\/galeria\/albums\/wpw-20071108\/2007-11_Congres_semFYC_Valladolid_011.jpg\" height=\"333\" width=\"500\" \/><\/p>\n<p>Tots dos mirant el Francesc. No s\u00e9 que deia \ud83d\ude09 I un altre cop el Leo, ara amb una cara un pel for\u00e7ada.<\/p>\n<p><img loading=\"lazy\" decoding=\"async\" src=\"http:\/\/www.traba.org\/galeria\/albums\/wpw-20071108\/2007-11_Congres_semFYC_Valladolid_013.jpg\" height=\"334\" width=\"501\" \/><\/p>\n<p>Despr\u00e9s de dinar, hem anat al congr\u00e9s a veure la taula sobre les farmac\u00e8utiques. Unes fotos.<\/p>\n<p>El Ricard Meneu.<\/p>\n<p><img loading=\"lazy\" decoding=\"async\" src=\"http:\/\/www.traba.org\/galeria\/albums\/wpw-20071108\/2007-11_Congres_semFYC_Valladolid_016.jpg\" height=\"333\" width=\"500\" \/><\/p>\n<p>La claca.<\/p>\n<p><img loading=\"lazy\" decoding=\"async\" src=\"http:\/\/www.traba.org\/galeria\/albums\/wpw-20071108\/2007-11_Congres_semFYC_Valladolid_018.jpg\" height=\"337\" width=\"506\" \/><\/p>\n<p>Despr\u00e9s hem anat a veure els p\u00f2sters del SISAP. La Begp\u00f1a hi ha trobat uns numeros que no quadraven, i estava parlant SERIOSAMENT amb el Leo \ud83d\ude42<\/p>\n<p><img loading=\"lazy\" decoding=\"async\" src=\"http:\/\/www.traba.org\/galeria\/albums\/wpw-20071108\/2007-11_Congres_semFYC_Valladolid_026.jpg\" height=\"336\" width=\"504\" \/><\/p>\n<p>Despr\u00e9s han fet les paus!<\/p>\n<p>I teniem la necessitat d&#8217;insultar una mica els pichiwileros i quina millor forma de deixar-los en evid\u00e8ncia. Aqui van unes quantes fotos:<\/p>\n<p><img loading=\"lazy\" decoding=\"async\" src=\"http:\/\/www.traba.org\/galeria\/albums\/wpw-20071108\/2007-11_Congres_semFYC_Valladolid_028.jpg\" height=\"334\" width=\"502\" \/><\/p>\n<p><img decoding=\"async\" src=\"http:\/\/www.traba.org\/galeria\/albums\/wpw-20071108\/2007-11_Congres_semFYC_Valladolid_029.jpg\" \/><\/p>\n<p><img loading=\"lazy\" decoding=\"async\" src=\"http:\/\/www.traba.org\/galeria\/albums\/wpw-20071108\/2007-11_Congres_semFYC_Valladolid_030.jpg\" height=\"333\" width=\"491\" \/><\/p>\n<p><img loading=\"lazy\" decoding=\"async\" src=\"http:\/\/www.traba.org\/galeria\/albums\/wpw-20071108\/2007-11_Congres_semFYC_Valladolid_031.jpg\" height=\"341\" width=\"512\" \/><\/p>\n<p><img loading=\"lazy\" decoding=\"async\" src=\"http:\/\/www.traba.org\/galeria\/albums\/wpw-20071108\/2007-11_Congres_semFYC_Valladolid_032.jpg\" height=\"343\" width=\"515\" \/><\/p>\n<p>A les 20h ja han arribat els Manel i Manolo i com que venien amb gana hem anat a sopar.\u00a0 Tamb\u00e9 als bars que recomanava la Bea!<\/p>\n<p><img loading=\"lazy\" decoding=\"async\" src=\"http:\/\/www.traba.org\/galeria\/albums\/wpw-20071108\/2007-11_Congres_semFYC_Valladolid_044.jpg\" height=\"344\" width=\"516\" \/><\/p>\n<p><img decoding=\"async\" src=\"http:\/\/www.traba.org\/galeria\/albums\/wpw-20071108\/2007-11_Congres_semFYC_Valladolid_046.jpg\" \/><\/p>\n<p>El Manolo fent de D\u00e9u (mireu la foto del fons).<\/p>\n<p><img loading=\"lazy\" decoding=\"async\" src=\"http:\/\/www.traba.org\/galeria\/albums\/wpw-20071108\/2007-11_Congres_semFYC_Valladolid_047.jpg\" height=\"351\" width=\"527\" \/><\/p>\n<p>Sembla interessant la conversa&#8230;<\/p>\n<p><img loading=\"lazy\" decoding=\"async\" src=\"http:\/\/www.traba.org\/galeria\/albums\/wpw-20071108\/2007-11_Congres_semFYC_Valladolid_048.jpg\" height=\"354\" width=\"531\" \/><\/p>\n<p><img loading=\"lazy\" decoding=\"async\" src=\"http:\/\/www.traba.org\/galeria\/albums\/wpw-20071108\/2007-11_Congres_semFYC_Valladolid_052.jpg\" height=\"356\" width=\"534\" \/><\/p>\n<p>I ja arriba el final del dia.\u00a0 On ens hem separat perqu\u00e8 ja no hem trobat cap bar obert&#8230;<\/p>\n<p><img loading=\"lazy\" decoding=\"async\" src=\"http:\/\/www.traba.org\/galeria\/albums\/wpw-20071108\/2007-11_Congres_semFYC_Valladolid_058.jpg\" height=\"359\" width=\"539\" \/><\/p>\n<p>Evidentment, han passat altres coses&#8230; per\u00f2 son secreto de sumario \ud83d\ude42 Ja us les explicarem en privat. Jajajajaja!<\/p>\n<p>Mireia.<\/p>\n","protected":false},"excerpt":{"rendered":"<p>Ser\u00e9 breu i nom\u00e9s comentar\u00e9 les fotos, per no marejar.\u00a0 Aix\u00ed que hem arribat a Valladolid, hem anat al recinto ferial per agafar l&#8217;inscripci\u00f3 del congr\u00e9s, aprofitant a fer turisme&#8230;<\/p>\n","protected":false},"author":5,"featured_media":0,"comment_status":"open","ping_status":"open","sticky":false,"template":"","format":"standard","meta":{"_monsterinsights_skip_tracking":false,"_monsterinsights_sitenote_active":false,"_monsterinsights_sitenote_note":"","_monsterinsights_sitenote_category":0,"footnotes":""},"categories":[7,8],"tags":[],"class_list":["post-40","post","type-post","status-publish","format-standard","hentry","category-congressos","category-valladolid-2007-semfyc"],"_links":{"self":[{"href":"http:\/\/traba.org\/trabablog\/index.php?rest_route=\/wp\/v2\/posts\/40","targetHints":{"allow":["GET"]}}],"collection":[{"href":"http:\/\/traba.org\/trabablog\/index.php?rest_route=\/wp\/v2\/posts"}],"about":[{"href":"http:\/\/traba.org\/trabablog\/index.php?rest_route=\/wp\/v2\/types\/post"}],"author":[{"embeddable":true,"href":"http:\/\/traba.org\/trabablog\/index.php?rest_route=\/wp\/v2\/users\/5"}],"replies":[{"embeddable":true,"href":"http:\/\/traba.org\/trabablog\/index.php?rest_route=%2Fwp%2Fv2%2Fcomments&post=40"}],"version-history":[{"count":2,"href":"http:\/\/traba.org\/trabablog\/index.php?rest_route=\/wp\/v2\/posts\/40\/revisions"}],"predecessor-version":[{"id":1405,"href":"http:\/\/traba.org\/trabablog\/index.php?rest_route=\/wp\/v2\/posts\/40\/revisions\/1405"}],"wp:attachment":[{"href":"http:\/\/traba.org\/trabablog\/index.php?rest_route=%2Fwp%2Fv2%2Fmedia&parent=40"}],"wp:term":[{"taxonomy":"category","embeddable":true,"href":"http:\/\/traba.org\/trabablog\/index.php?rest_route=%2Fwp%2Fv2%2Fcategories&post=40"},{"taxonomy":"post_tag","embeddable":true,"href":"http:\/\/traba.org\/trabablog\/index.php?rest_route=%2Fwp%2Fv2%2Ftags&post=40"}],"curies":[{"name":"wp","href":"https:\/\/api.w.org\/{rel}","templated":true}]}}