{"id":41,"date":"2007-11-09T02:26:32","date_gmt":"2007-11-09T00:26:32","guid":{"rendered":"http:\/\/www.traba.org\/trabablog\/?p=41"},"modified":"2009-01-01T19:26:13","modified_gmt":"2009-01-01T18:26:13","slug":"segon-dia-a-valladolid","status":"publish","type":"post","link":"http:\/\/traba.org\/trabablog\/?p=41","title":{"rendered":"Segon dia a Valladolid"},"content":{"rendered":"<p>A primera hora han presentat el p\u00f2ster de SISAP. Primer, el Manolo parlant per tel\u00e8fon.<\/p>\n<p><img loading=\"lazy\" decoding=\"async\" src=\"http:\/\/www.traba.org\/galeria\/albums\/wpw-20071109\/2007-11_Congres_semFYC_Valladolid_060.jpg\" height=\"333\" width=\"500\" \/><\/p>\n<p>I el Manel llegint el diari.<\/p>\n<p><img loading=\"lazy\" decoding=\"async\" src=\"http:\/\/www.traba.org\/galeria\/albums\/wpw-20071109\/2007-11_Congres_semFYC_Valladolid_061.jpg\" height=\"480\" width=\"320\" \/><\/p>\n<p>Un dels p\u00f2sters d&#8217;exercici f\u00edsic. No s&#8217;entenia res de res. Haurem de parlar&#8230;<\/p>\n<p><img loading=\"lazy\" decoding=\"async\" src=\"http:\/\/www.traba.org\/galeria\/albums\/wpw-20071109\/2007-11_Congres_semFYC_Valladolid_062.jpg\" height=\"333\" width=\"500\" \/><\/p>\n<p>El Manolo i el p\u00f2ster del SISAP.<\/p>\n<p><img loading=\"lazy\" decoding=\"async\" src=\"http:\/\/www.traba.org\/galeria\/albums\/wpw-20071109\/2007-11_Congres_semFYC_Valladolid_063.jpg\" height=\"333\" width=\"500\" \/><\/p>\n<p>El Dr. Com\u00edn de la Salut.<\/p>\n<p><img loading=\"lazy\" decoding=\"async\" src=\"http:\/\/www.traba.org\/galeria\/albums\/wpw-20071109\/2007-11_Congres_semFYC_Valladolid_066.jpg\" height=\"333\" width=\"500\" \/><\/p>\n<p>Dolors For\u00e8s i Manolo. Surt molt el Manolo, no?<\/p>\n<p><img loading=\"lazy\" decoding=\"async\" src=\"http:\/\/www.traba.org\/galeria\/albums\/wpw-20071109\/2007-11_Congres_semFYC_Valladolid_069.jpg\" height=\"333\" width=\"500\" \/><\/p>\n<p>La pon\u00e8ncia de l&#8217;actualitzaci\u00f3 terap\u00e8utica que estava a petar i tampoc n&#8217;hi havia per tant.<\/p>\n<p><img loading=\"lazy\" decoding=\"async\" src=\"http:\/\/www.traba.org\/galeria\/albums\/wpw-20071109\/2007-11_Congres_semFYC_Valladolid_075.jpg\" height=\"333\" width=\"500\" \/><\/p>\n<p>La pareja feliz de Muntanya: el Neme i el Francesc.<\/p>\n<p><img loading=\"lazy\" decoding=\"async\" src=\"http:\/\/www.traba.org\/galeria\/albums\/wpw-20071109\/2007-11_Congres_semFYC_Valladolid_076.jpg\" height=\"480\" width=\"320\" \/><\/p>\n<p>La pon\u00e8ncia amb les guies de pr\u00e0ctica cl\u00ednica. El millor, l&#8217;holand\u00e8s.<\/p>\n<p><img loading=\"lazy\" decoding=\"async\" src=\"http:\/\/www.traba.org\/galeria\/albums\/wpw-20071109\/2007-11_Congres_semFYC_Valladolid_077.jpg\" height=\"333\" width=\"500\" \/><\/p>\n<p>Posant el pote.<\/p>\n<p><img loading=\"lazy\" decoding=\"async\" src=\"http:\/\/www.traba.org\/galeria\/albums\/wpw-20071109\/2007-11_Congres_semFYC_Valladolid_080.jpg\" height=\"333\" width=\"500\" \/><\/p>\n<p>Manolo (una altra vegada) i Maribel.<\/p>\n<p><img loading=\"lazy\" decoding=\"async\" src=\"http:\/\/www.traba.org\/galeria\/albums\/wpw-20071109\/2007-11_Congres_semFYC_Valladolid_081.jpg\" height=\"480\" width=\"320\" \/><\/p>\n<p>Sopant uns pinchos.<\/p>\n<p><img loading=\"lazy\" decoding=\"async\" src=\"http:\/\/www.traba.org\/galeria\/albums\/wpw-20071109\/2007-11_Congres_semFYC_Valladolid_082.jpg\" height=\"333\" width=\"500\" \/><\/p>\n<p><img loading=\"lazy\" decoding=\"async\" src=\"http:\/\/www.traba.org\/galeria\/albums\/wpw-20071109\/2007-11_Congres_semFYC_Valladolid_085.jpg\" height=\"333\" width=\"500\" \/><\/p>\n<p>M\u00e9s pinchos, ara a un bar que es deia la Mina.<\/p>\n<p><img loading=\"lazy\" decoding=\"async\" src=\"http:\/\/www.traba.org\/galeria\/albums\/wpw-20071109\/2007-11_Congres_semFYC_Valladolid_089.jpg\" height=\"333\" width=\"500\" \/><\/p>\n<p>Buscant el Penicilino, un bar d&#8217;\u00e8poca.<\/p>\n<p><img loading=\"lazy\" decoding=\"async\" src=\"http:\/\/www.traba.org\/galeria\/albums\/wpw-20071109\/2007-11_Congres_semFYC_Valladolid_100.jpg\" height=\"333\" width=\"500\" \/><\/p>\n<p><img loading=\"lazy\" decoding=\"async\" src=\"http:\/\/www.traba.org\/galeria\/albums\/wpw-20071109\/2007-11_Congres_semFYC_Valladolid_103.jpg\" height=\"333\" width=\"500\" \/><\/p>\n<p><img loading=\"lazy\" decoding=\"async\" src=\"http:\/\/www.traba.org\/galeria\/albums\/wpw-20071109\/2007-11_Conges_semFYC_Valladolid_111.jpg\" height=\"333\" width=\"500\" \/><\/p>\n<p>Una trucada.<\/p>\n<p><img loading=\"lazy\" decoding=\"async\" src=\"http:\/\/www.traba.org\/galeria\/albums\/wpw-20071109\/2007-11_Congres_semFYC_Valladolid_104.jpg\" height=\"333\" width=\"500\" \/><\/p>\n<p>I dem\u00e0, Silva, Rafa Bravo i Josep. Un dia complert \ud83d\ude09<\/p>\n<p>Mireia.<\/p>\n","protected":false},"excerpt":{"rendered":"<p>A primera hora han presentat el p\u00f2ster de SISAP. Primer, el Manolo parlant per tel\u00e8fon. I el Manel llegint el diari. Un dels p\u00f2sters d&#8217;exercici f\u00edsic. No s&#8217;entenia res de&#8230;<\/p>\n","protected":false},"author":5,"featured_media":0,"comment_status":"open","ping_status":"open","sticky":false,"template":"","format":"standard","meta":{"_monsterinsights_skip_tracking":false,"_monsterinsights_sitenote_active":false,"_monsterinsights_sitenote_note":"","_monsterinsights_sitenote_category":0,"footnotes":""},"categories":[7,8],"tags":[],"class_list":["post-41","post","type-post","status-publish","format-standard","hentry","category-congressos","category-valladolid-2007-semfyc"],"_links":{"self":[{"href":"http:\/\/traba.org\/trabablog\/index.php?rest_route=\/wp\/v2\/posts\/41","targetHints":{"allow":["GET"]}}],"collection":[{"href":"http:\/\/traba.org\/trabablog\/index.php?rest_route=\/wp\/v2\/posts"}],"about":[{"href":"http:\/\/traba.org\/trabablog\/index.php?rest_route=\/wp\/v2\/types\/post"}],"author":[{"embeddable":true,"href":"http:\/\/traba.org\/trabablog\/index.php?rest_route=\/wp\/v2\/users\/5"}],"replies":[{"embeddable":true,"href":"http:\/\/traba.org\/trabablog\/index.php?rest_route=%2Fwp%2Fv2%2Fcomments&post=41"}],"version-history":[{"count":2,"href":"http:\/\/traba.org\/trabablog\/index.php?rest_route=\/wp\/v2\/posts\/41\/revisions"}],"predecessor-version":[{"id":1403,"href":"http:\/\/traba.org\/trabablog\/index.php?rest_route=\/wp\/v2\/posts\/41\/revisions\/1403"}],"wp:attachment":[{"href":"http:\/\/traba.org\/trabablog\/index.php?rest_route=%2Fwp%2Fv2%2Fmedia&parent=41"}],"wp:term":[{"taxonomy":"category","embeddable":true,"href":"http:\/\/traba.org\/trabablog\/index.php?rest_route=%2Fwp%2Fv2%2Fcategories&post=41"},{"taxonomy":"post_tag","embeddable":true,"href":"http:\/\/traba.org\/trabablog\/index.php?rest_route=%2Fwp%2Fv2%2Ftags&post=41"}],"curies":[{"name":"wp","href":"https:\/\/api.w.org\/{rel}","templated":true}]}}