{"id":4109,"date":"2011-03-20T11:11:06","date_gmt":"2011-03-20T09:11:06","guid":{"rendered":"http:\/\/www.traba.org\/trabablog\/?p=4109"},"modified":"2011-03-27T15:11:50","modified_gmt":"2011-03-27T13:11:50","slug":"excursio-per-colldejou-el-cul-del-mon","status":"publish","type":"post","link":"http:\/\/traba.org\/trabablog\/?p=4109","title":{"rendered":"excursi\u00f3 per Colldejou, el cul del m\u00f3n"},"content":{"rendered":"<p>I aix\u00f2 no ho dic jo, ho diu la Laura que viu a Riudecanyes!<\/p>\n<p>Vam sortir de Barcelona amb 15 minuts de retard, i a causa d&#8217;aix\u00f2, l&#8217;Isi i la Laura va fer un segon esmorzar en aquesta terrasseta de Colldejou.<\/p>\n<p><a href=\"http:\/\/www.traba.org\/trabablog\/wp-content\/uploads\/2011\/03\/DSCF48051.jpg\"><img loading=\"lazy\" decoding=\"async\" src=\"http:\/\/www.traba.org\/trabablog\/wp-content\/uploads\/2011\/03\/DSCF4805-tm1.jpg\" width=\"500\" height=\"375\" alt=\"DSCF4805\" \/><\/a><\/p>\n<p><a href=\"http:\/\/ca.wikiloc.com\/wikiloc\/view.do?id=263828\" target=\"_blank\">L&#8217;excursi\u00f3<\/a>, inicialment teni 13 km per\u00f2 ens ho vam prendre amb tanta calma que ens vam saltar la meitat, no vam fer el 8, sin\u00f3 el 0. Al principi era planet,<\/p>\n<p><a href=\"http:\/\/www.traba.org\/trabablog\/wp-content\/uploads\/2011\/03\/DSCF48151.jpg\"><img loading=\"lazy\" decoding=\"async\" src=\"http:\/\/www.traba.org\/trabablog\/wp-content\/uploads\/2011\/03\/DSCF4815-tm.jpg\" width=\"500\" height=\"375\" alt=\"DSCF4815\" \/><\/a><\/p>\n<p>Per\u00f2 despr\u00e9s va comen\u00e7ar a pujar.<\/p>\n<p><a href=\"http:\/\/www.traba.org\/trabablog\/wp-content\/uploads\/2011\/03\/IMG_85011.jpg\"><img loading=\"lazy\" decoding=\"async\" src=\"http:\/\/www.traba.org\/trabablog\/wp-content\/uploads\/2011\/03\/IMG_8501-tm.jpg\" width=\"500\" height=\"333\" alt=\"IMG_8501\" \/><\/a><\/p>\n<p>Encara no quedava res ni n\u00e1!<\/p>\n<p><a href=\"http:\/\/www.traba.org\/trabablog\/wp-content\/uploads\/2011\/03\/IMG_85071.jpg\"><img loading=\"lazy\" decoding=\"async\" src=\"http:\/\/www.traba.org\/trabablog\/wp-content\/uploads\/2011\/03\/IMG_8507-tm.jpg\" width=\"500\" height=\"333\" alt=\"IMG_8507\" \/><\/a><\/p>\n<p>Semblava en final, per\u00f2 no&#8230;<\/p>\n<p><a href=\"http:\/\/www.traba.org\/trabablog\/wp-content\/uploads\/2011\/03\/IMG_85181.jpg\"><img loading=\"lazy\" decoding=\"async\" src=\"http:\/\/www.traba.org\/trabablog\/wp-content\/uploads\/2011\/03\/IMG_8518-tm.jpg\" width=\"500\" height=\"333\" alt=\"IMG_8518\" \/><\/a><\/p>\n<p>El moquillo o la candelera, com diu l&#8217;Isi \ud83d\ude42<\/p>\n<p><a href=\"http:\/\/www.traba.org\/trabablog\/wp-content\/uploads\/2011\/03\/IMG_85191.jpg\"><img loading=\"lazy\" decoding=\"async\" src=\"http:\/\/www.traba.org\/trabablog\/wp-content\/uploads\/2011\/03\/IMG_8519-tm.jpg\" width=\"500\" height=\"750\" alt=\"IMG_8519\" \/><\/a><\/p>\n<p>I encara m\u00e9s pujada.<\/p>\n<p><a href=\"http:\/\/www.traba.org\/trabablog\/wp-content\/uploads\/2011\/03\/DSCF48311.jpg\"><img loading=\"lazy\" decoding=\"async\" src=\"http:\/\/www.traba.org\/trabablog\/wp-content\/uploads\/2011\/03\/DSCF4831-tm.jpg\" width=\"500\" height=\"666\" alt=\"DSCF4831\" \/><\/a><\/p>\n<p>Sort de l&#8217;excusa d&#8217;anar fent fotos \ud83d\ude09 un pi bonsai.<\/p>\n<p><a href=\"http:\/\/www.traba.org\/trabablog\/wp-content\/uploads\/2011\/03\/DSCF48361.jpg\"><img loading=\"lazy\" decoding=\"async\" src=\"http:\/\/www.traba.org\/trabablog\/wp-content\/uploads\/2011\/03\/DSCF4836-tm.jpg\" width=\"500\" height=\"375\" alt=\"DSCF4836\" \/><\/a><\/p>\n<p>Nom\u00e9s faltava atravessar aquesta paret.<\/p>\n<p><a href=\"http:\/\/www.traba.org\/trabablog\/wp-content\/uploads\/2011\/03\/IMG_85361.jpg\"><img loading=\"lazy\" decoding=\"async\" src=\"http:\/\/www.traba.org\/trabablog\/wp-content\/uploads\/2011\/03\/IMG_8536-tm.jpg\" width=\"500\" height=\"333\" alt=\"IMG_8536\" \/><\/a><\/p>\n<p>Les vistes dels molinillos de vent. Que si et quedaves quiet i en silenci, se sentien.<\/p>\n<p><a href=\"http:\/\/www.traba.org\/trabablog\/wp-content\/uploads\/2011\/03\/IMG_85391.jpg\"><img loading=\"lazy\" decoding=\"async\" src=\"http:\/\/www.traba.org\/trabablog\/wp-content\/uploads\/2011\/03\/IMG_8539-tm.jpg\" width=\"500\" height=\"333\" alt=\"IMG_8539\" \/><\/a><\/p>\n<p>Por fin! A la mola de Colldejou.<\/p>\n<p><a href=\"http:\/\/www.traba.org\/trabablog\/wp-content\/uploads\/2011\/03\/DSCF48701.jpg\"><img loading=\"lazy\" decoding=\"async\" src=\"http:\/\/www.traba.org\/trabablog\/wp-content\/uploads\/2011\/03\/DSCF4870-tm.jpg\" width=\"500\" height=\"375\" alt=\"DSCF4870\" \/><\/a><\/p>\n<p>Observant el paissatge.<\/p>\n<p><a href=\"http:\/\/www.traba.org\/trabablog\/wp-content\/uploads\/2011\/03\/DSCF48921.jpg\"><img loading=\"lazy\" decoding=\"async\" src=\"http:\/\/www.traba.org\/trabablog\/wp-content\/uploads\/2011\/03\/DSCF4892-tm.jpg\" width=\"500\" height=\"375\" alt=\"DSCF4892\" \/><\/a><\/p>\n<p>El precipici.<\/p>\n<p><a href=\"http:\/\/www.traba.org\/trabablog\/wp-content\/uploads\/2011\/03\/DSCF49031.jpg\"><img loading=\"lazy\" decoding=\"async\" src=\"http:\/\/www.traba.org\/trabablog\/wp-content\/uploads\/2011\/03\/DSCF4903-tm.jpg\" width=\"500\" height=\"666\" alt=\"DSCF4903\" \/><\/a><\/p>\n<p>El primer <a href=\"http:\/\/www.geocaching.com\/seek\/cache_details.aspx?wp=GC29DM5\" target=\"_blank\">geocach\u00e9<\/a> del dia. Laura 1 &#8211; Resto 0.<\/p>\n<p><a href=\"http:\/\/www.traba.org\/trabablog\/wp-content\/uploads\/2011\/03\/IMG_85621.jpg\"><img loading=\"lazy\" decoding=\"async\" src=\"http:\/\/www.traba.org\/trabablog\/wp-content\/uploads\/2011\/03\/IMG_8562-tm.jpg\" width=\"500\" height=\"750\" alt=\"IMG_8562\" \/><\/a><\/p>\n<p>Sort, que vem veure cabres, que sin\u00f3 la Laura hagu\u00e9s perdut credibilitat ;P<\/p>\n<p><a href=\"http:\/\/www.traba.org\/trabablog\/wp-content\/uploads\/2011\/03\/DSCF49421.jpg\"><img loading=\"lazy\" decoding=\"async\" src=\"http:\/\/www.traba.org\/trabablog\/wp-content\/uploads\/2011\/03\/DSCF4942-tm.jpg\" width=\"500\" height=\"375\" alt=\"DSCF4942\" \/><\/a><\/p>\n<p>El making off.<\/p>\n<p><a href=\"http:\/\/www.traba.org\/trabablog\/wp-content\/uploads\/2011\/03\/IMG_85721.jpg\"><img loading=\"lazy\" decoding=\"async\" src=\"http:\/\/www.traba.org\/trabablog\/wp-content\/uploads\/2011\/03\/IMG_8572-tm.jpg\" width=\"500\" height=\"333\" alt=\"IMG_8572\" \/><\/a><\/p>\n<p>Els ametllers florits.<\/p>\n<p><a href=\"http:\/\/www.traba.org\/trabablog\/wp-content\/uploads\/2011\/03\/DSCF49621.jpg\"><img loading=\"lazy\" decoding=\"async\" src=\"http:\/\/www.traba.org\/trabablog\/wp-content\/uploads\/2011\/03\/DSCF4962-tm.jpg\" width=\"500\" height=\"375\" alt=\"DSCF4962\" \/><\/a><\/p>\n<p>De baixada no vam fer fotos fins al final. Vam trobar un altre <a href=\"http:\/\/www.geocaching.com\/seek\/cache_details.aspx?guid=580db2ca-4180-4d07-b4a9-2957a0a9eff5\" target=\"_blank\">miniGC<\/a>. Tamb\u00e9 el va trobar la laura: Laura 2 &#8211; resto 0. I s&#8217;acostava el n\u00favol, per\u00f2 no ens va pillar.<\/p>\n<p><a href=\"http:\/\/www.traba.org\/trabablog\/wp-content\/uploads\/2011\/03\/IMG_85751.jpg\"><img loading=\"lazy\" decoding=\"async\" src=\"http:\/\/www.traba.org\/trabablog\/wp-content\/uploads\/2011\/03\/IMG_8575-tm.jpg\" width=\"500\" height=\"333\" alt=\"IMG_8575\" \/><\/a><\/p>\n<p>Agotats (almenys jo) vam anar a buscar un altre GC, el de <a href=\"http:\/\/www.geocaching.com\/seek\/cache_details.aspx?guid=128be10b-2b23-43ed-ae45-ad4cc51ead13\" target=\"_blank\">Santa B\u00e0rbara<\/a>. Aquest ens va costar molt, vam estar com 45 minuts buscant. Era una muntanya amb una hermita i com que els GC no et donen al\u00e7ada, en qualsevol punt d&#8217;una banda de la muntanya podia estar. Per\u00f2 aquest el vaig trobar jo \ud83d\ude09 Laura 2 &#8211; Mireia 1 &#8211; Isi 0 (el Francesc no participava, era el que buscava la informaci\u00f3 a l&#8217;iphone).<\/p>\n<p><a href=\"http:\/\/www.traba.org\/trabablog\/wp-content\/uploads\/2011\/03\/DSCF49801.jpg\"><img loading=\"lazy\" decoding=\"async\" src=\"http:\/\/www.traba.org\/trabablog\/wp-content\/uploads\/2011\/03\/DSCF4980-tm.jpg\" width=\"500\" height=\"375\" alt=\"DSCF4980\" \/><\/a><\/p>\n<p>I aquesta \u00e9s la nostra ruta del dia.<\/p>\n<p><img loading=\"lazy\" decoding=\"async\" src=\"http:\/\/www.traba.org\/trabablog\/wp-content\/uploads\/2011\/03\/ruta.jpg\" width=\"500\" height=\"340\" alt=\"ruta\" \/><\/p>\n<p>De tornada, carabana, hem de recordar de fer les excursions en dissabte i no en diumenge! I a sobre se&#8217;ns escalfa el cotxe, pobret Clio&#8230;<\/p>\n<p>I la propera pel Montsant, no? \ud83d\ude09<\/p>\n","protected":false},"excerpt":{"rendered":"<p>I aix\u00f2 no ho dic jo, ho diu la Laura que viu a Riudecanyes! Vam sortir de Barcelona amb 15 minuts de retard, i a causa d&#8217;aix\u00f2, l&#8217;Isi i la&#8230;<\/p>\n","protected":false},"author":5,"featured_media":0,"comment_status":"open","ping_status":"closed","sticky":false,"template":"","format":"standard","meta":{"_monsterinsights_skip_tracking":false,"_monsterinsights_sitenote_active":false,"_monsterinsights_sitenote_note":"","_monsterinsights_sitenote_category":0,"footnotes":""},"categories":[28],"tags":[40,72,68],"class_list":["post-4109","post","type-post","status-publish","format-standard","hentry","category-ordinary-days","tag-geocaching","tag-google-earth","tag-wikiloc"],"_links":{"self":[{"href":"http:\/\/traba.org\/trabablog\/index.php?rest_route=\/wp\/v2\/posts\/4109","targetHints":{"allow":["GET"]}}],"collection":[{"href":"http:\/\/traba.org\/trabablog\/index.php?rest_route=\/wp\/v2\/posts"}],"about":[{"href":"http:\/\/traba.org\/trabablog\/index.php?rest_route=\/wp\/v2\/types\/post"}],"author":[{"embeddable":true,"href":"http:\/\/traba.org\/trabablog\/index.php?rest_route=\/wp\/v2\/users\/5"}],"replies":[{"embeddable":true,"href":"http:\/\/traba.org\/trabablog\/index.php?rest_route=%2Fwp%2Fv2%2Fcomments&post=4109"}],"version-history":[{"count":11,"href":"http:\/\/traba.org\/trabablog\/index.php?rest_route=\/wp\/v2\/posts\/4109\/revisions"}],"predecessor-version":[{"id":4159,"href":"http:\/\/traba.org\/trabablog\/index.php?rest_route=\/wp\/v2\/posts\/4109\/revisions\/4159"}],"wp:attachment":[{"href":"http:\/\/traba.org\/trabablog\/index.php?rest_route=%2Fwp%2Fv2%2Fmedia&parent=4109"}],"wp:term":[{"taxonomy":"category","embeddable":true,"href":"http:\/\/traba.org\/trabablog\/index.php?rest_route=%2Fwp%2Fv2%2Fcategories&post=4109"},{"taxonomy":"post_tag","embeddable":true,"href":"http:\/\/traba.org\/trabablog\/index.php?rest_route=%2Fwp%2Fv2%2Ftags&post=4109"}],"curies":[{"name":"wp","href":"https:\/\/api.w.org\/{rel}","templated":true}]}}