{"id":42,"date":"2007-11-10T01:28:29","date_gmt":"2007-11-09T23:28:29","guid":{"rendered":"http:\/\/www.traba.org\/trabablog\/?p=42"},"modified":"2009-01-01T19:24:38","modified_gmt":"2009-01-01T18:24:38","slug":"tercer-i-ultim-dia-a-valladolid","status":"publish","type":"post","link":"http:\/\/traba.org\/trabablog\/?p=42","title":{"rendered":"Tercer i \u00faltim dia a Valladolid"},"content":{"rendered":"<p>Los l\u00edmites de la ciencia.<\/p>\n<p><img loading=\"lazy\" decoding=\"async\" src=\"http:\/\/www.traba.org\/galeria\/albums\/wpw-20071110\/2007-11_Congres_semFYC_Valladolid_122.jpg\" height=\"333\" width=\"500\" \/><\/p>\n<p>Caiet\u00e0 Permanyer, ex-epidemi\u00f2leg del servei de cardiologia de l&#8217;hospital de la Vall d&#8217;Hebr\u00f3.<\/p>\n<p><img loading=\"lazy\" decoding=\"async\" src=\"http:\/\/www.traba.org\/galeria\/albums\/wpw-20071110\/2007-11_Congres_semFYC_Valladolid_126.jpg\" height=\"333\" width=\"500\" \/><\/p>\n<p>El Silva, que el Josep ha parlat amb ell i li proposarem que ens faci un minicurs sobre Bayesiana \ud83d\ude42<\/p>\n<p><img loading=\"lazy\" decoding=\"async\" src=\"http:\/\/www.traba.org\/galeria\/albums\/wpw-20071110\/2007-11_Congres_semFYC_Valladolid_128.jpg\" height=\"333\" width=\"500\" \/><\/p>\n<p><img loading=\"lazy\" decoding=\"async\" src=\"http:\/\/www.traba.org\/galeria\/albums\/wpw-20071110\/2007-11_Congres_semFYC_Valladolid_130.jpg\" height=\"333\" width=\"500\" \/><\/p>\n<p><img loading=\"lazy\" decoding=\"async\" src=\"http:\/\/www.traba.org\/galeria\/albums\/wpw-20071110\/2007-11_Congr%E9s_semFYC_Valladolid_133.jpg\" height=\"333\" width=\"500\" \/><\/p>\n<p><img loading=\"lazy\" decoding=\"async\" src=\"http:\/\/www.traba.org\/galeria\/albums\/wpw-20071110\/2007-11_Congres_semFYC_Valladolid_139.jpg\" height=\"333\" width=\"500\" \/><\/p>\n<p>La taula de l&#8217;AMF, presidida pel Rafa Bravo.<\/p>\n<p><img loading=\"lazy\" decoding=\"async\" src=\"http:\/\/www.traba.org\/galeria\/albums\/wpw-20071110\/2007-11_Congres_semFYC_Valladolid_142.jpg\" height=\"333\" width=\"500\" \/><\/p>\n<p>Rafa Bravo i Montse Salgado.<\/p>\n<p><img loading=\"lazy\" decoding=\"async\" src=\"http:\/\/www.traba.org\/galeria\/albums\/wpw-20071110\/2007-11_Congres_semFYC_Valladolid_145.jpg\" height=\"333\" width=\"500\" \/><\/p>\n<p>La Laura, l&#8217;Ana i la Roser.<\/p>\n<p><img loading=\"lazy\" decoding=\"async\" src=\"http:\/\/www.traba.org\/galeria\/albums\/wpw-20071110\/2007-11_Congres_semFYC_Valladolid_147.jpg\" height=\"333\" width=\"500\" \/><\/p>\n<p><img loading=\"lazy\" decoding=\"async\" src=\"http:\/\/www.traba.org\/galeria\/albums\/wpw-20071110\/2007-11_Congres_semFYC_Valladolid_151.jpg\" height=\"333\" width=\"500\" \/><\/p>\n<p><img loading=\"lazy\" decoding=\"async\" src=\"http:\/\/www.traba.org\/galeria\/albums\/wpw-20071110\/2007-11_Congres_semFYC_Valladolid_153.jpg\" height=\"333\" width=\"500\" \/><\/p>\n<p>La presentaci\u00f3 de l&#8217;altre p\u00f2ster del SISAP pel Leo.<\/p>\n<p><img loading=\"lazy\" decoding=\"async\" src=\"http:\/\/www.traba.org\/galeria\/albums\/wpw-20071110\/2007-11_Congres_semFYC_Valladolid_154.jpg\" height=\"333\" width=\"500\" \/><\/p>\n<p>La taula de la Seguretat Cl\u00ednica moderada pel Francesc Borrell.<\/p>\n<p><img loading=\"lazy\" decoding=\"async\" src=\"http:\/\/www.traba.org\/galeria\/albums\/wpw-20071110\/2007-11_Congres_semFYC_Valladolid_164.jpg\" height=\"333\" width=\"500\" \/><\/p>\n<p>Amb obra de teatre inclu\u00efda.<\/p>\n<p><img loading=\"lazy\" decoding=\"async\" src=\"http:\/\/www.traba.org\/galeria\/albums\/wpw-20071110\/2007-11_Congres_semFYC_Valladolid_168.jpg\" height=\"333\" width=\"500\" \/><\/p>\n<p>El Josep.<\/p>\n<p><img loading=\"lazy\" decoding=\"async\" src=\"http:\/\/www.traba.org\/galeria\/albums\/wpw-20071110\/2007-11_Congres_semFYC_Valladolid_171.jpg\" height=\"333\" width=\"500\" \/><\/p>\n<p><img loading=\"lazy\" decoding=\"async\" src=\"http:\/\/www.traba.org\/galeria\/albums\/wpw-20071110\/2007-11_Congres_semFYC_Valladolid_172.jpg\" height=\"480\" width=\"320\" \/><\/p>\n<p>El Joaquim Ba\u00f1eres.<\/p>\n<p><img loading=\"lazy\" decoding=\"async\" src=\"http:\/\/www.traba.org\/galeria\/albums\/wpw-20071110\/2007-11_Congres_semFYC_Valladolid_175.jpg\" height=\"480\" width=\"320\" \/><\/p>\n<p>No recordo el nom, per\u00f2 era del grup de qualitat de la semFYC. Fernando, es deia. Gracias Leo.<\/p>\n<p><img decoding=\"async\" src=\"http:\/\/www.traba.org\/galeria\/albums\/wpw-20071110\/2007-11_Congres_semFYC_Valladolid_178.jpg\" \/><\/p>\n<p><img loading=\"lazy\" decoding=\"async\" src=\"http:\/\/www.traba.org\/galeria\/albums\/wpw-20071110\/2007-11_Congres_semFYC_Valladolid_179.jpg\" height=\"333\" width=\"500\" \/><\/p>\n<p>I&#8230; fin del congr\u00e9s!<\/p>\n<p>Mireia.<\/p>\n","protected":false},"excerpt":{"rendered":"<p>Los l\u00edmites de la ciencia. Caiet\u00e0 Permanyer, ex-epidemi\u00f2leg del servei de cardiologia de l&#8217;hospital de la Vall d&#8217;Hebr\u00f3. El Silva, que el Josep ha parlat amb ell i li proposarem&#8230;<\/p>\n","protected":false},"author":5,"featured_media":0,"comment_status":"open","ping_status":"open","sticky":false,"template":"","format":"standard","meta":{"_monsterinsights_skip_tracking":false,"_monsterinsights_sitenote_active":false,"_monsterinsights_sitenote_note":"","_monsterinsights_sitenote_category":0,"footnotes":""},"categories":[7,8],"tags":[],"class_list":["post-42","post","type-post","status-publish","format-standard","hentry","category-congressos","category-valladolid-2007-semfyc"],"_links":{"self":[{"href":"http:\/\/traba.org\/trabablog\/index.php?rest_route=\/wp\/v2\/posts\/42","targetHints":{"allow":["GET"]}}],"collection":[{"href":"http:\/\/traba.org\/trabablog\/index.php?rest_route=\/wp\/v2\/posts"}],"about":[{"href":"http:\/\/traba.org\/trabablog\/index.php?rest_route=\/wp\/v2\/types\/post"}],"author":[{"embeddable":true,"href":"http:\/\/traba.org\/trabablog\/index.php?rest_route=\/wp\/v2\/users\/5"}],"replies":[{"embeddable":true,"href":"http:\/\/traba.org\/trabablog\/index.php?rest_route=%2Fwp%2Fv2%2Fcomments&post=42"}],"version-history":[{"count":2,"href":"http:\/\/traba.org\/trabablog\/index.php?rest_route=\/wp\/v2\/posts\/42\/revisions"}],"predecessor-version":[{"id":1401,"href":"http:\/\/traba.org\/trabablog\/index.php?rest_route=\/wp\/v2\/posts\/42\/revisions\/1401"}],"wp:attachment":[{"href":"http:\/\/traba.org\/trabablog\/index.php?rest_route=%2Fwp%2Fv2%2Fmedia&parent=42"}],"wp:term":[{"taxonomy":"category","embeddable":true,"href":"http:\/\/traba.org\/trabablog\/index.php?rest_route=%2Fwp%2Fv2%2Fcategories&post=42"},{"taxonomy":"post_tag","embeddable":true,"href":"http:\/\/traba.org\/trabablog\/index.php?rest_route=%2Fwp%2Fv2%2Ftags&post=42"}],"curies":[{"name":"wp","href":"https:\/\/api.w.org\/{rel}","templated":true}]}}