{"id":4286,"date":"2011-04-10T11:47:21","date_gmt":"2011-04-10T09:47:21","guid":{"rendered":"http:\/\/www.traba.org\/trabablog\/?p=4286"},"modified":"2011-04-10T11:47:21","modified_gmt":"2011-04-10T09:47:21","slug":"el-cirerer-no-estava-florit","status":"publish","type":"post","link":"http:\/\/traba.org\/trabablog\/?p=4286","title":{"rendered":"el cirerer no estava florit"},"content":{"rendered":"<p>Ahir vam fer gairer\u00e9 punt per punt tot el qu\u00e8 hav\u00edem planificat en el post anterior. Cap sorpresa, excepte que el cirerer no estava florit! &gt;:(<\/p>\n<p>Ens vam aixecar a les 7, molt d&#8217;hora per un dissabte, per\u00f2 si s&#8217;ha de fer es fa \ud83d\ude42<\/p>\n<p>De cam\u00ed cap a la <a href=\"http:\/\/es.wikipedia.org\/wiki\/La_Morera_de_Montsant\" target=\"_blank\">Morera del Montsant,<\/a> vam passar per <a href=\"http:\/\/es.wikipedia.org\/wiki\/Cornudella_de_Montsant\" target=\"_blank\">Cornudella de Montsant<\/a>, on hi ha l&#8217;EAP m\u00e9s petit de Catalunya. I de pas, per <a href=\"http:\/\/es.wikipedia.org\/wiki\/Porrera\" target=\"_blank\">Porrera<\/a>, que mai hagu\u00e9s dit que estava per all\u00e0.<\/p>\n<p>Mitja hora m\u00e9s tard de la planejada, vam arribar a la Morera, i a esmorzar al bar l&#8217;<a href=\"https:\/\/es.foursquare.com\/venue\/20160260\" target=\"_blank\">\u00danic<\/a> que no estava al Foursquare. Ara ja si.<\/p>\n<p>\n<a href=\"http:\/\/www.traba.org\/trabablog\/wp-content\/uploads\/2011\/04\/DSCF7457.jpg\"><img loading=\"lazy\" decoding=\"async\" src=\"http:\/\/www.traba.org\/trabablog\/wp-content\/uploads\/2011\/04\/DSCF7457-tm.jpg\" width=\"500\" height=\"375\" alt=\"DSCF7457\" \/><\/a><\/p>\n<p>Arribant nosaltres. La Laura i el Riki ja estaven all\u00e0.<\/p>\n<p><a href=\"http:\/\/www.traba.org\/trabablog\/wp-content\/uploads\/2011\/04\/DSCF7140.jpg\"><img loading=\"lazy\" decoding=\"async\" src=\"http:\/\/www.traba.org\/trabablog\/wp-content\/uploads\/2011\/04\/DSCF7140-tm.jpg\" width=\"500\" height=\"666\" alt=\"DSCF7140\" \/><\/a><\/p>\n<p>I esmorzant una torrada amb butifarra.<\/p>\n<p><a href=\"http:\/\/www.traba.org\/trabablog\/wp-content\/uploads\/2011\/04\/DSCF7144.jpg\"><img loading=\"lazy\" decoding=\"async\" src=\"http:\/\/www.traba.org\/trabablog\/wp-content\/uploads\/2011\/04\/DSCF7144-tm.jpg\" width=\"500\" height=\"375\" alt=\"DSCF7144\" \/><\/a><\/p>\n<p>Les vistes del Montsant des del bar.<\/p>\n<p><a href=\"http:\/\/www.traba.org\/trabablog\/wp-content\/uploads\/2011\/04\/DSCF7154.jpg\"><img loading=\"lazy\" decoding=\"async\" src=\"http:\/\/www.traba.org\/trabablog\/wp-content\/uploads\/2011\/04\/DSCF7154-tm.jpg\" width=\"500\" height=\"666\" alt=\"DSCF7154\" \/><\/a><\/p>\n<p>Finalment vam fer la ruta moderada, del <a href=\"http:\/\/es.wikiloc.com\/wikiloc\/view.do?id=965918\" target=\"_blank\">clot del Cirer<\/a>.<\/p>\n<p>Les vistes del cam\u00ed de la Morera del Montsant.<\/p>\n<p><a href=\"http:\/\/www.traba.org\/trabablog\/wp-content\/uploads\/2011\/04\/DSCF7181.jpg\"><img loading=\"lazy\" decoding=\"async\" src=\"http:\/\/www.traba.org\/trabablog\/wp-content\/uploads\/2011\/04\/DSCF7181-tm.jpg\" width=\"500\" height=\"375\" alt=\"DSCF7181\" \/><\/a><\/p>\n<p>Feia MOLTA calor, d&#8217;aix\u00f2 els pantalons arromangats del Riki. M&#8217;agrada l&#8217;enquadre d&#8217;aquesta foto. Que per cert, la majoria les ha fet la Laura!<\/p>\n<p><a href=\"http:\/\/www.traba.org\/trabablog\/wp-content\/uploads\/2011\/04\/DSCF7183.jpg\"><img loading=\"lazy\" decoding=\"async\" src=\"http:\/\/www.traba.org\/trabablog\/wp-content\/uploads\/2011\/04\/DSCF7183-tm.jpg\" width=\"500\" height=\"666\" alt=\"DSCF7183\" \/><\/a>&nbsp;&nbsp;<\/p>\n<p>M\u00e9s vistes del Montsant.<\/p>\n<p><a href=\"http:\/\/www.traba.org\/trabablog\/wp-content\/uploads\/2011\/04\/DSCF7186.jpg\"><img loading=\"lazy\" decoding=\"async\" src=\"http:\/\/www.traba.org\/trabablog\/wp-content\/uploads\/2011\/04\/DSCF7186-tm.jpg\" width=\"500\" height=\"375\" alt=\"DSCF7186\" \/><\/a><\/p>\n<p>Pujant.<\/p>\n<p><a href=\"http:\/\/www.traba.org\/trabablog\/wp-content\/uploads\/2011\/04\/DSCF7191.jpg\"><img loading=\"lazy\" decoding=\"async\" src=\"http:\/\/www.traba.org\/trabablog\/wp-content\/uploads\/2011\/04\/DSCF7191-tm.jpg\" width=\"500\" height=\"374\" alt=\"DSCF7191\" \/><\/a><\/p>\n<p>Nosaltres sota l&#8217;hombra del rei i la reina.<\/p>\n<p><a href=\"http:\/\/www.traba.org\/trabablog\/wp-content\/uploads\/2011\/04\/DSCF7198.jpg\"><img loading=\"lazy\" decoding=\"async\" src=\"http:\/\/www.traba.org\/trabablog\/wp-content\/uploads\/2011\/04\/DSCF7198-tm.jpg\" width=\"500\" height=\"666\" alt=\"DSCF7198\" \/><\/a><\/p>\n<p>I pujant.<\/p>\n<p><a href=\"http:\/\/www.traba.org\/trabablog\/wp-content\/uploads\/2011\/04\/DSCF7212.jpg\"><img loading=\"lazy\" decoding=\"async\" src=\"http:\/\/www.traba.org\/trabablog\/wp-content\/uploads\/2011\/04\/DSCF7212-tm.jpg\" width=\"500\" height=\"666\" alt=\"DSCF7212\" \/><\/a><\/p>\n<p>Tot molt sec&#8230; paissatge curi\u00f3s.<\/p>\n<p><a href=\"http:\/\/www.traba.org\/trabablog\/wp-content\/uploads\/2011\/04\/DSCF7217.jpg\"><img loading=\"lazy\" decoding=\"async\" src=\"http:\/\/www.traba.org\/trabablog\/wp-content\/uploads\/2011\/04\/DSCF7217-tm.jpg\" width=\"500\" height=\"375\" alt=\"DSCF7217\" \/><\/a><\/p>\n<p>El pil\u00f3 dels senyalets.<\/p>\n<p><a href=\"http:\/\/www.traba.org\/trabablog\/wp-content\/uploads\/2011\/04\/DSCF7234.jpg\"><img loading=\"lazy\" decoding=\"async\" src=\"http:\/\/www.traba.org\/trabablog\/wp-content\/uploads\/2011\/04\/DSCF7234-tm.jpg\" width=\"500\" height=\"666\" alt=\"DSCF7234\" \/><\/a><\/p>\n<p>El pi del Cugat. Sempre hi ha d&#8217;haver un pi emblem\u00e0tic pel cam\u00ed.<\/p>\n<p><a href=\"http:\/\/www.traba.org\/trabablog\/wp-content\/uploads\/2011\/04\/DSCF7266.jpg\"><img loading=\"lazy\" decoding=\"async\" src=\"http:\/\/www.traba.org\/trabablog\/wp-content\/uploads\/2011\/04\/DSCF7266-tm.jpg\" width=\"500\" height=\"375\" alt=\"DSCF7266\" \/><\/a><\/p>\n<p>I l&#8217;oasis al mig de tat aquest paissatge sec: el clot del cirer.<\/p>\n<p><a href=\"http:\/\/www.traba.org\/trabablog\/wp-content\/uploads\/2011\/04\/DSCF7270.jpg\"><img loading=\"lazy\" decoding=\"async\" src=\"http:\/\/www.traba.org\/trabablog\/wp-content\/uploads\/2011\/04\/DSCF7270-tm.jpg\" width=\"500\" height=\"375\" alt=\"DSCF7270\" \/><\/a><\/p>\n<p>Per\u00f2 el cirerer no estava florit.<\/p>\n<p><a href=\"http:\/\/www.traba.org\/trabablog\/wp-content\/uploads\/2011\/04\/IMG_8603.jpg\"><img loading=\"lazy\" decoding=\"async\" src=\"http:\/\/www.traba.org\/trabablog\/wp-content\/uploads\/2011\/04\/IMG_8603-tm.jpg\" width=\"500\" height=\"333\" alt=\"IMG_8603\" \/><\/a><\/p>\n<p><a href=\"http:\/\/www.traba.org\/trabablog\/wp-content\/uploads\/2011\/04\/DSCF7280.jpg\"><img loading=\"lazy\" decoding=\"async\" src=\"http:\/\/www.traba.org\/trabablog\/wp-content\/uploads\/2011\/04\/DSCF7280-tm.jpg\" width=\"500\" height=\"375\" alt=\"DSCF7280\" \/><\/a><\/p>\n<p>El terra estava ple d&#8217;ortigues&#8230; eh, Laura? ;P<\/p>\n<p><a href=\"http:\/\/www.traba.org\/trabablog\/wp-content\/uploads\/2011\/04\/DSCF7323.jpg\"><img loading=\"lazy\" decoding=\"async\" src=\"http:\/\/www.traba.org\/trabablog\/wp-content\/uploads\/2011\/04\/DSCF7323-tm.jpg\" width=\"500\" height=\"375\" alt=\"DSCF7323\" \/><\/a><\/p>\n<p>Descansant.<\/p>\n<p><a href=\"http:\/\/www.traba.org\/trabablog\/wp-content\/uploads\/2011\/04\/DSCF7329.jpg\"><img loading=\"lazy\" decoding=\"async\" src=\"http:\/\/www.traba.org\/trabablog\/wp-content\/uploads\/2011\/04\/DSCF7329-tm.jpg\" width=\"500\" height=\"666\" alt=\"DSCF7329\" \/><\/a><\/p>\n<p>Un dels cirerers. Jo fent-li fotos.<\/p>\n<p><a href=\"http:\/\/www.traba.org\/trabablog\/wp-content\/uploads\/2011\/04\/DSCF7342.jpg\"><img loading=\"lazy\" decoding=\"async\" src=\"http:\/\/www.traba.org\/trabablog\/wp-content\/uploads\/2011\/04\/DSCF7342-tm.jpg\" width=\"500\" height=\"666\" alt=\"DSCF7342\" \/><\/a><\/p>\n<p>La meva foto.<\/p>\n<p><a href=\"http:\/\/www.traba.org\/trabablog\/wp-content\/uploads\/2011\/04\/IMG_8606.jpg\"><img loading=\"lazy\" decoding=\"async\" src=\"http:\/\/www.traba.org\/trabablog\/wp-content\/uploads\/2011\/04\/IMG_8606-tm.jpg\" width=\"500\" height=\"333\" alt=\"IMG_8606\" \/><\/a><\/p>\n<p>El mono del <a href=\"http:\/\/www.geocaching.com\/seek\/cache_details.aspx?guid=67f03d94-5360-4953-a72c-eef88f38b066\" target=\"_blank\">geocach\u00e9<\/a>.<\/p>\n<p><a href=\"http:\/\/www.traba.org\/trabablog\/wp-content\/uploads\/2011\/04\/IMG_8599.jpg\"><img loading=\"lazy\" decoding=\"async\" src=\"http:\/\/www.traba.org\/trabablog\/wp-content\/uploads\/2011\/04\/IMG_8599-tm.jpg\" width=\"500\" height=\"333\" alt=\"IMG_8599\" \/><\/a><\/p>\n<p>El vaig intercenviar pel Kirby.<\/p>\n<p><iframe loading=\"lazy\" title=\"YouTube video player\" width=\"480\" height=\"390\" src=\"http:\/\/www.youtube.com\/embed\/fFpGySRgwmk\" frameborder=\"0\"><\/iframe><\/p>\n<p>Ja de baixada.<\/p>\n<p><a href=\"http:\/\/www.traba.org\/trabablog\/wp-content\/uploads\/2011\/04\/DSCF7359.jpg\"><img loading=\"lazy\" decoding=\"async\" src=\"http:\/\/www.traba.org\/trabablog\/wp-content\/uploads\/2011\/04\/DSCF7359-tm.jpg\" width=\"500\" height=\"375\" alt=\"DSCF7359\" \/><\/a><\/p>\n<p>Tot un p\u00e8l vertigin\u00f3s.<\/p>\n<p><a href=\"http:\/\/www.traba.org\/trabablog\/wp-content\/uploads\/2011\/04\/DSCF7380.jpg\"><img loading=\"lazy\" decoding=\"async\" src=\"http:\/\/www.traba.org\/trabablog\/wp-content\/uploads\/2011\/04\/DSCF7380-tm.jpg\" width=\"500\" height=\"666\" alt=\"DSCF7380\" \/><\/a><\/p>\n<p><a href=\"http:\/\/www.traba.org\/trabablog\/wp-content\/uploads\/2011\/04\/DSCF7383.jpg\"><img loading=\"lazy\" decoding=\"async\" src=\"http:\/\/www.traba.org\/trabablog\/wp-content\/uploads\/2011\/04\/DSCF7383-tm.jpg\" width=\"500\" height=\"375\" alt=\"DSCF7383\" \/><\/a><\/p>\n<p><a href=\"http:\/\/www.traba.org\/trabablog\/wp-content\/uploads\/2011\/04\/DSCF7412.jpg\"><img loading=\"lazy\" decoding=\"async\" src=\"http:\/\/www.traba.org\/trabablog\/wp-content\/uploads\/2011\/04\/DSCF7412-tm.jpg\" width=\"500\" height=\"666\" alt=\"DSCF7412\" \/><\/a><\/p>\n<p><a href=\"http:\/\/www.traba.org\/trabablog\/wp-content\/uploads\/2011\/04\/DSCF7414.jpg\"><img loading=\"lazy\" decoding=\"async\" src=\"http:\/\/www.traba.org\/trabablog\/wp-content\/uploads\/2011\/04\/DSCF7414-tm.jpg\" width=\"500\" height=\"666\" alt=\"DSCF7414\" \/><\/a><\/p>\n<p>Descansant a la poca sombra que hi havia. I sense aigua.<\/p>\n<p><a href=\"http:\/\/www.traba.org\/trabablog\/wp-content\/uploads\/2011\/04\/DSCF7427.jpg\"><img loading=\"lazy\" decoding=\"async\" src=\"http:\/\/www.traba.org\/trabablog\/wp-content\/uploads\/2011\/04\/DSCF7427-tm.jpg\" width=\"500\" height=\"375\" alt=\"DSCF7427\" \/><\/a><\/p>\n<p>NOTA: 1 litre per cap, en una excursi\u00f3 de 9 km a l&#8217;estiu \u00e9s molt poc!<\/p>\n<p>Ja es veia el poble \ud83d\ude42<\/p>\n<p><a href=\"http:\/\/www.traba.org\/trabablog\/wp-content\/uploads\/2011\/04\/DSCF7428.jpg\"><img loading=\"lazy\" decoding=\"async\" src=\"http:\/\/www.traba.org\/trabablog\/wp-content\/uploads\/2011\/04\/DSCF7428-tm.jpg\" width=\"500\" height=\"375\" alt=\"DSCF7428\" \/><\/a><\/p>\n<p>Les vinyes.<\/p>\n<p><a href=\"http:\/\/www.traba.org\/trabablog\/wp-content\/uploads\/2011\/04\/DSCF7449.jpg\"><img loading=\"lazy\" decoding=\"async\" src=\"http:\/\/www.traba.org\/trabablog\/wp-content\/uploads\/2011\/04\/DSCF7449-tm.jpg\" width=\"500\" height=\"375\" alt=\"DSCF7449\" \/><\/a><\/p>\n<p>La roba estesa.<\/p>\n<p><a href=\"http:\/\/www.traba.org\/trabablog\/wp-content\/uploads\/2011\/04\/DSCF7450.jpg\"><img loading=\"lazy\" decoding=\"async\" src=\"http:\/\/www.traba.org\/trabablog\/wp-content\/uploads\/2011\/04\/DSCF7450-tm.jpg\" width=\"500\" height=\"375\" alt=\"DSCF7450\" \/><\/a><\/p>\n<p>I cap a casa baldats!<\/p>\n<p>Fins la propera \ud83d\ude42<\/p>\n","protected":false},"excerpt":{"rendered":"<p>&gt;:( Env vam ixecar a les 7, mot d&#8217;hora per un dissabte, per\u00f2 si s&#8217;ha de fer es fa \ud83d\ude42 De cam\u00ed cap a la Morera del Montsant, vam passar per Cornudella de Montsant , on hi ha l&#8217;EAP m\u00e9s petit de Catalunya. &#8230; La Laura i el Riki ja estaven all\u00e0. <a href=\"http:\/\/www.traba.org\/trabablog\/wp-content\/uploads\/2011\/04\/DSCF7140.jpg\"><img loading=\"lazy\" decoding=\"async\" src=\"http:\/\/www.traba.org\/trabablog\/wp-content\/uploads\/2011\/04\/DSCF7140-tm.jpg\" width=\"500\" height=\"666\" alt=\"DSCF7140\" \/><\/a> I esmorzant una torrada amb butifarra. <a href=\"http:\/\/www.traba.org\/trabablog\/wp-content\/uploads\/2011\/04\/DSCF7144.jpg\"><img loading=\"lazy\" decoding=\"async\" src=\"http:\/\/www.traba.org\/trabablog\/wp-content\/uploads\/2011\/04\/DSCF7144-tm.jpg\" width=\"500\" height=\"375\" alt=\"DSCF7144\" \/><\/a> Les vistes del Montsant des del bar. <a href=\"http:\/\/www.traba.org\/trabablog\/wp-content\/uploads\/2011\/04\/DSCF7154.jpg\"><img loading=\"lazy\" decoding=\"async\" src=\"http:\/\/www.traba.org\/trabablog\/wp-content\/uploads\/2011\/04\/DSCF7154-tm.jpg\" width=\"500\" height=\"666\" alt=\"DSCF7154\" \/><\/a> Finalment vam fer la ruta moderada, del clot del Cirer .<\/p>\n","protected":false},"author":5,"featured_media":0,"comment_status":"open","ping_status":"closed","sticky":false,"template":"","format":"standard","meta":{"_monsterinsights_skip_tracking":false,"_monsterinsights_sitenote_active":false,"_monsterinsights_sitenote_note":"","_monsterinsights_sitenote_category":0,"footnotes":""},"categories":[28],"tags":[40,80,68],"class_list":["post-4286","post","type-post","status-publish","format-standard","hentry","category-ordinary-days","tag-geocaching","tag-primavera","tag-wikiloc"],"_links":{"self":[{"href":"http:\/\/traba.org\/trabablog\/index.php?rest_route=\/wp\/v2\/posts\/4286","targetHints":{"allow":["GET"]}}],"collection":[{"href":"http:\/\/traba.org\/trabablog\/index.php?rest_route=\/wp\/v2\/posts"}],"about":[{"href":"http:\/\/traba.org\/trabablog\/index.php?rest_route=\/wp\/v2\/types\/post"}],"author":[{"embeddable":true,"href":"http:\/\/traba.org\/trabablog\/index.php?rest_route=\/wp\/v2\/users\/5"}],"replies":[{"embeddable":true,"href":"http:\/\/traba.org\/trabablog\/index.php?rest_route=%2Fwp%2Fv2%2Fcomments&post=4286"}],"version-history":[{"count":0,"href":"http:\/\/traba.org\/trabablog\/index.php?rest_route=\/wp\/v2\/posts\/4286\/revisions"}],"wp:attachment":[{"href":"http:\/\/traba.org\/trabablog\/index.php?rest_route=%2Fwp%2Fv2%2Fmedia&parent=4286"}],"wp:term":[{"taxonomy":"category","embeddable":true,"href":"http:\/\/traba.org\/trabablog\/index.php?rest_route=%2Fwp%2Fv2%2Fcategories&post=4286"},{"taxonomy":"post_tag","embeddable":true,"href":"http:\/\/traba.org\/trabablog\/index.php?rest_route=%2Fwp%2Fv2%2Ftags&post=4286"}],"curies":[{"name":"wp","href":"https:\/\/api.w.org\/{rel}","templated":true}]}}