{"id":4348,"date":"2011-04-21T23:00:23","date_gmt":"2011-04-21T21:00:23","guid":{"rendered":"http:\/\/www.traba.org\/trabablog\/?p=4348"},"modified":"2011-04-25T20:49:48","modified_gmt":"2011-04-25T18:49:48","slug":"la-velocitat-del-flash-es-190","status":"publish","type":"post","link":"http:\/\/traba.org\/trabablog\/?p=4348","title":{"rendered":"la velocitat del flash \u00e9s 1\/90?"},"content":{"rendered":"<p>abans de res, el gatet dels ve\u00efns.<\/p>\n<p><a href=\"http:\/\/www.traba.org\/trabablog\/wp-content\/uploads\/2011\/04\/IMG_8610.jpg\"><img loading=\"lazy\" decoding=\"async\" src=\"http:\/\/www.traba.org\/trabablog\/wp-content\/uploads\/2011\/04\/IMG_8610-tm.jpg\" width=\"500\" height=\"333\" alt=\"IMG_8610\" \/><\/a><\/p>\n<p>i les floretes de primavera de casa nostra.<\/p>\n<p><a href=\"http:\/\/www.traba.org\/trabablog\/wp-content\/uploads\/2011\/04\/IMG_8611.jpg\"><img loading=\"lazy\" decoding=\"async\" src=\"http:\/\/www.traba.org\/trabablog\/wp-content\/uploads\/2011\/04\/IMG_8611-tm.jpg\" width=\"500\" height=\"333\" alt=\"IMG_8611\" \/><\/a><\/p>\n<p>vam agafar el barco de Balearia a les 15:30 que va arribar a les 21:30 a Ciutadella. no mareja molt, per alguns. per altres si&#8230;<\/p>\n<p>el Jordi dormint. es trobava malament&#8230;<\/p>\n<p><a href=\"http:\/\/www.traba.org\/trabablog\/wp-content\/uploads\/2011\/04\/IMG_8623.jpg\"><img loading=\"lazy\" decoding=\"async\" src=\"http:\/\/www.traba.org\/trabablog\/wp-content\/uploads\/2011\/04\/IMG_8623-tm.jpg\" width=\"500\" height=\"333\" alt=\"IMG_8623\" \/><\/a><\/p>\n<p>conversant&#8230; en serio. en breu el color que li quedava a la Bego\u00f1a va desapar\u00e8ixer.<\/p>\n<p><a href=\"http:\/\/www.traba.org\/trabablog\/wp-content\/uploads\/2011\/04\/IMG_8630.jpg\"><img loading=\"lazy\" decoding=\"async\" src=\"http:\/\/www.traba.org\/trabablog\/wp-content\/uploads\/2011\/04\/IMG_8630-tm.jpg\" width=\"500\" height=\"333\" alt=\"IMG_8630\" \/><\/a><\/p>\n<p>mirant&#8230; us presento a la Joana.<\/p>\n<p><a href=\"http:\/\/www.traba.org\/trabablog\/wp-content\/uploads\/2011\/04\/IMG_8631.jpg\"><img loading=\"lazy\" decoding=\"async\" src=\"http:\/\/www.traba.org\/trabablog\/wp-content\/uploads\/2011\/04\/IMG_8631-tm.jpg\" width=\"500\" height=\"333\" alt=\"IMG_8631\" \/><\/a><\/p>\n<p>els ulls del Manolo.<\/p>\n<p><a href=\"http:\/\/www.traba.org\/trabablog\/wp-content\/uploads\/2011\/04\/IMG_8633.jpg\"><img loading=\"lazy\" decoding=\"async\" src=\"http:\/\/www.traba.org\/trabablog\/wp-content\/uploads\/2011\/04\/IMG_8633-tm.jpg\" width=\"500\" height=\"333\" alt=\"IMG_8633\" \/><\/a><\/p>\n<p><a href=\"http:\/\/www.traba.org\/trabablog\/wp-content\/uploads\/2011\/04\/IMG_8633.jpg\"><\/a>la casa est\u00e0 al cam\u00ed de sant Llu\u00eds a es Castell, a Toraixa vell.<\/p>\n<p>jugant a les 9 del mat\u00ed a juego de tronos. com sempre, no ha guanyat ning\u00fa per variar. Stark vs Martell.<\/p>\n<p><a href=\"http:\/\/www.traba.org\/trabablog\/wp-content\/uploads\/2011\/04\/IMG_8642.jpg\"><img loading=\"lazy\" decoding=\"async\" src=\"http:\/\/www.traba.org\/trabablog\/wp-content\/uploads\/2011\/04\/IMG_8642-tm.jpg\" width=\"500\" height=\"674\" alt=\"IMG_8642\" \/><\/a><\/p>\n<p><a href=\"http:\/\/www.traba.org\/trabablog\/wp-content\/uploads\/2011\/04\/IMG_8644.jpg\"><img loading=\"lazy\" decoding=\"async\" src=\"http:\/\/www.traba.org\/trabablog\/wp-content\/uploads\/2011\/04\/IMG_8644-tm.jpg\" width=\"500\" height=\"333\" alt=\"IMG_8644\" \/><\/a><\/p>\n<p>la nostra excursi\u00f3 preferida, la de deixar un cotxe a una punta i l&#8217;altre a l&#8217;altra: de mitjana, trebal\u00fajer, fustam, escorxada i a sant Tom\u00e1s. no hi era a wikiloc, aix\u00ed que l&#8217;he panjada.<\/p>\n<p><iframe loading=\"lazy\" frameborder=\"0\" src=\"http:\/\/es.wikiloc.com\/wikiloc\/spatialArtifacts.do?event=view&amp;id=1633290&amp;measures=off&amp;title=off&amp;near=off&amp;images=off&amp;maptype=S\" width=\"500px\" height=\"400px\"><\/iframe><\/p>\n<p>la Joana fora del b\u00fanquer.<\/p>\n<p><a href=\"http:\/\/www.traba.org\/trabablog\/wp-content\/uploads\/2011\/04\/100_0718.jpg\"><img loading=\"lazy\" decoding=\"async\" src=\"http:\/\/www.traba.org\/trabablog\/wp-content\/uploads\/2011\/04\/100_0718-tm.jpg\" width=\"500\" height=\"375\" alt=\"100_0718\" \/><\/a><\/p>\n<p>els arbolillos.<\/p>\n<p><a href=\"http:\/\/www.traba.org\/trabablog\/wp-content\/uploads\/2011\/04\/100_0719.jpg\"><img loading=\"lazy\" decoding=\"async\" src=\"http:\/\/www.traba.org\/trabablog\/wp-content\/uploads\/2011\/04\/100_0719-tm.jpg\" width=\"500\" height=\"375\" alt=\"100_0719\" \/><\/a><\/p>\n<p><a href=\"http:\/\/www.traba.org\/trabablog\/wp-content\/uploads\/2011\/04\/100_07201.jpg\"><img loading=\"lazy\" decoding=\"async\" src=\"http:\/\/www.traba.org\/trabablog\/wp-content\/uploads\/2011\/04\/100_0720-tm.jpg\" width=\"500\" height=\"375\" alt=\"100_0720\" \/><\/a><\/p>\n<p><a href=\"http:\/\/www.traba.org\/trabablog\/wp-content\/uploads\/2011\/04\/100_0723.jpg\"><img loading=\"lazy\" decoding=\"async\" src=\"http:\/\/www.traba.org\/trabablog\/wp-content\/uploads\/2011\/04\/100_0723-tm.jpg\" width=\"500\" height=\"375\" alt=\"100_0723\" \/><\/a><\/p>\n<p>la Joana.<\/p>\n<p><a href=\"http:\/\/www.traba.org\/trabablog\/wp-content\/uploads\/2011\/04\/DSC_0109.jpg\"><img loading=\"lazy\" decoding=\"async\" src=\"http:\/\/www.traba.org\/trabablog\/wp-content\/uploads\/2011\/04\/DSC_0109-tm.jpg\" width=\"500\" height=\"368\" alt=\"DSC_0109\" \/><\/a><\/p>\n<p>el Manolo.<\/p>\n<p><a href=\"http:\/\/www.traba.org\/trabablog\/wp-content\/uploads\/2011\/04\/DSC_0114.jpg\"><img loading=\"lazy\" decoding=\"async\" src=\"http:\/\/www.traba.org\/trabablog\/wp-content\/uploads\/2011\/04\/DSC_0114-tm.jpg\" width=\"500\" height=\"334\" alt=\"DSC_0114\" \/><\/a><\/p>\n<p>corrent.<\/p>\n<p><a href=\"http:\/\/www.traba.org\/trabablog\/wp-content\/uploads\/2011\/04\/DSC_0121.jpg\"><img loading=\"lazy\" decoding=\"async\" src=\"http:\/\/www.traba.org\/trabablog\/wp-content\/uploads\/2011\/04\/DSC_0121-tm.jpg\" width=\"500\" height=\"334\" alt=\"DSC_0121\" \/><\/a><\/p>\n<p>a punt de&#8230;<\/p>\n<p><a href=\"http:\/\/www.traba.org\/trabablog\/wp-content\/uploads\/2011\/04\/IMG_8657.jpg\"><img loading=\"lazy\" decoding=\"async\" src=\"http:\/\/www.traba.org\/trabablog\/wp-content\/uploads\/2011\/04\/IMG_8657-tm.jpg\" width=\"500\" height=\"385\" alt=\"IMG_8657\" \/><\/a><\/p>\n<p>saltar a sobre del pare.<\/p>\n<p><a href=\"http:\/\/www.traba.org\/trabablog\/wp-content\/uploads\/2011\/04\/IMG_8658.jpg\"><img loading=\"lazy\" decoding=\"async\" src=\"http:\/\/www.traba.org\/trabablog\/wp-content\/uploads\/2011\/04\/IMG_8658-tm.jpg\" width=\"500\" height=\"333\" alt=\"IMG_8658\" \/><\/a><\/p>\n<p>saltant.<\/p>\n<p><a href=\"http:\/\/www.traba.org\/trabablog\/wp-content\/uploads\/2011\/04\/IMG_8665.jpg\"><img loading=\"lazy\" decoding=\"async\" src=\"http:\/\/www.traba.org\/trabablog\/wp-content\/uploads\/2011\/04\/IMG_8665-tm.jpg\" width=\"500\" height=\"333\" alt=\"IMG_8665\" \/><\/a><\/p>\n<p>corrent.<\/p>\n<p><a href=\"http:\/\/www.traba.org\/trabablog\/wp-content\/uploads\/2011\/04\/IMG_8667.jpg\"><img loading=\"lazy\" decoding=\"async\" src=\"http:\/\/www.traba.org\/trabablog\/wp-content\/uploads\/2011\/04\/IMG_8667-tm.jpg\" width=\"500\" height=\"333\" alt=\"IMG_8667\" \/><\/a><\/p>\n<p>ganyotes.<\/p>\n<p><a href=\"http:\/\/www.traba.org\/trabablog\/wp-content\/uploads\/2011\/04\/IMG_8675.jpg\"><img loading=\"lazy\" decoding=\"async\" src=\"http:\/\/www.traba.org\/trabablog\/wp-content\/uploads\/2011\/04\/IMG_8675-tm.jpg\" width=\"500\" height=\"333\" alt=\"IMG_8675\" \/><\/a><\/p>\n<p>hola \ud83d\ude42<\/p>\n<p><a href=\"http:\/\/www.traba.org\/trabablog\/wp-content\/uploads\/2011\/04\/IMG_8677.jpg\"><img loading=\"lazy\" decoding=\"async\" src=\"http:\/\/www.traba.org\/trabablog\/wp-content\/uploads\/2011\/04\/IMG_8677-tm.jpg\" width=\"500\" height=\"333\" alt=\"IMG_8677\" \/><\/a><\/p>\n<p>tirant sorra a l&#8217;aigua.<\/p>\n<p><a href=\"http:\/\/www.traba.org\/trabablog\/wp-content\/uploads\/2011\/04\/IMG_8680.jpg\"><img loading=\"lazy\" decoding=\"async\" src=\"http:\/\/www.traba.org\/trabablog\/wp-content\/uploads\/2011\/04\/IMG_8680-tm.jpg\" width=\"500\" height=\"333\" alt=\"IMG_8680\" \/><\/a><\/p>\n<p>hora de seguir caminant.<\/p>\n<p><a href=\"http:\/\/www.traba.org\/trabablog\/wp-content\/uploads\/2011\/04\/IMG_8683.jpg\"><img loading=\"lazy\" decoding=\"async\" src=\"http:\/\/www.traba.org\/trabablog\/wp-content\/uploads\/2011\/04\/IMG_8683-tm.jpg\" width=\"500\" height=\"333\" alt=\"IMG_8683\" \/><\/a><\/p>\n<p>13 kilos&#8230;<\/p>\n<p><a href=\"http:\/\/www.traba.org\/trabablog\/wp-content\/uploads\/2011\/04\/IMG_8687.jpg\"><img loading=\"lazy\" decoding=\"async\" src=\"http:\/\/www.traba.org\/trabablog\/wp-content\/uploads\/2011\/04\/IMG_8687-tm.jpg\" width=\"500\" height=\"750\" alt=\"IMG_8687\" \/><\/a><\/p>\n<p>la poma.<\/p>\n<p><a href=\"http:\/\/www.traba.org\/trabablog\/wp-content\/uploads\/2011\/04\/DSC_0135.jpg\"><img loading=\"lazy\" decoding=\"async\" src=\"http:\/\/www.traba.org\/trabablog\/wp-content\/uploads\/2011\/04\/DSC_0135-tm.jpg\" width=\"500\" height=\"334\" alt=\"DSC_0135\" \/><\/a><\/p>\n<p>a Sant Tomas.<\/p>\n<p><a href=\"http:\/\/www.traba.org\/trabablog\/wp-content\/uploads\/2011\/04\/DSC_0146.jpg\"><img loading=\"lazy\" decoding=\"async\" src=\"http:\/\/www.traba.org\/trabablog\/wp-content\/uploads\/2011\/04\/DSC_0146-tm.jpg\" width=\"500\" height=\"334\" alt=\"DSC_0146\" \/><\/a><\/p>\n<p>el Ferrari.<\/p>\n<p><a href=\"http:\/\/www.traba.org\/trabablog\/wp-content\/uploads\/2011\/04\/DSC_0154.jpg\"><img loading=\"lazy\" decoding=\"async\" src=\"http:\/\/www.traba.org\/trabablog\/wp-content\/uploads\/2011\/04\/DSC_0154-tm.jpg\" width=\"500\" height=\"334\" alt=\"DSC_0154\" \/><\/a><\/p>\n<p>que et tiro la sorra!<\/p>\n<p><a href=\"http:\/\/www.traba.org\/trabablog\/wp-content\/uploads\/2011\/04\/DSC_0169.jpg\"><img loading=\"lazy\" decoding=\"async\" src=\"http:\/\/www.traba.org\/trabablog\/wp-content\/uploads\/2011\/04\/DSC_0169-tm.jpg\" width=\"500\" height=\"334\" alt=\"DSC_0169\" \/><\/a><\/p>\n<p>cala Rafaelet inundada i turbia.<\/p>\n<p><a href=\"http:\/\/www.traba.org\/trabablog\/wp-content\/uploads\/2011\/04\/IMG_8727.jpg\"><img loading=\"lazy\" decoding=\"async\" src=\"http:\/\/www.traba.org\/trabablog\/wp-content\/uploads\/2011\/04\/IMG_8727-tm.jpg\" width=\"500\" height=\"333\" alt=\"IMG_8727\" \/><\/a><\/p>\n<p>per qu\u00e8 les branques d&#8217;aquest arbre surten cap a dalt?<\/p>\n<p><a href=\"http:\/\/www.traba.org\/trabablog\/wp-content\/uploads\/2011\/04\/IMG_8763.jpg\"><img loading=\"lazy\" decoding=\"async\" src=\"http:\/\/www.traba.org\/trabablog\/wp-content\/uploads\/2011\/04\/IMG_8763-tm.jpg\" width=\"500\" height=\"333\" alt=\"IMG_8763\" \/><\/a><\/p>\n","protected":false},"excerpt":{"rendered":"<p>abans de res, el gatet dels ve\u00efns. i les floretes de primavera de casa nostra. vam agafar el barco de Balearia a les 15:30 que va arribar a les 21:30&#8230;<\/p>\n","protected":false},"author":5,"featured_media":0,"comment_status":"open","ping_status":"closed","sticky":false,"template":"","format":"standard","meta":{"_monsterinsights_skip_tracking":false,"_monsterinsights_sitenote_active":false,"_monsterinsights_sitenote_note":"","_monsterinsights_sitenote_category":0,"footnotes":""},"categories":[81,4],"tags":[82,41,39,42,80],"class_list":["post-4348","post","type-post","status-publish","format-standard","hentry","category-menorca-2011","category-vacances","tag-jdt","tag-mar","tag-menorca","tag-platja","tag-primavera"],"_links":{"self":[{"href":"http:\/\/traba.org\/trabablog\/index.php?rest_route=\/wp\/v2\/posts\/4348","targetHints":{"allow":["GET"]}}],"collection":[{"href":"http:\/\/traba.org\/trabablog\/index.php?rest_route=\/wp\/v2\/posts"}],"about":[{"href":"http:\/\/traba.org\/trabablog\/index.php?rest_route=\/wp\/v2\/types\/post"}],"author":[{"embeddable":true,"href":"http:\/\/traba.org\/trabablog\/index.php?rest_route=\/wp\/v2\/users\/5"}],"replies":[{"embeddable":true,"href":"http:\/\/traba.org\/trabablog\/index.php?rest_route=%2Fwp%2Fv2%2Fcomments&post=4348"}],"version-history":[{"count":3,"href":"http:\/\/traba.org\/trabablog\/index.php?rest_route=\/wp\/v2\/posts\/4348\/revisions"}],"predecessor-version":[{"id":4524,"href":"http:\/\/traba.org\/trabablog\/index.php?rest_route=\/wp\/v2\/posts\/4348\/revisions\/4524"}],"wp:attachment":[{"href":"http:\/\/traba.org\/trabablog\/index.php?rest_route=%2Fwp%2Fv2%2Fmedia&parent=4348"}],"wp:term":[{"taxonomy":"category","embeddable":true,"href":"http:\/\/traba.org\/trabablog\/index.php?rest_route=%2Fwp%2Fv2%2Fcategories&post=4348"},{"taxonomy":"post_tag","embeddable":true,"href":"http:\/\/traba.org\/trabablog\/index.php?rest_route=%2Fwp%2Fv2%2Ftags&post=4348"}],"curies":[{"name":"wp","href":"https:\/\/api.w.org\/{rel}","templated":true}]}}