{"id":44,"date":"2007-12-31T18:10:53","date_gmt":"2007-12-31T16:10:53","guid":{"rendered":"http:\/\/www.traba.org\/trabablog\/?p=44"},"modified":"2007-12-31T18:10:53","modified_gmt":"2007-12-31T16:10:53","slug":"31-de-desembre-a-la-platja","status":"publish","type":"post","link":"http:\/\/traba.org\/trabablog\/?p=44","title":{"rendered":"31 de desembre a la platja"},"content":{"rendered":"<p>Despr\u00e9s de tants dies de vacances, per fi hem pogut perdre el temps!\u00a0 Hem anat a la platja \ud83d\ude42<\/p>\n<p><img loading=\"lazy\" decoding=\"async\" src=\"http:\/\/www.traba.org\/galeria\/albums\/wpw-20071231\/normal_2007-12-31_Platja_Barcelona_001.jpg\" height=\"374\" width=\"499\" \/><\/p>\n<p>Prenent el sol de desembre.<\/p>\n<p><img loading=\"lazy\" decoding=\"async\" src=\"http:\/\/www.traba.org\/galeria\/albums\/wpw-20071231\/normal_2007-12-31_Platja_Barcelona_026.jpg\" height=\"375\" width=\"500\" \/><\/p>\n<p>Us punkis francesos que estaven per all\u00e0.<\/p>\n<p><img loading=\"lazy\" decoding=\"async\" src=\"http:\/\/www.traba.org\/galeria\/albums\/wpw-20071231\/normal_2007-12-31_Platja_Barcelona_032.jpg\" height=\"378\" width=\"505\" \/><\/p>\n<p>Jugant amb la sorra.<\/p>\n<p><img loading=\"lazy\" decoding=\"async\" src=\"http:\/\/www.traba.org\/galeria\/albums\/wpw-20071231\/2007-12-31_Platja_Barcelona_034.jpg\" height=\"671\" width=\"504\" \/><\/p>\n<p><img loading=\"lazy\" decoding=\"async\" src=\"http:\/\/www.traba.org\/galeria\/albums\/wpw-20071231\/normal_2007-12-31_Platja_Barcelona_038.jpg\" height=\"376\" width=\"502\" \/><\/p>\n<p><img loading=\"lazy\" decoding=\"async\" src=\"http:\/\/www.traba.org\/galeria\/albums\/wpw-20071231\/normal_2007-12-31_Platja_Barcelona_007.jpg\" height=\"369\" width=\"493\" \/><\/p>\n<p>Uns altres prenent el sol.<\/p>\n<p><img loading=\"lazy\" decoding=\"async\" src=\"http:\/\/www.traba.org\/galeria\/albums\/wpw-20071231\/normal_2007-12-31_Platja_Barcelona_048.jpg\" height=\"372\" width=\"497\" \/><\/p>\n<p>Una mica m\u00e9s cap a les torres.<\/p>\n<p><img loading=\"lazy\" decoding=\"async\" src=\"http:\/\/www.traba.org\/galeria\/albums\/wpw-20071231\/normal_2007-12-31_Platja_Barcelona_054.jpg\" height=\"374\" width=\"499\" \/><\/p>\n<p>Per aqu\u00ed sonava un tromb\u00f3, que no fos el Woody Allen practicant pel concert de dem\u00e0&#8230;<\/p>\n<p><img loading=\"lazy\" decoding=\"async\" src=\"http:\/\/www.traba.org\/galeria\/albums\/wpw-20071231\/normal_2007-12-31_Platja_Barcelona_061.jpg\" height=\"373\" width=\"498\" \/><\/p>\n<p>I tot de surferus.<\/p>\n<p><img loading=\"lazy\" decoding=\"async\" src=\"http:\/\/www.traba.org\/galeria\/albums\/wpw-20071231\/normal_2007-12-31_Platja_Barcelona_062.jpg\" height=\"368\" width=\"491\" \/><\/p>\n<p>Al tramvia de tornada.<\/p>\n<p><img loading=\"lazy\" decoding=\"async\" src=\"http:\/\/www.traba.org\/galeria\/albums\/wpw-20071231\/normal_2007-12-31_Platja_Barcelona_010.jpg\" height=\"370\" width=\"494\" \/><\/p>\n<p>I a fer la migdiada pel cap d&#8217;any&#8230;<\/p>\n","protected":false},"excerpt":{"rendered":"<p>Despr\u00e9s de tants dies de vacances, per fi hem pogut perdre el temps!\u00a0 Hem anat a la platja \ud83d\ude42 Prenent el sol de desembre. Us punkis francesos que estaven per&#8230;<\/p>\n","protected":false},"author":5,"featured_media":0,"comment_status":"open","ping_status":"open","sticky":false,"template":"","format":"standard","meta":{"_monsterinsights_skip_tracking":false,"_monsterinsights_sitenote_active":false,"_monsterinsights_sitenote_note":"","_monsterinsights_sitenote_category":0,"footnotes":""},"categories":[4],"tags":[],"class_list":["post-44","post","type-post","status-publish","format-standard","hentry","category-vacances"],"_links":{"self":[{"href":"http:\/\/traba.org\/trabablog\/index.php?rest_route=\/wp\/v2\/posts\/44","targetHints":{"allow":["GET"]}}],"collection":[{"href":"http:\/\/traba.org\/trabablog\/index.php?rest_route=\/wp\/v2\/posts"}],"about":[{"href":"http:\/\/traba.org\/trabablog\/index.php?rest_route=\/wp\/v2\/types\/post"}],"author":[{"embeddable":true,"href":"http:\/\/traba.org\/trabablog\/index.php?rest_route=\/wp\/v2\/users\/5"}],"replies":[{"embeddable":true,"href":"http:\/\/traba.org\/trabablog\/index.php?rest_route=%2Fwp%2Fv2%2Fcomments&post=44"}],"version-history":[{"count":0,"href":"http:\/\/traba.org\/trabablog\/index.php?rest_route=\/wp\/v2\/posts\/44\/revisions"}],"wp:attachment":[{"href":"http:\/\/traba.org\/trabablog\/index.php?rest_route=%2Fwp%2Fv2%2Fmedia&parent=44"}],"wp:term":[{"taxonomy":"category","embeddable":true,"href":"http:\/\/traba.org\/trabablog\/index.php?rest_route=%2Fwp%2Fv2%2Fcategories&post=44"},{"taxonomy":"post_tag","embeddable":true,"href":"http:\/\/traba.org\/trabablog\/index.php?rest_route=%2Fwp%2Fv2%2Ftags&post=44"}],"curies":[{"name":"wp","href":"https:\/\/api.w.org\/{rel}","templated":true}]}}