{"id":4773,"date":"2011-06-15T21:33:51","date_gmt":"2011-06-15T19:33:51","guid":{"rendered":"http:\/\/www.traba.org\/trabablog\/?p=4773"},"modified":"2011-10-22T10:19:06","modified_gmt":"2011-10-22T08:19:06","slug":"la-vall-dossau","status":"publish","type":"post","link":"http:\/\/traba.org\/trabablog\/?p=4773","title":{"rendered":"la vall d&#8217;ossau"},"content":{"rendered":"<p>com era de preveure, jo m&#8217;he aixecat rebent\u00e1. amb agulletes als glutis&#8230; la idea era fer aquesta ruta anada i tornada, des del llac d&#8217;Artiges fins al de Ayous, 5,5 km amb 600 de desnivell, nom\u00e9s d&#8217;anar. per\u00f2 nom\u00e9s hem arribat a la meitat, a una pradera. si mireu en modo map, es veu m\u00e9s clar.<\/p>\n<p><iframe loading=\"lazy\" src=\"http:\/\/ca.wikiloc.com\/wikiloc\/spatialArtifacts.do?event=view&amp;id=1259187&amp;measures=off&amp;title=off&amp;near=off&amp;images=off&amp;maptype=S\" frameborder=\"0\" width=\"500px\" height=\"400px\"><\/iframe><\/p>\n<p>el qu\u00e8 potser la fem sencera un altre dia, farem aquesta:<\/p>\n<p><iframe loading=\"lazy\" src=\"http:\/\/ca.wikiloc.com\/wikiloc\/spatialArtifacts.do?event=view&amp;id=1131980&amp;measures=off&amp;title=off&amp;near=off&amp;images=off&amp;maptype=S\" frameborder=\"0\" width=\"500px\" height=\"400px\"><\/iframe><\/p>\n<p>hem trobat un geocach\u00e9 que hi havia pel cam\u00ed \ud83d\ude42<\/p>\n<p><a href=\"http:\/\/www.traba.org\/trabablog\/wp-content\/uploads\/2011\/06\/2011-06-15-13.22.05.jpg\"><img loading=\"lazy\" decoding=\"async\" src=\"http:\/\/www.traba.org\/trabablog\/wp-content\/uploads\/2011\/06\/2011-06-15-13.22.05-tm.jpg\" alt=\"2011-06-15 13.22.05\" width=\"500\" height=\"666\" \/><\/a><\/p>\n<p>i jo segueixo amb les floretes, \u00e9s ben distret! un dia d&#8217;aquests que em quedi temps segueixo buscant quina flor \u00e9s.<\/p>\n<p><a href=\"http:\/\/www.traba.org\/trabablog\/wp-content\/uploads\/2011\/06\/IMG_9391.jpg\"><img loading=\"lazy\" decoding=\"async\" src=\"http:\/\/www.traba.org\/trabablog\/wp-content\/uploads\/2011\/06\/IMG_9391-tm.jpg\" alt=\"IMG_9391\" width=\"500\" height=\"333\" \/><\/a><\/p>\n<p>el gabe de Bious.<\/p>\n<p><a href=\"http:\/\/www.traba.org\/trabablog\/wp-content\/uploads\/2011\/06\/IMG_9392.jpg\"><img loading=\"lazy\" decoding=\"async\" src=\"http:\/\/www.traba.org\/trabablog\/wp-content\/uploads\/2011\/06\/IMG_9392-tm.jpg\" alt=\"IMG_9392\" width=\"500\" height=\"333\" \/><\/a><\/p>\n<p><a href=\"http:\/\/www.asturnatura.com\/especie\/erinus-alpinus.html\" target=\"_blank\">erinus alpinus<\/a><\/p>\n<p><a href=\"http:\/\/www.traba.org\/trabablog\/wp-content\/uploads\/2011\/06\/IMG_9396.jpg\"><img loading=\"lazy\" decoding=\"async\" src=\"http:\/\/www.traba.org\/trabablog\/wp-content\/uploads\/2011\/06\/IMG_9396-tm.jpg\" alt=\"IMG_9396\" width=\"500\" height=\"750\" \/><\/a><\/p>\n<p>panor\u00e0mica d&#8217;on ens hem assegut per dinar&#8230; i ens han acribillat unes mosques que no eren mosques perqu\u00e8 les mosques no piquen i aquestes mosques que no s\u00f3n mosques si que piquen&#8230;<\/p>\n<p><a href=\"http:\/\/www.traba.org\/trabablog\/wp-content\/uploads\/2011\/06\/2011-06-15-14.37.42.jpg\"><img loading=\"lazy\" decoding=\"async\" src=\"http:\/\/www.traba.org\/trabablog\/wp-content\/uploads\/2011\/06\/2011-06-15-14.37.42-tm.jpg\" alt=\"2011-06-15 14.37.42\" width=\"500\" height=\"133\" \/><\/a><\/p>\n<p>les vistes dels pics&#8230;<\/p>\n<p><a href=\"http:\/\/www.traba.org\/trabablog\/wp-content\/uploads\/2011\/06\/2011-06-15-14.41.05.jpg\"><img loading=\"lazy\" decoding=\"async\" src=\"http:\/\/www.traba.org\/trabablog\/wp-content\/uploads\/2011\/06\/2011-06-15-14.41.05-tm.jpg\" alt=\"2011-06-15 14.41.05\" width=\"500\" height=\"375\" \/><\/a><\/p>\n<p>la pradera.<\/p>\n<p><a href=\"http:\/\/www.traba.org\/trabablog\/wp-content\/uploads\/2011\/06\/IMG_9405.jpg\"><img loading=\"lazy\" decoding=\"async\" src=\"http:\/\/www.traba.org\/trabablog\/wp-content\/uploads\/2011\/06\/IMG_9405-tm.jpg\" alt=\"IMG_9405\" width=\"500\" height=\"333\" \/><\/a><\/p>\n<p>un abejorro.<\/p>\n<p><a href=\"http:\/\/www.traba.org\/trabablog\/wp-content\/uploads\/2011\/06\/IMG_9409.jpg\"><img loading=\"lazy\" decoding=\"async\" src=\"http:\/\/www.traba.org\/trabablog\/wp-content\/uploads\/2011\/06\/IMG_9409-tm.jpg\" alt=\"IMG_9409\" width=\"500\" height=\"333\" \/><\/a><\/p>\n<p>una de les moltes picades del Francesc.<\/p>\n<p><a href=\"http:\/\/www.traba.org\/trabablog\/wp-content\/uploads\/2011\/06\/IMG_9411.jpg\"><img loading=\"lazy\" decoding=\"async\" src=\"http:\/\/www.traba.org\/trabablog\/wp-content\/uploads\/2011\/06\/IMG_9411-tm.jpg\" alt=\"IMG_9411\" width=\"500\" height=\"295\" \/><\/a><\/p>\n<p>ja s\u00e9 que estem abusant de panor\u00e0miques, per\u00f2&#8230;<\/p>\n<p><a href=\"http:\/\/www.traba.org\/trabablog\/wp-content\/uploads\/2011\/06\/2011-06-15-15.02.11.jpg\"><img loading=\"lazy\" decoding=\"async\" src=\"http:\/\/www.traba.org\/trabablog\/wp-content\/uploads\/2011\/06\/2011-06-15-15.02.11-tm.jpg\" alt=\"2011-06-15 15.02.11\" width=\"500\" height=\"131\" \/><\/a><\/p>\n<p>ens estem plantejant si comprar pals per caminar. deuen anar b\u00e9 per repartir el pes tan en pujades com en baixades&#8230; els hem mirat, i s\u00f3n cars, 18 euros per pal! i lletjos&#8230; seguirem buscant.<\/p>\n<p><a href=\"http:\/\/www.traba.org\/trabablog\/wp-content\/uploads\/2011\/06\/IMG_9415.jpg\"><img loading=\"lazy\" decoding=\"async\" src=\"http:\/\/www.traba.org\/trabablog\/wp-content\/uploads\/2011\/06\/IMG_9415-tm.jpg\" alt=\"IMG_9415\" width=\"500\" height=\"750\" \/><\/a><\/p>\n<p><a href=\"http:\/\/floradepirineos.blogspot.com\/2009\/10\/dactylorhiza-maculata-l-soo-torrente-de.html\" target=\"_blank\">dactylorhiza maculata<\/a> o <a href=\"http:\/\/floradepirineos.blogspot.com\/2008\/10\/dactylorhiza-majalis-reichembach-pfhunt.html\" target=\"_blank\">majalis<\/a>?<\/p>\n<p><a href=\"http:\/\/www.traba.org\/trabablog\/wp-content\/uploads\/2011\/06\/IMG_9416.jpg\"><img loading=\"lazy\" decoding=\"async\" src=\"http:\/\/www.traba.org\/trabablog\/wp-content\/uploads\/2011\/06\/IMG_9416-tm.jpg\" alt=\"IMG_9416\" width=\"500\" height=\"750\" \/><\/a> <a href=\"http:\/\/www.traba.org\/trabablog\/wp-content\/uploads\/2011\/06\/IMG_9417.jpg\"><img loading=\"lazy\" decoding=\"async\" src=\"http:\/\/www.traba.org\/trabablog\/wp-content\/uploads\/2011\/06\/IMG_9417-tm.jpg\" alt=\"IMG_9417\" width=\"500\" height=\"750\" \/><\/a><\/p>\n<p>una flor nova \ud83d\ude42 <a href=\"http:\/\/floradepirineos.blogspot.com\/2009\/06\/saxifraga-umbrosa-l-faja-de-pelay.html\" target=\"_blank\">saxifaga umbrosa<\/a>, endemisme!<\/p>\n<p><a href=\"http:\/\/www.traba.org\/trabablog\/wp-content\/uploads\/2011\/06\/IMG_9418.jpg\"><img loading=\"lazy\" decoding=\"async\" src=\"http:\/\/www.traba.org\/trabablog\/wp-content\/uploads\/2011\/06\/IMG_9418-tm.jpg\" alt=\"IMG_9418\" width=\"500\" height=\"333\" \/><\/a><\/p>\n<p>i dem\u00e0, tormenta&#8230; a verure qu\u00e8 fem si plou&#8230;<\/p>\n","protected":false},"excerpt":{"rendered":"<p>com era de preveure, jo m&#8217;he aixecat rebent\u00e1. amb agulletes als glutis&#8230; la idea era fer aquesta ruta anada i tornada, des del llac d&#8217;Artiges fins al de Ayous, 5,5 km amb 600 de desnivell, nom\u00e9s d&#8217;anar. per\u00f2 nom\u00e9s hem arribat a la meitat, a una pradera. si mireu en modo map, es veu m\u00e9s clar. el qu\u00e8 potser la fem sencera un altre dia, farem aquesta: hem trobat un geocach\u00e9 que hi havia pel cam\u00ed \ud83d\ude42 <a href=\"http:\/\/www.traba.org\/trabablog\/wp-content\/uploads\/2011\/06\/2011-06-15-13.22.05.jpg\"><img loading=\"lazy\" decoding=\"async\" src=\"http:\/\/www.traba.org\/trabablog\/wp-content\/uploads\/2011\/06\/2011-06-15-13.22.05-tm.jpg\" width=\"500\" height=\"666\" alt=\"2011-06-15 13.22.05\" \/><\/a> i jo segueixo amb les floretes, \u00e9s ben distret! un dia d&#8217;aquests que em quedi temps segueixo buscant quina flor \u00e9s. <a href=\"http:\/\/www.traba.org\/trabablog\/wp-content\/uploads\/2011\/06\/IMG_9391.jpg\"><img loading=\"lazy\" decoding=\"async\" src=\"http:\/\/www.traba.org\/trabablog\/wp-content\/uploads\/2011\/06\/IMG_9391-tm.jpg\" width=\"500\" height=\"333\" alt=\"IMG_9391\" \/><\/a> el gabe de Bious. <a href=\"http:\/\/www.traba.org\/trabablog\/wp-content\/uploads\/2011\/06\/IMG_9392.jpg\"><img loading=\"lazy\" decoding=\"async\" src=\"http:\/\/www.traba.org\/trabablog\/wp-content\/uploads\/2011\/06\/IMG_9392-tm.jpg\" width=\"500\" height=\"333\" alt=\"IMG_9392\" \/><\/a> <a href=\"http:\/\/www.traba.org\/trabablog\/wp-content\/uploads\/2011\/06\/IMG_9396.jpg\"><img loading=\"lazy\" decoding=\"async\" src=\"http:\/\/www.traba.org\/trabablog\/wp-content\/uploads\/2011\/06\/IMG_9396-tm.jpg\" width=\"500\" height=\"750\" alt=\"IMG_9396\" \/><\/a> panor\u00e0mica d&#8217;on ens hem assegut per dinar&#8230; i ens han acribillat unes mosques que no eren mosques perqu\u00e8 les mosques no piquen i aquestes mosques que no s\u00f3n mosques si que piquen&#8230; <a href=\"http:\/\/www.traba.org\/trabablog\/wp-content\/uploads\/2011\/06\/2011-06-15-14.37.42.jpg\"><img loading=\"lazy\" decoding=\"async\" src=\"http:\/\/www.traba.org\/trabablog\/wp-content\/uploads\/2011\/06\/2011-06-15-14.37.42-tm.jpg\" width=\"500\" height=\"133\" alt=\"2011-06-15 14.37.42\" \/><\/a> les vistes dels pics&#8230; <a href=\"http:\/\/www.traba.org\/trabablog\/wp-content\/uploads\/2011\/06\/2011-06-15-14.41.05.jpg\"><img loading=\"lazy\" decoding=\"async\" src=\"http:\/\/www.traba.org\/trabablog\/wp-content\/uploads\/2011\/06\/2011-06-15-14.41.05-tm.jpg\" width=\"500\" height=\"375\" alt=\"2011-06-15 14.41.05\" \/><\/a> la pradera. <a href=\"http:\/\/www.traba.org\/trabablog\/wp-content\/uploads\/2011\/06\/IMG_9405.jpg\"><img loading=\"lazy\" decoding=\"async\" src=\"http:\/\/www.traba.org\/trabablog\/wp-content\/uploads\/2011\/06\/IMG_9405-tm.jpg\" width=\"500\" height=\"333\" alt=\"IMG_9405\" \/><\/a> un abejorro. <a href=\"http:\/\/www.traba.org\/trabablog\/wp-content\/uploads\/2011\/06\/IMG_9409.jpg\"><img loading=\"lazy\" decoding=\"async\" src=\"http:\/\/www.traba.org\/trabablog\/wp-content\/uploads\/2011\/06\/IMG_9409-tm.jpg\" width=\"500\" height=\"333\" alt=\"IMG_9409\" \/><\/a> una de les moltes picades del Francesc. <a href=\"http:\/\/www.traba.org\/trabablog\/wp-content\/uploads\/2011\/06\/IMG_9411.jpg\"><img loading=\"lazy\" decoding=\"async\" src=\"http:\/\/www.traba.org\/trabablog\/wp-content\/uploads\/2011\/06\/IMG_9411-tm.jpg\" width=\"500\" height=\"295\" alt=\"IMG_9411\" \/><\/a> ja s\u00e9 que estem abusant de panorpamiques, per\u00f2&#8230; <a href=\"http:\/\/www.traba.org\/trabablog\/wp-content\/uploads\/2011\/06\/2011-06-15-15.02.11.jpg\"><img loading=\"lazy\" decoding=\"async\" src=\"http:\/\/www.traba.org\/trabablog\/wp-content\/uploads\/2011\/06\/2011-06-15-15.02.11-tm.jpg\" width=\"500\" height=\"131\" alt=\"2011-06-15 15.02.11\" \/><\/a> ens estem plantejant si comprar pals per caminar. deuen anar b\u00e9 per repartir el pes tan en pujades com en baixades&#8230; els hem mirat, i s\u00f3n cars, 18 euros per pal!<\/p>\n","protected":false},"author":5,"featured_media":4745,"comment_status":"open","ping_status":"closed","sticky":false,"template":"","format":"standard","meta":{"_monsterinsights_skip_tracking":false,"_monsterinsights_sitenote_active":false,"_monsterinsights_sitenote_note":"","_monsterinsights_sitenote_category":0,"footnotes":""},"categories":[84,4],"tags":[85,40,67,80,68],"class_list":["post-4773","post","type-post","status-publish","format-standard","has-post-thumbnail","hentry","category-pirineu-2011","category-vacances","tag-flors","tag-geocaching","tag-pirineu","tag-primavera","tag-wikiloc"],"_links":{"self":[{"href":"http:\/\/traba.org\/trabablog\/index.php?rest_route=\/wp\/v2\/posts\/4773","targetHints":{"allow":["GET"]}}],"collection":[{"href":"http:\/\/traba.org\/trabablog\/index.php?rest_route=\/wp\/v2\/posts"}],"about":[{"href":"http:\/\/traba.org\/trabablog\/index.php?rest_route=\/wp\/v2\/types\/post"}],"author":[{"embeddable":true,"href":"http:\/\/traba.org\/trabablog\/index.php?rest_route=\/wp\/v2\/users\/5"}],"replies":[{"embeddable":true,"href":"http:\/\/traba.org\/trabablog\/index.php?rest_route=%2Fwp%2Fv2%2Fcomments&post=4773"}],"version-history":[{"count":8,"href":"http:\/\/traba.org\/trabablog\/index.php?rest_route=\/wp\/v2\/posts\/4773\/revisions"}],"predecessor-version":[{"id":6652,"href":"http:\/\/traba.org\/trabablog\/index.php?rest_route=\/wp\/v2\/posts\/4773\/revisions\/6652"}],"wp:featuredmedia":[{"embeddable":true,"href":"http:\/\/traba.org\/trabablog\/index.php?rest_route=\/wp\/v2\/media\/4745"}],"wp:attachment":[{"href":"http:\/\/traba.org\/trabablog\/index.php?rest_route=%2Fwp%2Fv2%2Fmedia&parent=4773"}],"wp:term":[{"taxonomy":"category","embeddable":true,"href":"http:\/\/traba.org\/trabablog\/index.php?rest_route=%2Fwp%2Fv2%2Fcategories&post=4773"},{"taxonomy":"post_tag","embeddable":true,"href":"http:\/\/traba.org\/trabablog\/index.php?rest_route=%2Fwp%2Fv2%2Ftags&post=4773"}],"curies":[{"name":"wp","href":"https:\/\/api.w.org\/{rel}","templated":true}]}}