{"id":48,"date":"2008-03-10T01:26:11","date_gmt":"2008-03-09T23:26:11","guid":{"rendered":"http:\/\/www.traba.org\/trabablog\/?p=48"},"modified":"2008-03-10T01:31:38","modified_gmt":"2008-03-09T23:31:38","slug":"un-cap-de-setmana-a-mallorca","status":"publish","type":"post","link":"http:\/\/traba.org\/trabablog\/?p=48","title":{"rendered":"Un cap de setmana a Mallorca"},"content":{"rendered":"<p>Aqu\u00ed van les fotos del cap de setmana a Mallorca \ud83d\ude42<\/p>\n<p>Dissabte al mat\u00ed. Primera parada per veure una orqu\u00eddia.<\/p>\n<p><img loading=\"lazy\" decoding=\"async\" src=\"http:\/\/www.traba.org\/galeria\/albums\/wpw-20080309\/normal_IMG_1961.jpg\" height=\"334\" width=\"500\" \/><\/p>\n<p>El far de Formentor (confirmeu el nom!!!)<\/p>\n<p><img loading=\"lazy\" decoding=\"async\" src=\"http:\/\/www.traba.org\/galeria\/albums\/wpw-20080309\/normal_IMG_1963.jpg\" height=\"334\" width=\"500\" \/><\/p>\n<p>La vista.<\/p>\n<p><img loading=\"lazy\" decoding=\"async\" src=\"http:\/\/www.traba.org\/galeria\/albums\/wpw-20080309\/normal_IMG_1965.jpg\" height=\"334\" width=\"500\" \/><\/p>\n<p>El Francesc.<\/p>\n<p><img loading=\"lazy\" decoding=\"async\" src=\"http:\/\/www.traba.org\/galeria\/albums\/wpw-20080309\/normal_IMG_1967.jpg\" height=\"334\" width=\"500\" \/><\/p>\n<p>El Paulo.<\/p>\n<p><img loading=\"lazy\" decoding=\"async\" src=\"http:\/\/www.traba.org\/galeria\/albums\/wpw-20080309\/normal_IMG_1968.jpg\" height=\"334\" width=\"500\" \/><\/p>\n<p>Preparant la ruta del dia.<\/p>\n<p><img loading=\"lazy\" decoding=\"async\" src=\"http:\/\/www.traba.org\/galeria\/albums\/wpw-20080309\/normal_IMG_1969.jpg\" height=\"334\" width=\"500\" \/><\/p>\n<p><img loading=\"lazy\" decoding=\"async\" src=\"http:\/\/www.traba.org\/galeria\/albums\/wpw-20080309\/normal_IMG_1975.jpg\" height=\"334\" width=\"500\" \/><\/p>\n<p>Una altra vista.<\/p>\n<p><img loading=\"lazy\" decoding=\"async\" src=\"http:\/\/www.traba.org\/galeria\/albums\/wpw-20080309\/IMG_1978.jpg\" height=\"750\" width=\"500\" \/><\/p>\n<p>La Joana.<\/p>\n<p><img loading=\"lazy\" decoding=\"async\" src=\"http:\/\/www.traba.org\/galeria\/albums\/wpw-20080309\/normal_IMG_1979.jpg\" height=\"334\" width=\"500\" \/><\/p>\n<p>El Paulo i la cabra, aix\u00ed ja podr\u00e0 dir que ha estat prop d&#8217;una cabra \ud83d\ude42<\/p>\n<p><img loading=\"lazy\" decoding=\"async\" src=\"http:\/\/www.traba.org\/galeria\/albums\/wpw-20080309\/normal_IMG_1981.jpg\" height=\"334\" width=\"500\" \/><\/p>\n<p>La cabra ja havia marxat.<\/p>\n<p><img loading=\"lazy\" decoding=\"async\" src=\"http:\/\/www.traba.org\/galeria\/albums\/wpw-20080309\/normal_IMG_1983.jpg\" height=\"334\" width=\"500\" \/><\/p>\n<p>Cap a la Cala Figuera.<\/p>\n<p><img loading=\"lazy\" decoding=\"async\" src=\"http:\/\/www.traba.org\/galeria\/albums\/wpw-20080309\/normal_IMG_1984.jpg\" height=\"334\" width=\"500\" \/><\/p>\n<p>Ja hi eren. El Francesc i jo un p\u00e8l m\u00e9s tard&#8230;<\/p>\n<p><img loading=\"lazy\" decoding=\"async\" src=\"http:\/\/www.traba.org\/galeria\/albums\/wpw-20080309\/normal_IMG_1986.jpg\" height=\"334\" width=\"500\" \/><\/p>\n<p><img loading=\"lazy\" decoding=\"async\" src=\"http:\/\/www.traba.org\/galeria\/albums\/wpw-20080309\/IMG_1987.jpg\" height=\"750\" width=\"500\" \/><\/p>\n<p>Tirant pedres a l&#8217;aigua.<\/p>\n<p><img loading=\"lazy\" decoding=\"async\" src=\"http:\/\/www.traba.org\/galeria\/albums\/wpw-20080309\/normal_IMG_1994.jpg\" height=\"334\" width=\"500\" \/><\/p>\n<p>Jugant.<\/p>\n<p><img loading=\"lazy\" decoding=\"async\" src=\"http:\/\/www.traba.org\/galeria\/albums\/wpw-20080309\/normal_IMG_1996.jpg\" height=\"334\" width=\"500\" \/><\/p>\n<p>M\u00e9s pedres.<\/p>\n<p><img loading=\"lazy\" decoding=\"async\" src=\"http:\/\/www.traba.org\/galeria\/albums\/wpw-20080309\/normal_IMG_1997.jpg\" height=\"334\" width=\"500\" \/><\/p>\n<p>Observant i descansant.<\/p>\n<p><img loading=\"lazy\" decoding=\"async\" src=\"http:\/\/www.traba.org\/galeria\/albums\/wpw-20080309\/normal_IMG_2000.jpg\" height=\"334\" width=\"500\" \/><\/p>\n<p><img loading=\"lazy\" decoding=\"async\" src=\"http:\/\/www.traba.org\/galeria\/albums\/wpw-20080309\/normal_IMG_2001.jpg\" height=\"334\" width=\"500\" \/><\/p>\n<p>Construint el vaixell.<\/p>\n<p><img loading=\"lazy\" decoding=\"async\" src=\"http:\/\/www.traba.org\/galeria\/albums\/wpw-20080309\/normal_IMG_2003.jpg\" height=\"334\" width=\"500\" \/><\/p>\n<p><img loading=\"lazy\" decoding=\"async\" src=\"http:\/\/www.traba.org\/galeria\/albums\/wpw-20080309\/normal_IMG_2004.jpg\" height=\"334\" width=\"500\" \/><\/p>\n<p>A punt de veure si el vaixell flotava.<\/p>\n<p><img loading=\"lazy\" decoding=\"async\" src=\"http:\/\/www.traba.org\/galeria\/albums\/wpw-20080309\/normal_IMG_2006.jpg\" height=\"334\" width=\"500\" \/><\/p>\n<p>Descansant&#8230;<\/p>\n<p><img loading=\"lazy\" decoding=\"async\" src=\"http:\/\/www.traba.org\/galeria\/albums\/wpw-20080309\/IMG_2009.jpg\" height=\"750\" width=\"500\" \/><\/p>\n<p>Posant-se les botes per no clavar-se hams als peus.<\/p>\n<p><img loading=\"lazy\" decoding=\"async\" src=\"http:\/\/www.traba.org\/galeria\/albums\/wpw-20080309\/IMG_2010.jpg\" height=\"750\" width=\"500\" \/><br \/>\nAra ja si, a punt de tirar el vaixell a l&#8217;aigua.<\/p>\n<p><img loading=\"lazy\" decoding=\"async\" src=\"http:\/\/www.traba.org\/galeria\/albums\/wpw-20080309\/normal_IMG_2011.jpg\" height=\"334\" width=\"500\" \/><\/p>\n<p>Ja \ud83d\ude42<\/p>\n<p><img loading=\"lazy\" decoding=\"async\" src=\"http:\/\/www.traba.org\/galeria\/albums\/wpw-20080309\/normal_IMG_2014.jpg\" height=\"334\" width=\"500\" \/><\/p>\n<p>I flota&#8230; m\u00e9s o menys.<\/p>\n<p><img loading=\"lazy\" decoding=\"async\" src=\"http:\/\/www.traba.org\/galeria\/albums\/wpw-20080309\/normal_IMG_2015.jpg\" height=\"334\" width=\"500\" \/><\/p>\n<p>Observant.<\/p>\n<p><img loading=\"lazy\" decoding=\"async\" src=\"http:\/\/www.traba.org\/galeria\/albums\/wpw-20080309\/normal_IMG_2017.jpg\" height=\"334\" width=\"500\" \/><br \/>\n<img loading=\"lazy\" decoding=\"async\" src=\"http:\/\/www.traba.org\/galeria\/albums\/wpw-20080309\/normal_IMG_2018.jpg\" height=\"334\" width=\"500\" \/><\/p>\n<p>Preparant la ruta bot\u00e0nica (es deia aix\u00ed?).<\/p>\n<p><img loading=\"lazy\" decoding=\"async\" src=\"http:\/\/www.traba.org\/galeria\/albums\/wpw-20080309\/normal_IMG_2019.jpg\" height=\"334\" width=\"500\" \/><\/p>\n<p><img loading=\"lazy\" decoding=\"async\" src=\"http:\/\/www.traba.org\/galeria\/albums\/wpw-20080309\/normal_IMG_2020.jpg\" height=\"334\" width=\"500\" \/><br \/>\nLa resta (Sr. SISAP i Sra. DPO), seguien descansant.<\/p>\n<p><img loading=\"lazy\" decoding=\"async\" src=\"http:\/\/www.traba.org\/galeria\/albums\/wpw-20080309\/IMG_2021.jpg\" height=\"750\" width=\"500\" \/><\/p>\n<p><img loading=\"lazy\" decoding=\"async\" src=\"http:\/\/www.traba.org\/galeria\/albums\/wpw-20080309\/normal_IMG_2022.jpg\" height=\"334\" width=\"500\" \/><\/p>\n<p>Vista de la cala.<\/p>\n<p><img loading=\"lazy\" decoding=\"async\" src=\"http:\/\/www.traba.org\/galeria\/albums\/wpw-20080309\/normal_IMG_2023.jpg\" height=\"334\" width=\"500\" \/><\/p>\n<p>La Joana mirant el mar.<\/p>\n<p><img loading=\"lazy\" decoding=\"async\" src=\"http:\/\/www.traba.org\/galeria\/albums\/wpw-20080309\/normal_IMG_2024.jpg\" height=\"334\" width=\"500\" \/><\/p>\n<p>La Joana, despr\u00e9s de mirar el mar de massa a prop, es va haver de posar una faldilla improvisada (un buf \ud83d\ude42<\/p>\n<p><img loading=\"lazy\" decoding=\"async\" src=\"http:\/\/www.traba.org\/galeria\/albums\/wpw-20080309\/IMG_2025.jpg\" height=\"750\" width=\"500\" \/><\/p>\n<p>I despr\u00e9s de la pujada&#8230; descansar un altre cop.<\/p>\n<p><img loading=\"lazy\" decoding=\"async\" src=\"http:\/\/www.traba.org\/galeria\/albums\/wpw-20080309\/normal_IMG_2030.jpg\" height=\"334\" width=\"500\" \/><\/p>\n<p><img loading=\"lazy\" decoding=\"async\" src=\"http:\/\/www.traba.org\/galeria\/albums\/wpw-20080309\/normal_IMG_2031.jpg\" height=\"334\" width=\"500\" \/><\/p>\n<p>El Jordi i la Joana, 5 minuts m\u00e9s tard.<\/p>\n<p><img loading=\"lazy\" decoding=\"async\" src=\"http:\/\/www.traba.org\/galeria\/albums\/wpw-20080309\/normal_IMG_2032.jpg\" height=\"334\" width=\"500\" \/><\/p>\n<p><img loading=\"lazy\" decoding=\"async\" src=\"http:\/\/www.traba.org\/galeria\/albums\/wpw-20080309\/normal_IMG_2033.jpg\" height=\"334\" width=\"500\" \/><\/p>\n<p>Aqu\u00ed hav\u00edem anat a donar una volta pels voltants de la casa de Son Flo, despr\u00e9s de la pluja.<\/p>\n<p><img loading=\"lazy\" decoding=\"async\" src=\"http:\/\/www.traba.org\/galeria\/albums\/wpw-20080309\/normal_IMG_2035.jpg\" height=\"334\" width=\"500\" \/><\/p>\n<p>L&#8217;arc de Sant Mart\u00ed.<\/p>\n<p><img loading=\"lazy\" decoding=\"async\" src=\"http:\/\/www.traba.org\/galeria\/albums\/wpw-20080309\/normal_IMG_2038.jpg\" height=\"334\" width=\"500\" \/><\/p>\n<p>I ja de nit, a Santa Margalida.<\/p>\n<p><img loading=\"lazy\" decoding=\"async\" src=\"http:\/\/www.traba.org\/galeria\/albums\/wpw-20080309\/normal_IMG_2043.jpg\" height=\"334\" width=\"500\" \/><\/p>\n<p>I la peli d&#8217;abans d&#8217;anar a dormir.<\/p>\n<p><img loading=\"lazy\" decoding=\"async\" src=\"http:\/\/www.traba.org\/galeria\/albums\/wpw-20080309\/normal_IMG_2051.jpg\" height=\"334\" width=\"500\" \/><\/p>\n<p><img loading=\"lazy\" decoding=\"async\" src=\"http:\/\/www.traba.org\/galeria\/albums\/wpw-20080309\/normal_IMG_2053.jpg\" height=\"334\" width=\"500\" \/><\/p>\n<p><img loading=\"lazy\" decoding=\"async\" src=\"http:\/\/www.traba.org\/galeria\/albums\/wpw-20080309\/normal_IMG_2059.jpg\" height=\"334\" width=\"500\" \/><\/p>\n<p>Diumenge al mat\u00ed amb els gats.<\/p>\n<p><img loading=\"lazy\" decoding=\"async\" src=\"http:\/\/www.traba.org\/galeria\/albums\/wpw-20080309\/normal_IMG_2063.jpg\" height=\"334\" width=\"500\" \/><\/p>\n<p><img loading=\"lazy\" decoding=\"async\" src=\"http:\/\/www.traba.org\/galeria\/albums\/wpw-20080309\/normal_IMG_2067.jpg\" height=\"334\" width=\"500\" \/><\/p>\n<p><img loading=\"lazy\" decoding=\"async\" src=\"http:\/\/www.traba.org\/galeria\/albums\/wpw-20080309\/IMG_2068.jpg\" height=\"750\" width=\"500\" \/><\/p>\n<p><img loading=\"lazy\" decoding=\"async\" src=\"http:\/\/www.traba.org\/galeria\/albums\/wpw-20080309\/normal_IMG_2069.jpg\" height=\"334\" width=\"500\" \/><\/p>\n<p><img loading=\"lazy\" decoding=\"async\" src=\"http:\/\/www.traba.org\/galeria\/albums\/wpw-20080309\/normal_IMG_2070.jpg\" height=\"334\" width=\"500\" \/><\/p>\n<p><img loading=\"lazy\" decoding=\"async\" src=\"http:\/\/www.traba.org\/galeria\/albums\/wpw-20080309\/IMG_2071.jpg\" height=\"750\" width=\"500\" \/><\/p>\n<p><img loading=\"lazy\" decoding=\"async\" src=\"http:\/\/www.traba.org\/galeria\/albums\/wpw-20080309\/IMG_2072.jpg\" height=\"750\" width=\"500\" \/><\/p>\n<p>L&#8217;ase de l&#8217;embassament de C\u00faber.<\/p>\n<p><img loading=\"lazy\" decoding=\"async\" src=\"http:\/\/www.traba.org\/galeria\/albums\/wpw-20080309\/normal_IMG_2073.jpg\" height=\"334\" width=\"500\" \/><\/p>\n<p>I observant&#8230;<\/p>\n<p><img loading=\"lazy\" decoding=\"async\" src=\"http:\/\/www.traba.org\/galeria\/albums\/wpw-20080309\/normal_IMG_2077.jpg\" height=\"334\" width=\"500\" \/><\/p>\n<p>&#8230; el pito de l&#8217;ase!<\/p>\n<p><img loading=\"lazy\" decoding=\"async\" src=\"http:\/\/www.traba.org\/galeria\/albums\/wpw-20080309\/normal_IMG_2078.jpg\" height=\"334\" width=\"500\" \/><\/p>\n<p>jajajajaja!<\/p>\n<p><img loading=\"lazy\" decoding=\"async\" src=\"http:\/\/www.traba.org\/galeria\/albums\/wpw-20080309\/normal_IMG_2080.jpg\" height=\"334\" width=\"500\" \/><\/p>\n<p><img loading=\"lazy\" decoding=\"async\" src=\"http:\/\/www.traba.org\/galeria\/albums\/wpw-20080309\/normal_IMG_2082.jpg\" height=\"334\" width=\"500\" \/><\/p>\n<p>Un ocell que no s\u00e9 com es diu&#8230; que ha impactat el Jordi (tot i que no tant com els voltors negres).<\/p>\n<p><img loading=\"lazy\" decoding=\"async\" src=\"http:\/\/www.traba.org\/galeria\/albums\/wpw-20080309\/normal_IMG_2083.jpg\" height=\"334\" width=\"500\" \/><\/p>\n<p>La Joana.<\/p>\n<p><img loading=\"lazy\" decoding=\"async\" src=\"http:\/\/www.traba.org\/galeria\/albums\/wpw-20080309\/normal_IMG_2087.jpg\" height=\"334\" width=\"500\" \/><\/p>\n<p>La muntanya dels militars que no recordo el nom.<\/p>\n<p><img loading=\"lazy\" decoding=\"async\" src=\"http:\/\/www.traba.org\/galeria\/albums\/wpw-20080309\/normal_IMG_2089.jpg\" height=\"334\" width=\"500\" \/><\/p>\n<p>Tirant pedres a l&#8217;embassament.<\/p>\n<p><img loading=\"lazy\" decoding=\"async\" src=\"http:\/\/www.traba.org\/galeria\/albums\/wpw-20080309\/normal_IMG_2092.jpg\" height=\"334\" width=\"500\" \/><\/p>\n<p><img loading=\"lazy\" decoding=\"async\" src=\"http:\/\/www.traba.org\/galeria\/albums\/wpw-20080309\/normal_IMG_2095.jpg\" height=\"334\" width=\"500\" \/><\/p>\n<p><img loading=\"lazy\" decoding=\"async\" src=\"http:\/\/www.traba.org\/galeria\/albums\/wpw-20080309\/normal_IMG_2097.jpg\" height=\"334\" width=\"500\" \/><\/p>\n<p>I&#8230;<\/p>\n<p><img loading=\"lazy\" decoding=\"async\" src=\"http:\/\/www.traba.org\/galeria\/albums\/wpw-20080309\/normal_IMG_2100.jpg\" height=\"334\" width=\"500\" \/><\/p>\n<p>Fin.<\/p>\n","protected":false},"excerpt":{"rendered":"<p>Aqu\u00ed van les fotos del cap de setmana a Mallorca \ud83d\ude42 Dissabte al mat\u00ed. Primera parada per veure una orqu\u00eddia. El far de Formentor (confirmeu el nom!!!) La vista. El&#8230;<\/p>\n","protected":false},"author":5,"featured_media":0,"comment_status":"open","ping_status":"open","sticky":false,"template":"","format":"standard","meta":{"_monsterinsights_skip_tracking":false,"_monsterinsights_sitenote_active":false,"_monsterinsights_sitenote_note":"","_monsterinsights_sitenote_category":0,"footnotes":""},"categories":[4],"tags":[],"class_list":["post-48","post","type-post","status-publish","format-standard","hentry","category-vacances"],"_links":{"self":[{"href":"http:\/\/traba.org\/trabablog\/index.php?rest_route=\/wp\/v2\/posts\/48","targetHints":{"allow":["GET"]}}],"collection":[{"href":"http:\/\/traba.org\/trabablog\/index.php?rest_route=\/wp\/v2\/posts"}],"about":[{"href":"http:\/\/traba.org\/trabablog\/index.php?rest_route=\/wp\/v2\/types\/post"}],"author":[{"embeddable":true,"href":"http:\/\/traba.org\/trabablog\/index.php?rest_route=\/wp\/v2\/users\/5"}],"replies":[{"embeddable":true,"href":"http:\/\/traba.org\/trabablog\/index.php?rest_route=%2Fwp%2Fv2%2Fcomments&post=48"}],"version-history":[{"count":0,"href":"http:\/\/traba.org\/trabablog\/index.php?rest_route=\/wp\/v2\/posts\/48\/revisions"}],"wp:attachment":[{"href":"http:\/\/traba.org\/trabablog\/index.php?rest_route=%2Fwp%2Fv2%2Fmedia&parent=48"}],"wp:term":[{"taxonomy":"category","embeddable":true,"href":"http:\/\/traba.org\/trabablog\/index.php?rest_route=%2Fwp%2Fv2%2Fcategories&post=48"},{"taxonomy":"post_tag","embeddable":true,"href":"http:\/\/traba.org\/trabablog\/index.php?rest_route=%2Fwp%2Fv2%2Ftags&post=48"}],"curies":[{"name":"wp","href":"https:\/\/api.w.org\/{rel}","templated":true}]}}