{"id":4803,"date":"2011-06-16T16:58:55","date_gmt":"2011-06-16T14:58:55","guid":{"rendered":"http:\/\/www.traba.org\/trabablog\/?p=4803"},"modified":"2011-10-12T00:11:58","modified_gmt":"2011-10-11T22:11:58","slug":"je-parle-un-peu-francais","status":"publish","type":"post","link":"http:\/\/traba.org\/trabablog\/?p=4803","title":{"rendered":"je parle un peu fran\u00e7ais"},"content":{"rendered":"<p>mal temps avui&#8230; pero ens hem adaptat.<\/p>\n<p>hem intentar fer una excursi\u00f3 prop de Lescun:<\/p>\n<p><iframe loading=\"lazy\" src=\"http:\/\/ca.wikiloc.com\/wikiloc\/spatialArtifacts.do?event=view&amp;id=1465094&amp;measures=off&amp;title=off&amp;near=off&amp;images=off&amp;maptype=S\" frameborder=\"0\" width=\"500px\" height=\"400px\"><\/iframe><br \/>\nhem aparcat el cotxe davant de l&#8217;esgl\u00e9sia de Lescun.<br \/>\n<a href=\"http:\/\/www.traba.org\/trabablog\/wp-content\/uploads\/2011\/06\/IMG_9428.jpg\"><img loading=\"lazy\" decoding=\"async\" src=\"http:\/\/www.traba.org\/trabablog\/wp-content\/uploads\/2011\/06\/IMG_9428-tm.jpg\" alt=\"IMG_9428\" width=\"500\" height=\"750\" \/><\/a><br \/>\ni a caminar&#8230;<br \/>\n<a href=\"http:\/\/www.traba.org\/trabablog\/wp-content\/uploads\/2011\/06\/IMG_9430.jpg\"><img loading=\"lazy\" decoding=\"async\" src=\"http:\/\/www.traba.org\/trabablog\/wp-content\/uploads\/2011\/06\/IMG_9430-tm.jpg\" alt=\"IMG_9430\" width=\"500\" height=\"333\" \/><\/a><\/p>\n<p>per\u00f2 no hav\u00edem tingut en compte que les herbes del terra que degotegen t&#8217;empapen els pantalons. i jo als 400 metres ja estava xorrejant.<br \/>\naix\u00f2 m\u00e9s les no vistes, ha fet que torn\u00e9ssim enrere, a Lescun.<br \/>\n<a href=\"http:\/\/www.traba.org\/trabablog\/wp-content\/uploads\/2011\/06\/IMG_9435.jpg\"><img loading=\"lazy\" decoding=\"async\" src=\"http:\/\/www.traba.org\/trabablog\/wp-content\/uploads\/2011\/06\/IMG_9435-tm.jpg\" alt=\"IMG_9435\" width=\"500\" height=\"333\" \/><\/a> <a href=\"http:\/\/www.traba.org\/trabablog\/wp-content\/uploads\/2011\/06\/IMG_9436.jpg\"><img loading=\"lazy\" decoding=\"async\" src=\"http:\/\/www.traba.org\/trabablog\/wp-content\/uploads\/2011\/06\/IMG_9436-tm.jpg\" alt=\"IMG_9436\" width=\"500\" height=\"333\" \/><\/a><\/p>\n<p>all\u00e0, tal com ens va dir el Manel, ten\u00edem un objectiu: comprar un formatge en un sr. que tenia un cognom com castell\u00e0. i hem estat passejant pel poble fins que hem trobar un cartell amb 3 vaques que posava:<\/p>\n<div style=\"text-align: center;\">lait<\/div>\n<div style=\"text-align: center;\">fromage<\/div>\n<div style=\"text-align: center;\">moreno<\/div>\n<p>aqu\u00ed era. ara nom\u00e9s faltava atrevir-se a entrar! hem hagut de donar una minivolta a la mansana per discutir l&#8217;estrat\u00e8gia. hem decidit que lo millor era entrar i dir: &#8216;un fromage s&#8217;il vous pla\u00eet&#8217;. per\u00f2 res pot ser tan f\u00e0cil com et penses. all\u00e0 no hi havia ning\u00fa, i ens ha sortit una iaia d&#8217;una finestra dient algo que ens ha costat d&#8217;entendre, per\u00f2 la cosa \u00e9s que hav\u00edem d&#8217;anar a buscar una altra casa i trucar al timbre. i&#8230; proba superada! hem encertat la casa i el sr. ens ha venut un formatge i fins i tot el meu franc\u00e8s de fa 20 anys m&#8217;ha sortit de ves a saber d&#8217;on i hem tingut una conversa (small talk, no us penseu). perqu\u00e8 ho sapigueu la propera vegada: la llet no la tenen fins l&#8217;apr\u00e9s midi, que pel mat\u00ed est\u00e0n munyint les vaques.<br \/>\n<a href=\"http:\/\/www.traba.org\/trabablog\/wp-content\/uploads\/2011\/06\/IMG_9461.jpg\"><img loading=\"lazy\" decoding=\"async\" src=\"http:\/\/www.traba.org\/trabablog\/wp-content\/uploads\/2011\/06\/IMG_9461-tm.jpg\" alt=\"IMG_9461\" width=\"500\" height=\"333\" \/><\/a><\/p>\n<p>despr\u00e9s hem anat a buscar 3 geocach\u00e9s. el primer no l&#8217;he trobat tot i que he fet servir la llinterna i un pal, a <a href=\"http:\/\/www.geocaching.com\/seek\/cache_details.aspx?wp=GC2TCJK\" target=\"_blank\">l&#8217;abrevadero d&#8217;Osse en Aspe<\/a>.<br \/>\n<a href=\"http:\/\/www.traba.org\/trabablog\/wp-content\/uploads\/2011\/06\/2011-06-16-12.34.12.jpg\"><img loading=\"lazy\" decoding=\"async\" src=\"http:\/\/www.traba.org\/trabablog\/wp-content\/uploads\/2011\/06\/2011-06-16-12.34.12-tm.jpg\" alt=\"2011-06-16 12.34.12\" width=\"500\" height=\"666\" \/><\/a><\/p>\n<p>si que hem vist el cor \ud83d\ude42 creieu que \u00e9s natural o artifical?<br \/>\n<a href=\"http:\/\/www.traba.org\/trabablog\/wp-content\/uploads\/2011\/06\/IMG_9441.jpg\"><img loading=\"lazy\" decoding=\"async\" src=\"http:\/\/www.traba.org\/trabablog\/wp-content\/uploads\/2011\/06\/IMG_9441-tm.jpg\" alt=\"IMG_9441\" width=\"500\" height=\"333\" \/><\/a> <a href=\"http:\/\/www.traba.org\/trabablog\/wp-content\/uploads\/2011\/06\/IMG_9444.jpg\"><img loading=\"lazy\" decoding=\"async\" src=\"http:\/\/www.traba.org\/trabablog\/wp-content\/uploads\/2011\/06\/IMG_9444-tm.jpg\" alt=\"IMG_9444\" width=\"500\" height=\"750\" \/><\/a><\/p>\n<p>el segon al <a href=\"http:\/\/www.geocaching.com\/seek\/cache_details.aspx?wp=GC2PWNW\" target=\"_blank\">riu de Bedous<\/a>, aquest si que l&#8217;hem trobat. i he canviat una ovelleta de mans grans i llargues pel meu mono del clot del cirer&#8230;<br \/>\n<a href=\"http:\/\/www.traba.org\/trabablog\/wp-content\/uploads\/2011\/06\/2011-06-16-13.27.25.jpg\"><img loading=\"lazy\" decoding=\"async\" src=\"http:\/\/www.traba.org\/trabablog\/wp-content\/uploads\/2011\/06\/2011-06-16-13.27.25-tm.jpg\" alt=\"2011-06-16 13.27.25\" width=\"500\" height=\"666\" \/><\/a> <a href=\"http:\/\/www.traba.org\/trabablog\/wp-content\/uploads\/2011\/06\/IMG_9447.jpg\"><img loading=\"lazy\" decoding=\"async\" src=\"http:\/\/www.traba.org\/trabablog\/wp-content\/uploads\/2011\/06\/IMG_9447-tm.jpg\" alt=\"IMG_9447\" width=\"500\" height=\"333\" \/><\/a><br \/>\ni el tercer a unes <a href=\"http:\/\/www.geocaching.com\/seek\/cache_details.aspx?wp=GC2PWQ9\" target=\"_blank\">cascades de la carretera<\/a>, tamb\u00e9 a Bedous. aquest prescindible.<br \/>\n<a href=\"http:\/\/www.traba.org\/trabablog\/wp-content\/uploads\/2011\/06\/2011-06-16-13.55.59.jpg\"><img loading=\"lazy\" decoding=\"async\" src=\"http:\/\/www.traba.org\/trabablog\/wp-content\/uploads\/2011\/06\/2011-06-16-13.55.59-tm.jpg\" alt=\"2011-06-16 13.55.59\" width=\"500\" height=\"666\" \/><\/a> <a href=\"http:\/\/www.traba.org\/trabablog\/wp-content\/uploads\/2011\/06\/IMG_9448.jpg\"><img loading=\"lazy\" decoding=\"async\" src=\"http:\/\/www.traba.org\/trabablog\/wp-content\/uploads\/2011\/06\/IMG_9448-tm.jpg\" alt=\"IMG_9448\" width=\"500\" height=\"333\" \/><\/a><\/p>\n<p>&nbsp;<\/p>\n","protected":false},"excerpt":{"rendered":"<p>mal temps avui&#8230; pero ens hem adaptat. hem intentar fer una excursi\u00f3 prop de Lescun: hem aparcat el cotxe davant de l&#8217;esgl\u00e9sia de Lescun. i a caminar&#8230; per\u00f2 no hav\u00edem&#8230;<\/p>\n","protected":false},"author":5,"featured_media":4795,"comment_status":"open","ping_status":"closed","sticky":false,"template":"","format":"standard","meta":{"_monsterinsights_skip_tracking":false,"_monsterinsights_sitenote_active":false,"_monsterinsights_sitenote_note":"","_monsterinsights_sitenote_category":0,"footnotes":""},"categories":[84,4],"tags":[65,40,67,80,68],"class_list":["post-4803","post","type-post","status-publish","format-standard","has-post-thumbnail","hentry","category-pirineu-2011","category-vacances","tag-formatge","tag-geocaching","tag-pirineu","tag-primavera","tag-wikiloc"],"_links":{"self":[{"href":"http:\/\/traba.org\/trabablog\/index.php?rest_route=\/wp\/v2\/posts\/4803","targetHints":{"allow":["GET"]}}],"collection":[{"href":"http:\/\/traba.org\/trabablog\/index.php?rest_route=\/wp\/v2\/posts"}],"about":[{"href":"http:\/\/traba.org\/trabablog\/index.php?rest_route=\/wp\/v2\/types\/post"}],"author":[{"embeddable":true,"href":"http:\/\/traba.org\/trabablog\/index.php?rest_route=\/wp\/v2\/users\/5"}],"replies":[{"embeddable":true,"href":"http:\/\/traba.org\/trabablog\/index.php?rest_route=%2Fwp%2Fv2%2Fcomments&post=4803"}],"version-history":[{"count":2,"href":"http:\/\/traba.org\/trabablog\/index.php?rest_route=\/wp\/v2\/posts\/4803\/revisions"}],"predecessor-version":[{"id":6583,"href":"http:\/\/traba.org\/trabablog\/index.php?rest_route=\/wp\/v2\/posts\/4803\/revisions\/6583"}],"wp:featuredmedia":[{"embeddable":true,"href":"http:\/\/traba.org\/trabablog\/index.php?rest_route=\/wp\/v2\/media\/4795"}],"wp:attachment":[{"href":"http:\/\/traba.org\/trabablog\/index.php?rest_route=%2Fwp%2Fv2%2Fmedia&parent=4803"}],"wp:term":[{"taxonomy":"category","embeddable":true,"href":"http:\/\/traba.org\/trabablog\/index.php?rest_route=%2Fwp%2Fv2%2Fcategories&post=4803"},{"taxonomy":"post_tag","embeddable":true,"href":"http:\/\/traba.org\/trabablog\/index.php?rest_route=%2Fwp%2Fv2%2Ftags&post=4803"}],"curies":[{"name":"wp","href":"https:\/\/api.w.org\/{rel}","templated":true}]}}