{"id":50,"date":"2008-03-22T01:29:20","date_gmt":"2008-03-21T23:29:20","guid":{"rendered":"http:\/\/www.traba.org\/trabablog\/?p=50"},"modified":"2008-03-22T01:30:18","modified_gmt":"2008-03-21T23:30:18","slug":"setmana-santa-2008-a-madrid","status":"publish","type":"post","link":"http:\/\/traba.org\/trabablog\/?p=50","title":{"rendered":"Setmana Santa 2008 a Madrid"},"content":{"rendered":"<p>Per qui no ho s\u00e0piga, ahir vam aribar a Madrid en AVE. L&#8217;AVE b\u00e9, jo un p\u00e8l corki: no sabia obrir la tauleta del meu seient! De totes maneres, crec que estava espatllada&#8230;<\/p>\n<p>Avui he fet poques fotos. A veure qu\u00e8 tal han quedat.<\/p>\n<p>Aquesta \u00e9s el nostre Aparthotel. Crec que s&#8217;ha quedat als anys 70, per\u00f2 li han posat wifi \ud83d\ude42<\/p>\n<p><img loading=\"lazy\" decoding=\"async\" src=\"http:\/\/www.traba.org\/galeria\/albums\/wpw-20080322\/normal_2008-0320_a_24_Madrid_142.jpg\" height=\"334\" width=\"500\" \/><\/p>\n<p>Al mat\u00ed, hem esmorzar a l&#8217;Starbucks.<\/p>\n<p><img loading=\"lazy\" decoding=\"async\" src=\"http:\/\/www.traba.org\/galeria\/albums\/wpw-20080322\/normal_2008-0320_a_24_Madrid_146.jpg\" height=\"334\" width=\"500\" \/><\/p>\n<p>Despr\u00e9s hem anat a donar una megavolta per Madrid. De Tribunal, a Sol, plaza Mayor,  Plaza de Oriente&#8230;<\/p>\n<p><img loading=\"lazy\" decoding=\"async\" src=\"http:\/\/www.traba.org\/galeria\/albums\/wpw-20080322\/normal_2008-0320_a_24_Madrid_158.jpg\" height=\"334\" width=\"500\" \/><\/p>\n<p>Despr\u00e9s hem agafat el metro fins a Lavapi\u00e9s on hem fet un vermutillo i despr\u00e9s a la Latina a dinar uns huevos rotos con jam\u00f3n i un sandwich especial. I passejant altre cop fins a fer la migdiada al Retiro.<\/p>\n<p><img loading=\"lazy\" decoding=\"async\" src=\"http:\/\/www.traba.org\/galeria\/albums\/wpw-20080322\/normal_2008-0320_a_24_Madrid_160.jpg\" height=\"334\" width=\"500\" \/><\/p>\n<p><img loading=\"lazy\" decoding=\"async\" src=\"http:\/\/www.traba.org\/galeria\/albums\/wpw-20080322\/normal_2008-0320_a_24_Madrid_162.jpg\" height=\"334\" width=\"500\" \/><\/p>\n<p>I l&#8217;ull del Francesc.<\/p>\n<p><img loading=\"lazy\" decoding=\"async\" src=\"http:\/\/www.traba.org\/galeria\/albums\/wpw-20080322\/normal_2008-0320_a_24_Madrid_167.jpg\" height=\"334\" width=\"500\" \/><\/p>\n<p><img loading=\"lazy\" decoding=\"async\" src=\"http:\/\/www.traba.org\/galeria\/albums\/wpw-20080322\/normal_2008-0320_a_24_Madrid_175.jpg\" height=\"334\" width=\"500\" \/><\/p>\n<p><img loading=\"lazy\" decoding=\"async\" src=\"http:\/\/www.traba.org\/galeria\/albums\/wpw-20080322\/2008-0320_a_24_Madrid_177.jpg\" height=\"750\" width=\"500\" \/><\/p>\n<p>I el llac del Retiro.<\/p>\n<p><img loading=\"lazy\" decoding=\"async\" src=\"http:\/\/www.traba.org\/galeria\/albums\/wpw-20080322\/normal_2008-0320_a_24_Madrid_181.jpg\" height=\"334\" width=\"500\" \/><\/p>\n<p>A treballar un rato el PSA (grrrr!), sopar i dormir.<\/p>\n<p>Fins dem\u00e0!<\/p>\n","protected":false},"excerpt":{"rendered":"<p>Per qui no ho s\u00e0piga, ahir vam aribar a Madrid en AVE. L&#8217;AVE b\u00e9, jo un p\u00e8l corki: no sabia obrir la tauleta del meu seient! De totes maneres, crec&#8230;<\/p>\n","protected":false},"author":5,"featured_media":0,"comment_status":"open","ping_status":"open","sticky":false,"template":"","format":"standard","meta":{"_monsterinsights_skip_tracking":false,"_monsterinsights_sitenote_active":false,"_monsterinsights_sitenote_note":"","_monsterinsights_sitenote_category":0,"footnotes":""},"categories":[4],"tags":[],"class_list":["post-50","post","type-post","status-publish","format-standard","hentry","category-vacances"],"_links":{"self":[{"href":"http:\/\/traba.org\/trabablog\/index.php?rest_route=\/wp\/v2\/posts\/50","targetHints":{"allow":["GET"]}}],"collection":[{"href":"http:\/\/traba.org\/trabablog\/index.php?rest_route=\/wp\/v2\/posts"}],"about":[{"href":"http:\/\/traba.org\/trabablog\/index.php?rest_route=\/wp\/v2\/types\/post"}],"author":[{"embeddable":true,"href":"http:\/\/traba.org\/trabablog\/index.php?rest_route=\/wp\/v2\/users\/5"}],"replies":[{"embeddable":true,"href":"http:\/\/traba.org\/trabablog\/index.php?rest_route=%2Fwp%2Fv2%2Fcomments&post=50"}],"version-history":[{"count":0,"href":"http:\/\/traba.org\/trabablog\/index.php?rest_route=\/wp\/v2\/posts\/50\/revisions"}],"wp:attachment":[{"href":"http:\/\/traba.org\/trabablog\/index.php?rest_route=%2Fwp%2Fv2%2Fmedia&parent=50"}],"wp:term":[{"taxonomy":"category","embeddable":true,"href":"http:\/\/traba.org\/trabablog\/index.php?rest_route=%2Fwp%2Fv2%2Fcategories&post=50"},{"taxonomy":"post_tag","embeddable":true,"href":"http:\/\/traba.org\/trabablog\/index.php?rest_route=%2Fwp%2Fv2%2Ftags&post=50"}],"curies":[{"name":"wp","href":"https:\/\/api.w.org\/{rel}","templated":true}]}}