{"id":52,"date":"2008-03-24T19:00:23","date_gmt":"2008-03-24T17:00:23","guid":{"rendered":"http:\/\/www.traba.org\/trabablog\/?p=52"},"modified":"2008-03-24T19:00:23","modified_gmt":"2008-03-24T17:00:23","slug":"un-post-des-de-lave","status":"publish","type":"post","link":"http:\/\/traba.org\/trabablog\/?p=52","title":{"rendered":"Un post des de l&#8217;AVE"},"content":{"rendered":"<p>Bueno, ara que ja hem marxat de l&#8217;<a href=\"http:\/\/www.hotel-tribunal.com\/\">Apartotel Tribunal<\/a>, ja el podem criticar. T\u00e9 coses bones i dolentes, comen\u00e7ar\u00e9 per les dolentes que fan m\u00e9s r\u00e0bia. Primer de tot, la pressi\u00f3 de l&#8217;aigua de la dutxa \u00e9s m\u00ednima. I si com a mi, t&#8217;agrada dutxar-te amb aigua bullint, \u00e9s impossible. A l&#8217;habitaci\u00f3 no han canviat els mobles des dels anys 70, i les cortines estaven mugrientes. I com a bon Aparthotel, si, t\u00e9 cuina, per\u00f2 \u00e9s impracticable fer all\u00e0 qualsevol menjar. Per escalfar la llet per un sol caf\u00e8, m\u00e9s de 10 minuts amb els fogons el\u00e8ctrics. A part, per esmorzar et donaven un croissant de bossa, dolent\u00edssim i una madalena amb dos sobres de caf\u00e8 soluble. I cada dia exactament el mateix. I tot aix\u00f2, si fos barato, per\u00f2 no! 90 euros la nit! S&#8217;ha de dir, per\u00f2 que tenia alguna cosa bona. \u00c9s c\u00e8ntric, a menys d&#8217;1 minut de la parada de metro de Tribunal, i t\u00e9 parking de cotxes (tot i que amb places limitades), cosa que pot justificar el preu, per\u00f2 no deixa de fer r\u00e0bia.<\/p>\n<p>Bueno, pues pel mat\u00ed, hem anat a esmorzar a una cafeteria del carrer Montserrat, un croissant a la planxa \ud83d\ude42 mmmmm! I despr\u00e9s he aconseguit, gr\u00e0cies a la insist\u00e8ncia del Francesc, comprar-me 2 pantalons, unes sand\u00e0lies i una samarreta! bien!<\/p>\n<p>I ara ja tornem en l&#8217;AVE cap a Barcelona.<\/p>\n<p>Fins les properes vacances, que seran a NYC!<\/p>\n","protected":false},"excerpt":{"rendered":"<p>Bueno, ara que ja hem marxat de l&#8217;Apartotel Tribunal, ja el podem criticar. T\u00e9 coses bones i dolentes, comen\u00e7ar\u00e9 per les dolentes que fan m\u00e9s r\u00e0bia. Primer de tot, la&#8230;<\/p>\n","protected":false},"author":5,"featured_media":0,"comment_status":"open","ping_status":"open","sticky":false,"template":"","format":"standard","meta":{"_monsterinsights_skip_tracking":false,"_monsterinsights_sitenote_active":false,"_monsterinsights_sitenote_note":"","_monsterinsights_sitenote_category":0,"footnotes":""},"categories":[4],"tags":[],"class_list":["post-52","post","type-post","status-publish","format-standard","hentry","category-vacances"],"_links":{"self":[{"href":"http:\/\/traba.org\/trabablog\/index.php?rest_route=\/wp\/v2\/posts\/52","targetHints":{"allow":["GET"]}}],"collection":[{"href":"http:\/\/traba.org\/trabablog\/index.php?rest_route=\/wp\/v2\/posts"}],"about":[{"href":"http:\/\/traba.org\/trabablog\/index.php?rest_route=\/wp\/v2\/types\/post"}],"author":[{"embeddable":true,"href":"http:\/\/traba.org\/trabablog\/index.php?rest_route=\/wp\/v2\/users\/5"}],"replies":[{"embeddable":true,"href":"http:\/\/traba.org\/trabablog\/index.php?rest_route=%2Fwp%2Fv2%2Fcomments&post=52"}],"version-history":[{"count":0,"href":"http:\/\/traba.org\/trabablog\/index.php?rest_route=\/wp\/v2\/posts\/52\/revisions"}],"wp:attachment":[{"href":"http:\/\/traba.org\/trabablog\/index.php?rest_route=%2Fwp%2Fv2%2Fmedia&parent=52"}],"wp:term":[{"taxonomy":"category","embeddable":true,"href":"http:\/\/traba.org\/trabablog\/index.php?rest_route=%2Fwp%2Fv2%2Fcategories&post=52"},{"taxonomy":"post_tag","embeddable":true,"href":"http:\/\/traba.org\/trabablog\/index.php?rest_route=%2Fwp%2Fv2%2Ftags&post=52"}],"curies":[{"name":"wp","href":"https:\/\/api.w.org\/{rel}","templated":true}]}}