{"id":53,"date":"2008-04-13T14:30:59","date_gmt":"2008-04-13T12:30:59","guid":{"rendered":"http:\/\/www.traba.org\/trabablog\/?p=53"},"modified":"2017-08-12T14:08:13","modified_gmt":"2017-08-12T13:08:13","slug":"un-dia-distret","status":"publish","type":"post","link":"http:\/\/traba.org\/trabablog\/?p=53","title":{"rendered":"Un dia distret"},"content":{"rendered":"<p>Penjo les fotos d&#8217;ahir \ud83d\ude42<\/p>\n<p>Primer vam pujar al telef\u00e8ric, per\u00f2 no vaig fer fotos.<\/p>\n<p>Despr\u00e9s vam dinar a <a title=\"la Caseta del Migdia\" href=\"http:\/\/www.lacaseta.org\/\">la Caseta del Migdia<\/a>.<\/p>\n<p><img loading=\"lazy\" decoding=\"async\" src=\"http:\/\/www.traba.org\/galeria\/albums\/wpw-20080413\/normal_2008-04-12_Monjuic_001.jpg\" width=\"500\" height=\"375\" \/><\/p>\n<p><img loading=\"lazy\" decoding=\"async\" src=\"http:\/\/www.traba.org\/galeria\/albums\/wpw-20080413\/normal_2008-04-12_Monjuic_002.jpg\" width=\"500\" height=\"375\" \/><\/p>\n<p>Anant cap al parc.<\/p>\n<p><img loading=\"lazy\" decoding=\"async\" src=\"http:\/\/www.traba.org\/galeria\/albums\/wpw-20080413\/normal_2008-04-12_Monjuic_004.jpg\" width=\"500\" height=\"375\" \/><\/p>\n<p><img loading=\"lazy\" decoding=\"async\" src=\"http:\/\/www.traba.org\/galeria\/albums\/wpw-20080413\/normal_2008-04-12_Monjuic_006.jpg\" width=\"500\" height=\"375\" \/><\/p>\n<p><img loading=\"lazy\" decoding=\"async\" src=\"http:\/\/www.traba.org\/galeria\/albums\/wpw-20080413\/normal_2008-04-12_Monjuic_008.jpg\" width=\"500\" height=\"375\" \/><\/p>\n<p><img loading=\"lazy\" decoding=\"async\" src=\"http:\/\/www.traba.org\/galeria\/albums\/wpw-20080413\/2008-04-12_Monjuic_010.jpg\" width=\"500\" height=\"667\" \/><\/p>\n<p><img loading=\"lazy\" decoding=\"async\" src=\"http:\/\/www.traba.org\/galeria\/albums\/wpw-20080413\/normal_2008-04-12_Monjuic_011.jpg\" width=\"500\" height=\"375\" \/><\/p>\n<p><img loading=\"lazy\" decoding=\"async\" src=\"http:\/\/www.traba.org\/galeria\/albums\/wpw-20080413\/normal_2008-04-12_Monjuic_013.jpg\" width=\"500\" height=\"375\" \/><\/p>\n<p><img loading=\"lazy\" decoding=\"async\" src=\"http:\/\/www.traba.org\/galeria\/albums\/wpw-20080413\/2008-04-12_Monjuic_015.jpg\" width=\"500\" height=\"667\" \/><\/p>\n<p><img loading=\"lazy\" decoding=\"async\" src=\"http:\/\/www.traba.org\/galeria\/albums\/wpw-20080413\/normal_2008-04-12_Monjuic_016.jpg\" width=\"500\" height=\"375\" \/><\/p>\n<p><img loading=\"lazy\" decoding=\"async\" src=\"http:\/\/www.traba.org\/galeria\/albums\/wpw-20080413\/normal_2008-04-12_Monjuic_017.jpg\" width=\"500\" height=\"375\" \/><\/p>\n<p><img loading=\"lazy\" decoding=\"async\" src=\"http:\/\/www.traba.org\/galeria\/albums\/wpw-20080413\/normal_2008-04-12_Monjuic_018.jpg\" width=\"500\" height=\"375\" \/><\/p>\n<p><img loading=\"lazy\" decoding=\"async\" src=\"http:\/\/www.traba.org\/galeria\/albums\/wpw-20080413\/normal_2008-04-12_Monjuic_019.jpg\" width=\"500\" height=\"375\" \/><\/p>\n<p><img loading=\"lazy\" decoding=\"async\" src=\"http:\/\/www.traba.org\/galeria\/albums\/wpw-20080413\/normal_2008-04-12_Monjuic_020.jpg\" width=\"500\" height=\"375\" \/><\/p>\n<p><img loading=\"lazy\" decoding=\"async\" src=\"http:\/\/www.traba.org\/galeria\/albums\/wpw-20080413\/normal_2008-04-12_Monjuic_021.jpg\" width=\"500\" height=\"375\" \/><\/p>\n<p><img loading=\"lazy\" decoding=\"async\" src=\"http:\/\/www.traba.org\/galeria\/albums\/wpw-20080413\/2008-04-12_Monjuic_022.jpg\" width=\"500\" height=\"667\" \/><\/p>\n<p>A les cordes.<\/p>\n<p><img loading=\"lazy\" decoding=\"async\" src=\"http:\/\/www.traba.org\/galeria\/albums\/wpw-20080413\/normal_2008-04-12_Monjuic_023.jpg\" width=\"500\" height=\"375\" \/><\/p>\n<p><img loading=\"lazy\" decoding=\"async\" src=\"http:\/\/www.traba.org\/galeria\/albums\/wpw-20080413\/2008-04-12_Monjuic_024.jpg\" width=\"500\" height=\"667\" \/><\/p>\n<p><img loading=\"lazy\" decoding=\"async\" src=\"http:\/\/www.traba.org\/galeria\/albums\/wpw-20080413\/normal_2008-04-12_Monjuic_025.jpg\" width=\"500\" height=\"375\" \/><\/p>\n<p><img loading=\"lazy\" decoding=\"async\" src=\"http:\/\/www.traba.org\/galeria\/albums\/wpw-20080413\/normal_2008-04-12_Monjuic_026.jpg\" width=\"500\" height=\"375\" \/><\/p>\n<p><img loading=\"lazy\" decoding=\"async\" src=\"http:\/\/www.traba.org\/galeria\/albums\/wpw-20080413\/2008-04-12_Monjuic_027.jpg\" width=\"500\" height=\"667\" \/><\/p>\n<p><img loading=\"lazy\" decoding=\"async\" src=\"http:\/\/www.traba.org\/galeria\/albums\/wpw-20080413\/2008-04-12_Monjuic_028.jpg\" width=\"500\" height=\"667\" \/><\/p>\n<p><img loading=\"lazy\" decoding=\"async\" src=\"http:\/\/www.traba.org\/galeria\/albums\/wpw-20080413\/2008-04-12_Monjuic_029.jpg\" width=\"500\" height=\"667\" \/><\/p>\n<p><img loading=\"lazy\" decoding=\"async\" src=\"http:\/\/www.traba.org\/galeria\/albums\/wpw-20080413\/2008-04-12_Monjuic_031.jpg\" width=\"500\" height=\"667\" \/><\/p>\n<p>La tirulina.<\/p>\n<p><img loading=\"lazy\" decoding=\"async\" src=\"http:\/\/www.traba.org\/galeria\/albums\/wpw-20080413\/normal_2008-04-12_Monjuic_032.jpg\" width=\"500\" height=\"375\" \/><\/p>\n<p><img loading=\"lazy\" decoding=\"async\" src=\"http:\/\/www.traba.org\/galeria\/albums\/wpw-20080413\/normal_2008-04-12_Monjuic_033.jpg\" width=\"500\" height=\"375\" \/><\/p>\n<p><img loading=\"lazy\" decoding=\"async\" src=\"http:\/\/www.traba.org\/galeria\/albums\/wpw-20080413\/normal_2008-04-12_Monjuic_034.jpg\" width=\"500\" height=\"375\" \/><\/p>\n<p><img loading=\"lazy\" decoding=\"async\" src=\"http:\/\/www.traba.org\/galeria\/albums\/wpw-20080413\/normal_2008-04-12_Monjuic_035.jpg\" width=\"500\" height=\"375\" \/><\/p>\n<p><img loading=\"lazy\" decoding=\"async\" src=\"http:\/\/www.traba.org\/galeria\/albums\/wpw-20080413\/normal_2008-04-12_Monjuic_036.jpg\" width=\"500\" height=\"375\" \/><\/p>\n<p><img loading=\"lazy\" decoding=\"async\" src=\"http:\/\/www.traba.org\/galeria\/albums\/wpw-20080413\/normal_2008-04-12_Monjuic_038.jpg\" width=\"500\" height=\"375\" \/><\/p>\n<p><img loading=\"lazy\" decoding=\"async\" src=\"http:\/\/www.traba.org\/galeria\/albums\/wpw-20080413\/normal_2008-04-12_Monjuic_039.jpg\" width=\"500\" height=\"375\" \/><\/p>\n<p><img loading=\"lazy\" decoding=\"async\" src=\"http:\/\/www.traba.org\/galeria\/albums\/wpw-20080413\/normal_2008-04-12_Monjuic_042.jpg\" width=\"500\" height=\"375\" \/><\/p>\n<p><img loading=\"lazy\" decoding=\"async\" src=\"http:\/\/www.traba.org\/galeria\/albums\/wpw-20080413\/normal_2008-04-12_Monjuic_046.jpg\" width=\"500\" height=\"375\" \/><\/p>\n<p><img loading=\"lazy\" decoding=\"async\" src=\"http:\/\/www.traba.org\/galeria\/albums\/wpw-20080413\/normal_2008-04-12_Monjuic_047.jpg\" width=\"500\" height=\"375\" \/><\/p>\n<p><img loading=\"lazy\" decoding=\"async\" src=\"http:\/\/www.traba.org\/galeria\/albums\/wpw-20080413\/normal_2008-04-12_Monjuic_048.jpg\" width=\"500\" height=\"375\" \/><\/p>\n<p><img loading=\"lazy\" decoding=\"async\" src=\"http:\/\/www.traba.org\/galeria\/albums\/wpw-20080413\/normal_2008-04-12_Monjuic_051.jpg\" width=\"500\" height=\"375\" \/><\/p>\n<p><img loading=\"lazy\" decoding=\"async\" src=\"http:\/\/www.traba.org\/galeria\/albums\/wpw-20080413\/normal_2008-04-12_Monjuic_052.jpg\" width=\"500\" height=\"375\" \/><\/p>\n<p><img loading=\"lazy\" decoding=\"async\" src=\"http:\/\/www.traba.org\/galeria\/albums\/wpw-20080413\/normal_2008-04-12_Monjuic_053.jpg\" width=\"500\" height=\"375\" \/><\/p>\n<p><img loading=\"lazy\" decoding=\"async\" src=\"http:\/\/www.traba.org\/galeria\/albums\/wpw-20080413\/normal_2008-04-12_Monjuic_054.jpg\" width=\"500\" height=\"375\" \/><\/p>\n<p>I la tornada amb el funicular.<\/p>\n<p><img loading=\"lazy\" decoding=\"async\" src=\"http:\/\/www.traba.org\/galeria\/albums\/wpw-20080413\/2008-04-12_Monjuic_059.jpg\" width=\"500\" height=\"667\" \/><\/p>\n<p>Els Doraemons de fang.<\/p>\n<p><img loading=\"lazy\" decoding=\"async\" src=\"http:\/\/www.traba.org\/galeria\/albums\/wpw-20080413\/normal_2008-04-12_Monjuic_063.jpg\" width=\"500\" height=\"375\" \/><\/p>\n<p><img loading=\"lazy\" decoding=\"async\" src=\"http:\/\/www.traba.org\/galeria\/albums\/wpw-20080413\/normal_2008-04-12_Monjuic_064.jpg\" width=\"500\" height=\"375\" \/><\/p>\n<p>Fin \ud83d\ude42<\/p>\n","protected":false},"excerpt":{"rendered":"<p>Penjo les fotos d&#8217;ahir \ud83d\ude42 Primer vam pujar al telef\u00e8ric, per\u00f2 no vaig fer fotos. Despr\u00e9s vam dinar a la Caseta del Migdia. Anant cap al parc. A les cordes&#8230;.<\/p>\n","protected":false},"author":5,"featured_media":0,"comment_status":"open","ping_status":"open","sticky":false,"template":"","format":"standard","meta":{"_monsterinsights_skip_tracking":false,"_monsterinsights_sitenote_active":false,"_monsterinsights_sitenote_note":"","_monsterinsights_sitenote_category":0,"footnotes":""},"categories":[9,4],"tags":[],"class_list":["post-53","post","type-post","status-publish","format-standard","hentry","category-celebracions-varies","category-vacances"],"_links":{"self":[{"href":"http:\/\/traba.org\/trabablog\/index.php?rest_route=\/wp\/v2\/posts\/53","targetHints":{"allow":["GET"]}}],"collection":[{"href":"http:\/\/traba.org\/trabablog\/index.php?rest_route=\/wp\/v2\/posts"}],"about":[{"href":"http:\/\/traba.org\/trabablog\/index.php?rest_route=\/wp\/v2\/types\/post"}],"author":[{"embeddable":true,"href":"http:\/\/traba.org\/trabablog\/index.php?rest_route=\/wp\/v2\/users\/5"}],"replies":[{"embeddable":true,"href":"http:\/\/traba.org\/trabablog\/index.php?rest_route=%2Fwp%2Fv2%2Fcomments&post=53"}],"version-history":[{"count":3,"href":"http:\/\/traba.org\/trabablog\/index.php?rest_route=\/wp\/v2\/posts\/53\/revisions"}],"predecessor-version":[{"id":13107,"href":"http:\/\/traba.org\/trabablog\/index.php?rest_route=\/wp\/v2\/posts\/53\/revisions\/13107"}],"wp:attachment":[{"href":"http:\/\/traba.org\/trabablog\/index.php?rest_route=%2Fwp%2Fv2%2Fmedia&parent=53"}],"wp:term":[{"taxonomy":"category","embeddable":true,"href":"http:\/\/traba.org\/trabablog\/index.php?rest_route=%2Fwp%2Fv2%2Fcategories&post=53"},{"taxonomy":"post_tag","embeddable":true,"href":"http:\/\/traba.org\/trabablog\/index.php?rest_route=%2Fwp%2Fv2%2Ftags&post=53"}],"curies":[{"name":"wp","href":"https:\/\/api.w.org\/{rel}","templated":true}]}}