{"id":5491,"date":"2011-09-05T10:53:23","date_gmt":"2011-09-05T08:53:23","guid":{"rendered":"http:\/\/www.traba.org\/trabablog\/?p=5491"},"modified":"2011-11-01T12:31:08","modified_gmt":"2011-11-01T11:31:08","slug":"el-superpoder-de-saber-lhora-que-es","status":"publish","type":"post","link":"http:\/\/traba.org\/trabablog\/?p=5491","title":{"rendered":"el superpoder de saber l&#8217;hora que \u00e9s"},"content":{"rendered":"<p>ahir vam arribar on time, i hem pogut dormir les nostres 6 horetes \ud83d\ude42<\/p>\n<p>el sr. de l&#8217;hotel de Keflavik ja ens estava esperant a l&#8217;aeroport amb un cartellet amb el nom del Francesc. i amb un cohet al cul, en 15 minuts ja erem a l&#8217;hotel a punt de ficar-nos al llit. l&#8217;hotel aquest \u00e9s una antiga base militar, i aquests encara s\u00f3n els mobles que tenia. ben c\u00f2modes els llits.<\/p>\n<p><a href=\"http:\/\/www.traba.org\/trabablog\/wp-content\/uploads\/2011\/09\/DSCF0731.jpg\"><img loading=\"lazy\" decoding=\"async\" src=\"http:\/\/www.traba.org\/trabablog\/wp-content\/uploads\/2011\/09\/DSCF0731-tm.jpg\" alt=\"DSCF0731\" width=\"500\" height=\"332\" \/><\/a><\/p>\n<p>a l&#8217;esmorzar, hem descobert un producte que sembla que nom\u00e9s mengen a Isl\u00e0ndia i pocs llocs m\u00e9s: <strong>skyr<\/strong>. com que avui no tenim internet a l&#8217;habitaci\u00f3, no puc saber exactament qu\u00e8 \u00e9s. a veure si algun dia d&#8217;aquests m&#8217;ho miro. per\u00f2 \u00e9s com un iogurt, per\u00f2 amb un punt m\u00e9s agre que \u00e0cid.<\/p>\n<p>ens han portat el cotxe una mica tard. d&#8217;aqu\u00ed deduim que els islandesos no s\u00f3n puntuals. seguirem observant.<\/p>\n<p>primer hotspot del dia: <strong>Seljalandsfoss<\/strong>. he dedu\u00eft que tot el qu\u00e8 acaba amb foss vol dir cascada.<\/p>\n<p><a href=\"http:\/\/www.traba.org\/trabablog\/wp-content\/uploads\/2011\/09\/IMG_9814.jpg\"><img loading=\"lazy\" decoding=\"async\" src=\"http:\/\/www.traba.org\/trabablog\/wp-content\/uploads\/2011\/09\/IMG_9814-tm.jpg\" alt=\"IMG_9814\" width=\"500\" height=\"333\" \/><\/a><\/p>\n<p>aquesta m&#8217;ha agradat perqu\u00e8 hi pots interaccionar, amb la cascada&#8230; vaia, que en comptes de nom\u00e9s mirar-la, pots anar al darrere i fins i tot hi ha un cam\u00ed que la rodeja. distret.<\/p>\n<p><a href=\"http:\/\/www.traba.org\/trabablog\/wp-content\/uploads\/2011\/09\/IMG_9815.jpg\"><img loading=\"lazy\" decoding=\"async\" src=\"http:\/\/www.traba.org\/trabablog\/wp-content\/uploads\/2011\/09\/IMG_9815-tm.jpg\" alt=\"IMG_9815\" width=\"500\" height=\"333\" \/><\/a><\/p>\n<p>per cert, com a bon hotspot que \u00e9s, t\u00e9 lavabos: nets i amb calefactor!<\/p>\n<p><a href=\"http:\/\/www.traba.org\/trabablog\/wp-content\/uploads\/2011\/09\/IMG_9816.jpg\"><img loading=\"lazy\" decoding=\"async\" src=\"http:\/\/www.traba.org\/trabablog\/wp-content\/uploads\/2011\/09\/IMG_9816-tm.jpg\" alt=\"IMG_9816\" width=\"500\" height=\"333\" \/><\/a> <a href=\"http:\/\/www.traba.org\/trabablog\/wp-content\/uploads\/2011\/09\/IMG_9824.jpg\"><img loading=\"lazy\" decoding=\"async\" src=\"http:\/\/www.traba.org\/trabablog\/wp-content\/uploads\/2011\/09\/IMG_9824-tm.jpg\" alt=\"IMG_9824\" width=\"500\" height=\"750\" \/><\/a><\/p>\n<p>a lo lluny hem vist que hi havia uns xorros d&#8217;aigua que sortien cap amunt i ens hem acostat per acabar vient aix\u00f2:<\/p>\n<p><a href=\"http:\/\/www.traba.org\/trabablog\/wp-content\/uploads\/2011\/09\/IMG_9831.jpg\"><img loading=\"lazy\" decoding=\"async\" src=\"http:\/\/www.traba.org\/trabablog\/wp-content\/uploads\/2011\/09\/IMG_9831-tm.jpg\" alt=\"IMG_9831\" width=\"500\" height=\"750\" \/><\/a><\/p>\n<p>unes mangures foradades&#8230;<\/p>\n<p><a href=\"http:\/\/www.traba.org\/trabablog\/wp-content\/uploads\/2011\/09\/IMG_9837.jpg\"><img loading=\"lazy\" decoding=\"async\" src=\"http:\/\/www.traba.org\/trabablog\/wp-content\/uploads\/2011\/09\/IMG_9837-tm.jpg\" alt=\"IMG_9837\" width=\"500\" height=\"333\" \/><\/a><\/p>\n<p>despr\u00e9s cap a <strong>Seljavellir<\/strong>, el meu lloc preferit del dia. \u00e9s una piscina artificial, per\u00f2 que est\u00e0 plena d&#8217;aig\u00fces termals. per arribar-hi s&#8217;ha de caminar una mica per sorra volc\u00e0nica, negra i atravessar tot de rius&#8230; un gran invent el goretex&#8230;<\/p>\n<p><a href=\"http:\/\/www.traba.org\/trabablog\/wp-content\/uploads\/2011\/09\/IMG_9842.jpg\"><img loading=\"lazy\" decoding=\"async\" src=\"http:\/\/www.traba.org\/trabablog\/wp-content\/uploads\/2011\/09\/IMG_9842-tm.jpg\" alt=\"IMG_9842\" width=\"500\" height=\"333\" \/><\/a><\/p>\n<p>fins al fons de la vall.<\/p>\n<p><a href=\"http:\/\/www.traba.org\/trabablog\/wp-content\/uploads\/2011\/09\/IMG_9844.jpg\"><img loading=\"lazy\" decoding=\"async\" src=\"http:\/\/www.traba.org\/trabablog\/wp-content\/uploads\/2011\/09\/IMG_9844-tm.jpg\" alt=\"IMG_9844\" width=\"500\" height=\"333\" \/><\/a> <a href=\"http:\/\/www.traba.org\/trabablog\/wp-content\/uploads\/2011\/09\/IMG_9845.jpg\"><img loading=\"lazy\" decoding=\"async\" src=\"http:\/\/www.traba.org\/trabablog\/wp-content\/uploads\/2011\/09\/IMG_9845-tm.jpg\" alt=\"IMG_9845\" width=\"500\" height=\"333\" \/><\/a><\/p>\n<p>ohhhh&#8230;<\/p>\n<p><a href=\"http:\/\/www.traba.org\/trabablog\/wp-content\/uploads\/2011\/09\/IMG_9850.jpg\"><img loading=\"lazy\" decoding=\"async\" src=\"http:\/\/www.traba.org\/trabablog\/wp-content\/uploads\/2011\/09\/IMG_9850-tm.jpg\" alt=\"IMG_9850\" width=\"500\" height=\"333\" \/><\/a><\/p>\n<p>t\u00e9 un toc retro l&#8217;edifici. he de mirar de quan \u00e9s, per\u00f2 crec que no \u00e9s que tingui un toc retro, \u00e9s que ho \u00e9s de veritat.<\/p>\n<p><a href=\"http:\/\/www.traba.org\/trabablog\/wp-content\/uploads\/2011\/09\/IMG_9862.jpg\"><img loading=\"lazy\" decoding=\"async\" src=\"http:\/\/www.traba.org\/trabablog\/wp-content\/uploads\/2011\/09\/IMG_9862-tm.jpg\" alt=\"IMG_9862\" width=\"500\" height=\"333\" \/><\/a><\/p>\n<p>l&#8217;aigua estava calenta. mireu el fum que surt de l&#8217;aigua. fora potser est\u00e0vem a uns 13 graus.<\/p>\n<p><a href=\"http:\/\/www.traba.org\/trabablog\/wp-content\/uploads\/2011\/09\/IMG_9869.jpg\"><img loading=\"lazy\" decoding=\"async\" src=\"http:\/\/www.traba.org\/trabablog\/wp-content\/uploads\/2011\/09\/IMG_9869-tm.jpg\" alt=\"IMG_9869\" width=\"500\" height=\"333\" \/><\/a><\/p>\n<p>banyar-se en aigua calenta entre muntanyes t\u00e9 la seva gr\u00e0cia.<\/p>\n<p><a href=\"http:\/\/www.traba.org\/trabablog\/wp-content\/uploads\/2011\/09\/IMG_9873.jpg\"><img loading=\"lazy\" decoding=\"async\" src=\"http:\/\/www.traba.org\/trabablog\/wp-content\/uploads\/2011\/09\/IMG_9873-tm.jpg\" alt=\"IMG_9873\" width=\"500\" height=\"333\" \/><\/a><\/p>\n<p>el terra de la piscina estava ple de sorra volc\u00e0nica de l&#8217;\u00faltima erupci\u00f3.<\/p>\n<p><a href=\"http:\/\/www.traba.org\/trabablog\/wp-content\/uploads\/2011\/09\/IMG_9877.jpg\"><img loading=\"lazy\" decoding=\"async\" src=\"http:\/\/www.traba.org\/trabablog\/wp-content\/uploads\/2011\/09\/IMG_9877-tm.jpg\" alt=\"IMG_9877\" width=\"500\" height=\"333\" \/><\/a><\/p>\n<p>i aquests eren els vestidors. un per homes i un per dones. aquesta vermella \u00e9s la motxilla nova del Francesc. i si que vam trobar tovalloles tipus baieta per\u00f2 grans al decathlon.<\/p>\n<p><a href=\"http:\/\/www.traba.org\/trabablog\/wp-content\/uploads\/2011\/09\/IMG_9884.jpg\"><img loading=\"lazy\" decoding=\"async\" src=\"http:\/\/www.traba.org\/trabablog\/wp-content\/uploads\/2011\/09\/IMG_9884-tm.jpg\" alt=\"IMG_9884\" width=\"500\" height=\"333\" \/><\/a><\/p>\n<p>seg\u00fcent hotspot: <strong>Sk\u00f3gafoss<\/strong>. tamb\u00e9 t\u00e9 WC en el museu. s&#8217;han de pagar, mig euro o 100 FSK. \u00e9s un trust based bussines.<\/p>\n<p>la veritat, trobar catarates tan monumentals per\u00f2 al peu de carretera, es fa estrany. fa que no semblin tan espectaculars. aquesta ho era, per\u00f2 no he pogut fer la foto d&#8217;aprop perqu\u00e8 et quedaves empapat, cosa que a la c\u00e0mara no li senta b\u00e9.<\/p>\n<p><a href=\"http:\/\/www.traba.org\/trabablog\/wp-content\/uploads\/2011\/09\/IMG_9896.jpg\"><img loading=\"lazy\" decoding=\"async\" src=\"http:\/\/www.traba.org\/trabablog\/wp-content\/uploads\/2011\/09\/IMG_9896-tm.jpg\" alt=\"IMG_9896\" width=\"500\" height=\"333\" \/><\/a><\/p>\n<p>i finalment al far de <strong>Dyrh\u00f3laey<\/strong>. \u00e9s un promomtorio que per una banda pots veure la platja de <strong>Reynisfjara<\/strong> de sorra negra.<\/p>\n<p><a href=\"http:\/\/www.traba.org\/trabablog\/wp-content\/uploads\/2011\/09\/IMG_9936.jpg\"><img loading=\"lazy\" decoding=\"async\" src=\"http:\/\/www.traba.org\/trabablog\/wp-content\/uploads\/2011\/09\/IMG_9936-tm.jpg\" alt=\"IMG_9936\" width=\"500\" height=\"333\" \/><\/a><\/p>\n<p>el sr. far.<\/p>\n<p><a href=\"http:\/\/www.traba.org\/trabablog\/wp-content\/uploads\/2011\/09\/IMG_9902.jpg\"><img loading=\"lazy\" decoding=\"async\" src=\"http:\/\/www.traba.org\/trabablog\/wp-content\/uploads\/2011\/09\/IMG_9902-tm.jpg\" alt=\"IMG_9902\" width=\"500\" height=\"333\" \/><\/a><\/p>\n<p>hi ha un geocach\u00e9, es diu com el far. posaria el link, per\u00f2 mentre escric no tinc internet&#8230;<\/p>\n<p><a href=\"http:\/\/www.traba.org\/trabablog\/wp-content\/uploads\/2011\/09\/IMG_9908.jpg\"><img loading=\"lazy\" decoding=\"async\" src=\"http:\/\/www.traba.org\/trabablog\/wp-content\/uploads\/2011\/09\/IMG_9908-tm.jpg\" alt=\"IMG_9908\" width=\"500\" height=\"750\" \/><\/a> <a href=\"http:\/\/www.traba.org\/trabablog\/wp-content\/uploads\/2011\/09\/IMG_9913.jpg\"><img loading=\"lazy\" decoding=\"async\" src=\"http:\/\/www.traba.org\/trabablog\/wp-content\/uploads\/2011\/09\/IMG_9913-tm.jpg\" alt=\"IMG_9913\" width=\"500\" height=\"333\" \/><\/a> <a href=\"http:\/\/www.traba.org\/trabablog\/wp-content\/uploads\/2011\/09\/IMG_9914.jpg\"><img loading=\"lazy\" decoding=\"async\" src=\"http:\/\/www.traba.org\/trabablog\/wp-content\/uploads\/2011\/09\/IMG_9914-tm.jpg\" alt=\"IMG_9914\" width=\"500\" height=\"333\" \/><\/a> <a href=\"http:\/\/www.traba.org\/trabablog\/wp-content\/uploads\/2011\/09\/IMG_9918.jpg\"><img loading=\"lazy\" decoding=\"async\" src=\"http:\/\/www.traba.org\/trabablog\/wp-content\/uploads\/2011\/09\/IMG_9918-tm.jpg\" alt=\"IMG_9918\" width=\"500\" height=\"333\" \/><\/a><\/p>\n<p>l&#8217;arc de Dyrh\u00f3laey, que \u00e9s bastant fam\u00f3s.<\/p>\n<p><a href=\"http:\/\/www.traba.org\/trabablog\/wp-content\/uploads\/2011\/09\/IMG_9919.jpg\"><img loading=\"lazy\" decoding=\"async\" src=\"http:\/\/www.traba.org\/trabablog\/wp-content\/uploads\/2011\/09\/IMG_9919-tm.jpg\" alt=\"IMG_9919\" width=\"500\" height=\"333\" \/><\/a><\/p>\n<p>el primer glaciar que veiem. he de mirar el nom.<\/p>\n<p><a href=\"http:\/\/www.traba.org\/trabablog\/wp-content\/uploads\/2011\/09\/IMG_9934.jpg\"><img loading=\"lazy\" decoding=\"async\" src=\"http:\/\/www.traba.org\/trabablog\/wp-content\/uploads\/2011\/09\/IMG_9934-tm.jpg\" alt=\"IMG_9934\" width=\"500\" height=\"333\" \/><\/a><\/p>\n<p>hi veieu una cara? aqui la il\u00b7luminaci\u00f3 comen\u00e7ava a fer-se interessant.<\/p>\n<p><a href=\"http:\/\/www.traba.org\/trabablog\/wp-content\/uploads\/2011\/09\/IMG_9938.jpg\"><img loading=\"lazy\" decoding=\"async\" src=\"http:\/\/www.traba.org\/trabablog\/wp-content\/uploads\/2011\/09\/IMG_9938-tm.jpg\" alt=\"IMG_9938\" width=\"500\" height=\"750\" \/><\/a><\/p>\n<p>aqu\u00ed eren les 19 de la tarda, encara quedaven 2 hores perqu\u00e8 es pongu\u00e9s el sol.<\/p>\n<p><a href=\"http:\/\/www.traba.org\/trabablog\/wp-content\/uploads\/2011\/09\/IMG_9944.jpg\"><img loading=\"lazy\" decoding=\"async\" src=\"http:\/\/www.traba.org\/trabablog\/wp-content\/uploads\/2011\/09\/IMG_9944-tm.jpg\" alt=\"IMG_9944\" width=\"500\" height=\"333\" \/><\/a><\/p>\n<p>i aix\u00f2 \u00e9s el qu\u00e8 es podia veure des de l&#8217;altra banda del promontorio.<\/p>\n<p><a href=\"http:\/\/www.traba.org\/trabablog\/wp-content\/uploads\/2011\/09\/IMG_9955.jpg\"><img loading=\"lazy\" decoding=\"async\" src=\"http:\/\/www.traba.org\/trabablog\/wp-content\/uploads\/2011\/09\/IMG_9955-tm.jpg\" alt=\"IMG_9955\" width=\"500\" height=\"333\" \/><\/a> <a href=\"http:\/\/www.traba.org\/trabablog\/wp-content\/uploads\/2011\/09\/IMG_9960.jpg\"><img loading=\"lazy\" decoding=\"async\" src=\"http:\/\/www.traba.org\/trabablog\/wp-content\/uploads\/2011\/09\/IMG_9960-tm.jpg\" alt=\"IMG_9960\" width=\"500\" height=\"750\" \/><\/a><\/p>\n<p>he aconseguit algunes fotos mirables \ud83d\ude42<\/p>\n<p><a href=\"http:\/\/www.traba.org\/trabablog\/wp-content\/uploads\/2011\/09\/IMG_9964.jpg\"><img loading=\"lazy\" decoding=\"async\" src=\"http:\/\/www.traba.org\/trabablog\/wp-content\/uploads\/2011\/09\/IMG_9964-tm.jpg\" alt=\"IMG_9964\" width=\"500\" height=\"333\" \/><\/a><\/p>\n<p>i el nostre 4&#215;4. ens havien de donar un Suzuki Jimmy, per\u00f2 ens han fet un free update&#8230; i \u00e9s enorme. espero no acostumar-m&#8217;hi massa que com m&#8217;agradi, necessitar\u00e9 un cotxe gran \ud83d\ude42<\/p>\n<p><a href=\"http:\/\/www.traba.org\/trabablog\/wp-content\/uploads\/2011\/09\/IMG_9969.jpg\"><img loading=\"lazy\" decoding=\"async\" src=\"http:\/\/www.traba.org\/trabablog\/wp-content\/uploads\/2011\/09\/IMG_9969-tm.jpg\" alt=\"IMG_9969\" width=\"500\" height=\"333\" \/><\/a><\/p>\n<p>hem sopat a <strong>V\u00edk<\/strong> en un restaurant en el mateix edifici on hi ha la informaci\u00f3 tur\u00edstica. normal pels n\u00f2stres est\u00e0ndards d&#8217;avui, per\u00f2 crec que en uns dies el recordarem amb nost\u00e0lgia&#8230; espero equivocar-me. aqu\u00ed tamb\u00e9 hi ha la sopa del dia com a Esc\u00f2cia. avui: xampinyons i gambes! sembla com si m&#8217;haguessin estat esperant a mi! jeje \ud83d\ude42<\/p>\n<p>i 70 km m\u00e9s fins a <strong>Kirkjubaejarklaustur<\/strong>, no, no m&#8217;he equivocat, \u00e9s el nom del poble on avui dormim. jo encara no he estat capa\u00e7 de pronunciar-lo ni una sola vegada&#8230;<\/p>\n","protected":false},"excerpt":{"rendered":"<p>ahir vam arribar on time, i hem pogut dormir les nostres 6 horetes \ud83d\ude42 el sr. de l&#8217;hotel de Keflavik ja ens estava esperant a l&#8217;aeroport amb un cartellet amb&#8230;<\/p>\n","protected":false},"author":5,"featured_media":5477,"comment_status":"open","ping_status":"closed","sticky":false,"template":"","format":"standard","meta":{"_monsterinsights_skip_tracking":false,"_monsterinsights_sitenote_active":false,"_monsterinsights_sitenote_note":"","_monsterinsights_sitenote_category":0,"footnotes":""},"categories":[90,4],"tags":[],"class_list":["post-5491","post","type-post","status-publish","format-standard","has-post-thumbnail","hentry","category-islandia-2011","category-vacances"],"_links":{"self":[{"href":"http:\/\/traba.org\/trabablog\/index.php?rest_route=\/wp\/v2\/posts\/5491","targetHints":{"allow":["GET"]}}],"collection":[{"href":"http:\/\/traba.org\/trabablog\/index.php?rest_route=\/wp\/v2\/posts"}],"about":[{"href":"http:\/\/traba.org\/trabablog\/index.php?rest_route=\/wp\/v2\/types\/post"}],"author":[{"embeddable":true,"href":"http:\/\/traba.org\/trabablog\/index.php?rest_route=\/wp\/v2\/users\/5"}],"replies":[{"embeddable":true,"href":"http:\/\/traba.org\/trabablog\/index.php?rest_route=%2Fwp%2Fv2%2Fcomments&post=5491"}],"version-history":[{"count":3,"href":"http:\/\/traba.org\/trabablog\/index.php?rest_route=\/wp\/v2\/posts\/5491\/revisions"}],"predecessor-version":[{"id":6663,"href":"http:\/\/traba.org\/trabablog\/index.php?rest_route=\/wp\/v2\/posts\/5491\/revisions\/6663"}],"wp:featuredmedia":[{"embeddable":true,"href":"http:\/\/traba.org\/trabablog\/index.php?rest_route=\/wp\/v2\/media\/5477"}],"wp:attachment":[{"href":"http:\/\/traba.org\/trabablog\/index.php?rest_route=%2Fwp%2Fv2%2Fmedia&parent=5491"}],"wp:term":[{"taxonomy":"category","embeddable":true,"href":"http:\/\/traba.org\/trabablog\/index.php?rest_route=%2Fwp%2Fv2%2Fcategories&post=5491"},{"taxonomy":"post_tag","embeddable":true,"href":"http:\/\/traba.org\/trabablog\/index.php?rest_route=%2Fwp%2Fv2%2Ftags&post=5491"}],"curies":[{"name":"wp","href":"https:\/\/api.w.org\/{rel}","templated":true}]}}