{"id":5576,"date":"2011-09-06T01:16:38","date_gmt":"2011-09-05T23:16:38","guid":{"rendered":"http:\/\/www.traba.org\/trabablog\/?p=5576"},"modified":"2011-10-03T07:39:47","modified_gmt":"2011-10-03T05:39:47","slug":"parcialment-mullats","status":"publish","type":"post","link":"http:\/\/traba.org\/trabablog\/?p=5576","title":{"rendered":"parcialment mullats"},"content":{"rendered":"<p>una panor\u00e0mica d&#8217;ahir que ens vam descudar d&#8217;agafar les fotos del m\u00f2bil del Francesc.<\/p>\n<p><a href=\"http:\/\/www.traba.org\/trabablog\/wp-content\/uploads\/2011\/09\/2011-09-04-15.33.21.jpg\"><img loading=\"lazy\" decoding=\"async\" src=\"http:\/\/www.traba.org\/trabablog\/wp-content\/uploads\/2011\/09\/2011-09-04-15.33.21-tm.jpg\" alt=\"2011-09-04 15.33.21\" width=\"500\" height=\"128\" \/><\/a><\/p>\n<p>excursi\u00f3 al can\u00f3 de Fjar\u00f0ar\u00e1rglj\u00fafur. 3 km d&#8217;anar i 3 de tornar que han posat a proba la nostra roba impermeable.<\/p>\n<p><iframe loading=\"lazy\" src=\"http:\/\/ca.wikiloc.com\/wikiloc\/spatialArtifacts.do?event=view&amp;id=1822150&amp;measures=off&amp;title=off&amp;near=off&amp;images=off&amp;maptype=S\" frameborder=\"0\" width=\"500px\" height=\"400px\"><\/iframe><br \/>\ni han superat la proba totes les peces de roba&#8230;<\/p>\n<p><a href=\"http:\/\/www.traba.org\/trabablog\/wp-content\/uploads\/2011\/09\/IMG_9978.jpg\"><img loading=\"lazy\" decoding=\"async\" src=\"http:\/\/www.traba.org\/trabablog\/wp-content\/uploads\/2011\/09\/IMG_9978-tm.jpg\" alt=\"IMG_9978\" width=\"500\" height=\"750\" \/><\/a><\/p>\n<p>&#8230; excepte les sabates que a mesura que an\u00e0vem caminant per sobre aquesta herbeta, ens anava calant. no s\u00e9 per qu\u00e8 ha entrat aigua a les sabates. representa que s\u00f3n de goretex&#8230; i ara qui me les assecar\u00e0, les botes? la propera vegada ens haurem de posar aquelles coses que es posen a sobre perqu\u00e8 no t&#8217;entri l&#8217;aigua.<\/p>\n<p><a href=\"http:\/\/www.traba.org\/trabablog\/wp-content\/uploads\/2011\/09\/IMG_9983.jpg\"><img loading=\"lazy\" decoding=\"async\" src=\"http:\/\/www.traba.org\/trabablog\/wp-content\/uploads\/2011\/09\/IMG_9983-tm.jpg\" alt=\"IMG_9983\" width=\"500\" height=\"333\" \/><\/a><\/p>\n<p>despr\u00e9s d&#8217;anar per sobre, hem baixat al riu.<\/p>\n<p><a href=\"http:\/\/www.traba.org\/trabablog\/wp-content\/uploads\/2011\/09\/IMG_0001.jpg\"><img loading=\"lazy\" decoding=\"async\" src=\"http:\/\/www.traba.org\/trabablog\/wp-content\/uploads\/2011\/09\/IMG_0001-tm.jpg\" alt=\"IMG_0001\" width=\"500\" height=\"333\" \/><\/a><\/p>\n<p>seguia plovent. hem anat a Kirkjug\u00f3lf, que s\u00f3n blocs de basalt que nom\u00e9s es veu la part superior. aquestes columnes en el seu moment varen ser lava que es va refredar poc a poc i va quedar aix\u00ed. dem\u00e0 veurem unes cascades que tamb\u00e9 estan fetes de columnes de basalt.<\/p>\n<p><a href=\"http:\/\/www.traba.org\/trabablog\/wp-content\/uploads\/2011\/09\/IMG_0009.jpg\"><img loading=\"lazy\" decoding=\"async\" src=\"http:\/\/www.traba.org\/trabablog\/wp-content\/uploads\/2011\/09\/IMG_0009-tm.jpg\" alt=\"IMG_0009\" width=\"500\" height=\"333\" \/><\/a> <a href=\"http:\/\/www.traba.org\/trabablog\/wp-content\/uploads\/2011\/09\/IMG_0014.jpg\"><img loading=\"lazy\" decoding=\"async\" src=\"http:\/\/www.traba.org\/trabablog\/wp-content\/uploads\/2011\/09\/IMG_0014-tm.jpg\" alt=\"IMG_0014\" width=\"500\" height=\"750\" \/><\/a><\/p>\n<p>N\u00fapssta\u00f0ur, una antiga granja que \u00e9s mig museu. Aix\u00f2 \u00e9s la capella, coberta de turf (turba).<\/p>\n<p><a href=\"http:\/\/www.traba.org\/trabablog\/wp-content\/uploads\/2011\/09\/IMG_0018.jpg\"><img loading=\"lazy\" decoding=\"async\" src=\"http:\/\/www.traba.org\/trabablog\/wp-content\/uploads\/2011\/09\/IMG_0018-tm.jpg\" alt=\"IMG_0018\" width=\"500\" height=\"333\" \/><\/a> <a href=\"http:\/\/www.traba.org\/trabablog\/wp-content\/uploads\/2011\/09\/IMG_0030.jpg\"><img loading=\"lazy\" decoding=\"async\" src=\"http:\/\/www.traba.org\/trabablog\/wp-content\/uploads\/2011\/09\/IMG_0030-tm.jpg\" alt=\"IMG_0030\" width=\"500\" height=\"333\" \/><\/a><\/p>\n<p>la molsa que recobreix tota Isl\u00e0ndia.<\/p>\n<p><a href=\"http:\/\/www.traba.org\/trabablog\/wp-content\/uploads\/2011\/09\/IMG_0047.jpg\"><img loading=\"lazy\" decoding=\"async\" src=\"http:\/\/www.traba.org\/trabablog\/wp-content\/uploads\/2011\/09\/IMG_0047-tm.jpg\" alt=\"IMG_0047\" width=\"500\" height=\"333\" \/><\/a><\/p>\n<p>i les gotetes d&#8217;aigua que ens mullen els peus.<\/p>\n<p><a href=\"http:\/\/www.traba.org\/trabablog\/wp-content\/uploads\/2011\/09\/IMG_0054.jpg\"><img loading=\"lazy\" decoding=\"async\" src=\"http:\/\/www.traba.org\/trabablog\/wp-content\/uploads\/2011\/09\/IMG_0054-tm.jpg\" alt=\"IMG_0054\" width=\"500\" height=\"333\" \/><\/a><\/p>\n<p>distraient-me esperant el Francesc.<\/p>\n<p><a href=\"http:\/\/www.traba.org\/trabablog\/wp-content\/uploads\/2011\/09\/IMG_0061.jpg\"><img loading=\"lazy\" decoding=\"async\" src=\"http:\/\/www.traba.org\/trabablog\/wp-content\/uploads\/2011\/09\/IMG_0061-tm.jpg\" alt=\"IMG_0061\" width=\"500\" height=\"333\" \/><\/a><\/p>\n<p>alg\u00fa sap qu\u00e8 \u00e9s aquesta cosa amb punxes?<\/p>\n<p><a href=\"http:\/\/www.traba.org\/trabablog\/wp-content\/uploads\/2011\/09\/IMG_0063.jpg\"><img loading=\"lazy\" decoding=\"async\" src=\"http:\/\/www.traba.org\/trabablog\/wp-content\/uploads\/2011\/09\/IMG_0063-tm.jpg\" alt=\"IMG_0063\" width=\"500\" height=\"750\" \/><\/a><\/p>\n<p>la porta.<\/p>\n<p><a href=\"http:\/\/www.traba.org\/trabablog\/wp-content\/uploads\/2011\/09\/IMG_0065.jpg\"><img loading=\"lazy\" decoding=\"async\" src=\"http:\/\/www.traba.org\/trabablog\/wp-content\/uploads\/2011\/09\/IMG_0065-tm.jpg\" alt=\"IMG_0065\" width=\"500\" height=\"333\" \/><\/a><\/p>\n<p>Una part min\u00fascula del <a href=\"http:\/\/en.wikipedia.org\/wiki\/Sandur\" target=\"_blank\">sandur<\/a>.<\/p>\n<p><a href=\"http:\/\/www.traba.org\/trabablog\/wp-content\/uploads\/2011\/09\/IMG_0066.jpg\"><img loading=\"lazy\" decoding=\"async\" src=\"http:\/\/www.traba.org\/trabablog\/wp-content\/uploads\/2011\/09\/IMG_0066-tm.jpg\" alt=\"IMG_0066\" width=\"500\" height=\"333\" \/><\/a><\/p>\n<p>el glaciar de fons.<\/p>\n<p><a href=\"http:\/\/www.traba.org\/trabablog\/wp-content\/uploads\/2011\/09\/IMG_0069.jpg\"><img loading=\"lazy\" decoding=\"async\" src=\"http:\/\/www.traba.org\/trabablog\/wp-content\/uploads\/2011\/09\/IMG_0069-tm.jpg\" alt=\"IMG_0069\" width=\"500\" height=\"333\" \/><\/a><\/p>\n<p>aquests s\u00f3n la s\u00faperjaqueta i s\u00faperpantalons impermeables \ud83d\ude42<\/p>\n<p><a href=\"http:\/\/www.traba.org\/trabablog\/wp-content\/uploads\/2011\/09\/IMG_0077.jpg\"><img loading=\"lazy\" decoding=\"async\" src=\"http:\/\/www.traba.org\/trabablog\/wp-content\/uploads\/2011\/09\/IMG_0077-tm.jpg\" alt=\"IMG_0077\" width=\"500\" height=\"333\" \/><\/a><\/p>\n<p>hem arribat d&#8217;hora a les cabanes de <a href=\"http:\/\/www.laekjarhus.is\/\" target=\"_blank\">Laekjarh\u00fas<\/a>.<\/p>\n<p><a href=\"http:\/\/www.traba.org\/trabablog\/wp-content\/uploads\/2011\/09\/DSCF0743.jpg\"><img loading=\"lazy\" decoding=\"async\" src=\"http:\/\/www.traba.org\/trabablog\/wp-content\/uploads\/2011\/09\/DSCF0743-tm.jpg\" alt=\"DSCF0743\" width=\"500\" height=\"332\" \/><\/a><\/p>\n<p>petita per\u00f2 acollidora \ud83d\ude42<\/p>\n<p><a href=\"http:\/\/www.traba.org\/trabablog\/wp-content\/uploads\/2011\/09\/DSCF0745.jpg\"><img loading=\"lazy\" decoding=\"async\" src=\"http:\/\/www.traba.org\/trabablog\/wp-content\/uploads\/2011\/09\/DSCF0745-tm.jpg\" alt=\"DSCF0745\" width=\"500\" height=\"332\" \/><\/a><\/p>\n<p>i com que ens sobrava temps, hem anat a un coldspot: la llacuna del glaciar J\u00f6kuls\u00e1rl\u00f3n.<\/p>\n<p><a href=\"http:\/\/www.traba.org\/trabablog\/wp-content\/uploads\/2011\/09\/IMG_0089.jpg\"><img loading=\"lazy\" decoding=\"async\" src=\"http:\/\/www.traba.org\/trabablog\/wp-content\/uploads\/2011\/09\/IMG_0089-tm.jpg\" alt=\"IMG_0089\" width=\"500\" height=\"333\" \/><\/a> <a href=\"http:\/\/www.traba.org\/trabablog\/wp-content\/uploads\/2011\/09\/IMG_0090.jpg\"><img loading=\"lazy\" decoding=\"async\" src=\"http:\/\/www.traba.org\/trabablog\/wp-content\/uploads\/2011\/09\/IMG_0090-tm.jpg\" alt=\"IMG_0090\" width=\"500\" height=\"333\" \/><\/a> <a href=\"http:\/\/www.traba.org\/trabablog\/wp-content\/uploads\/2011\/09\/IMG_0091.jpg\"><img loading=\"lazy\" decoding=\"async\" src=\"http:\/\/www.traba.org\/trabablog\/wp-content\/uploads\/2011\/09\/IMG_0091-tm.jpg\" alt=\"IMG_0091\" width=\"500\" height=\"333\" \/><\/a> <a href=\"http:\/\/www.traba.org\/trabablog\/wp-content\/uploads\/2011\/09\/IMG_0095.jpg\"><img loading=\"lazy\" decoding=\"async\" src=\"http:\/\/www.traba.org\/trabablog\/wp-content\/uploads\/2011\/09\/IMG_0095-tm.jpg\" alt=\"IMG_0095\" width=\"500\" height=\"333\" \/><\/a> <a href=\"http:\/\/www.traba.org\/trabablog\/wp-content\/uploads\/2011\/09\/IMG_0104.jpg\"><img loading=\"lazy\" decoding=\"async\" src=\"http:\/\/www.traba.org\/trabablog\/wp-content\/uploads\/2011\/09\/IMG_0104-tm.jpg\" alt=\"IMG_0104\" width=\"500\" height=\"333\" \/><\/a><\/p>\n<p>no podia faltar el <a href=\"http:\/\/www.geocaching.com\/seek\/cache_details.aspx?wp=GC2YPYC\" target=\"_blank\">geocach\u00e9<\/a> del dia.<\/p>\n<p><a href=\"http:\/\/www.traba.org\/trabablog\/wp-content\/uploads\/2011\/09\/IMG_0110.jpg\"><img loading=\"lazy\" decoding=\"async\" src=\"http:\/\/www.traba.org\/trabablog\/wp-content\/uploads\/2011\/09\/IMG_0110-tm.jpg\" alt=\"IMG_0110\" width=\"500\" height=\"333\" \/><\/a><\/p>\n<p>estava a l&#8217;estaci\u00f3 metereol\u00f2gica de la llacuna.<\/p>\n<p><a href=\"http:\/\/www.traba.org\/trabablog\/wp-content\/uploads\/2011\/09\/IMG_0112.jpg\"><img loading=\"lazy\" decoding=\"async\" src=\"http:\/\/www.traba.org\/trabablog\/wp-content\/uploads\/2011\/09\/IMG_0112-tm.jpg\" alt=\"IMG_0112\" width=\"500\" height=\"333\" \/><\/a><\/p>\n<p>espectacular&#8230; perd\u00f3 pel n\u00famero de fotos, per\u00f2 \u00e9s que no sabia quina triar.<\/p>\n<p><a href=\"http:\/\/www.traba.org\/trabablog\/wp-content\/uploads\/2011\/09\/IMG_0122.jpg\"><img loading=\"lazy\" decoding=\"async\" src=\"http:\/\/www.traba.org\/trabablog\/wp-content\/uploads\/2011\/09\/IMG_0122-tm.jpg\" alt=\"IMG_0122\" width=\"500\" height=\"750\" \/><\/a><\/p>\n<p>un fred que feia&#8230;<\/p>\n<p><a href=\"http:\/\/www.traba.org\/trabablog\/wp-content\/uploads\/2011\/09\/IMG_0125.jpg\"><img loading=\"lazy\" decoding=\"async\" src=\"http:\/\/www.traba.org\/trabablog\/wp-content\/uploads\/2011\/09\/IMG_0125-tm.jpg\" alt=\"IMG_0125\" width=\"500\" height=\"333\" \/><\/a> <a href=\"http:\/\/www.traba.org\/trabablog\/wp-content\/uploads\/2011\/09\/IMG_0126.jpg\"><img loading=\"lazy\" decoding=\"async\" src=\"http:\/\/www.traba.org\/trabablog\/wp-content\/uploads\/2011\/09\/IMG_0126-tm.jpg\" alt=\"IMG_0126\" width=\"500\" height=\"333\" \/><\/a><\/p>\n<p>lo negre \u00e9s de la \u00faltima erupci\u00f3 del volc\u00e0.<\/p>\n<p><a href=\"http:\/\/www.traba.org\/trabablog\/wp-content\/uploads\/2011\/09\/IMG_0133.jpg\"><img loading=\"lazy\" decoding=\"async\" src=\"http:\/\/www.traba.org\/trabablog\/wp-content\/uploads\/2011\/09\/IMG_0133-tm.jpg\" alt=\"IMG_0133\" width=\"500\" height=\"333\" \/><\/a> <a href=\"http:\/\/www.traba.org\/trabablog\/wp-content\/uploads\/2011\/09\/IMG_0134.jpg\"><img loading=\"lazy\" decoding=\"async\" src=\"http:\/\/www.traba.org\/trabablog\/wp-content\/uploads\/2011\/09\/IMG_0134-tm.jpg\" alt=\"IMG_0134\" width=\"500\" height=\"333\" \/><\/a><\/p>\n<p>i aquests foradets de qu\u00e8 es fan?<\/p>\n<p><a href=\"http:\/\/www.traba.org\/trabablog\/wp-content\/uploads\/2011\/09\/IMG_0135.jpg\"><img loading=\"lazy\" decoding=\"async\" src=\"http:\/\/www.traba.org\/trabablog\/wp-content\/uploads\/2011\/09\/IMG_0135-tm.jpg\" alt=\"IMG_0135\" width=\"500\" height=\"333\" \/><\/a> <a href=\"http:\/\/www.traba.org\/trabablog\/wp-content\/uploads\/2011\/09\/IMG_0137.jpg\"><img loading=\"lazy\" decoding=\"async\" src=\"http:\/\/www.traba.org\/trabablog\/wp-content\/uploads\/2011\/09\/IMG_0137-tm.jpg\" alt=\"IMG_0137\" width=\"500\" height=\"333\" \/><\/a> <a href=\"http:\/\/www.traba.org\/trabablog\/wp-content\/uploads\/2011\/09\/IMG_0138.jpg\"><img loading=\"lazy\" decoding=\"async\" src=\"http:\/\/www.traba.org\/trabablog\/wp-content\/uploads\/2011\/09\/IMG_0138-tm.jpg\" alt=\"IMG_0138\" width=\"500\" height=\"750\" \/><\/a><\/p>\n<p>la foca!<\/p>\n<p><a href=\"http:\/\/www.traba.org\/trabablog\/wp-content\/uploads\/2011\/09\/IMG_0142.jpg\"><img loading=\"lazy\" decoding=\"async\" src=\"http:\/\/www.traba.org\/trabablog\/wp-content\/uploads\/2011\/09\/IMG_0142-tm.jpg\" alt=\"IMG_0142\" width=\"500\" height=\"333\" \/><\/a> <a href=\"http:\/\/www.traba.org\/trabablog\/wp-content\/uploads\/2011\/09\/IMG_0155.jpg\"><img loading=\"lazy\" decoding=\"async\" src=\"http:\/\/www.traba.org\/trabablog\/wp-content\/uploads\/2011\/09\/IMG_0155-tm.jpg\" alt=\"IMG_0155\" width=\"500\" height=\"333\" \/><\/a><\/p>\n<p>i&#8230; behind the scene, per aquells que heu preguntat si hi ha gent o qu\u00e8. gent n&#8217;hi ha, per\u00f2 tampoc molta. a la part de l&#8217;esquerra de la foto es veuen el cotxes.<\/p>\n<p><a href=\"http:\/\/www.traba.org\/trabablog\/wp-content\/uploads\/2011\/09\/2011-09-05-19.01.45.jpg\"><img loading=\"lazy\" decoding=\"async\" src=\"http:\/\/www.traba.org\/trabablog\/wp-content\/uploads\/2011\/09\/2011-09-05-19.01.45-tm.jpg\" alt=\"2011-09-05 19.01.45\" width=\"500\" height=\"129\" \/><\/a><\/p>\n<p>tamb\u00e9 hi havia unes voltes que et feien per la llacuna amb un vehicle amfibi.<\/p>\n<p><a href=\"http:\/\/www.traba.org\/trabablog\/wp-content\/uploads\/2011\/09\/IMG_0082.jpg\"><img loading=\"lazy\" decoding=\"async\" src=\"http:\/\/www.traba.org\/trabablog\/wp-content\/uploads\/2011\/09\/IMG_0082-tm.jpg\" alt=\"IMG_0082\" width=\"500\" height=\"333\" \/><\/a><\/p>\n<p>aquesta \u00e9s una de les 3 lanxes que ajudava al vehicla amfibi sortir de l&#8217;aigua.<\/p>\n<p><a href=\"http:\/\/www.traba.org\/trabablog\/wp-content\/uploads\/2011\/09\/IMG_0118.jpg\"><img loading=\"lazy\" decoding=\"async\" src=\"http:\/\/www.traba.org\/trabablog\/wp-content\/uploads\/2011\/09\/IMG_0118-tm.jpg\" alt=\"IMG_0118\" width=\"500\" height=\"333\" \/><\/a><a href=\"http:\/\/www.traba.org\/trabablog\/wp-content\/uploads\/2011\/09\/IMG_0087.jpg\"><img loading=\"lazy\" decoding=\"async\" src=\"http:\/\/www.traba.org\/trabablog\/wp-content\/uploads\/2011\/09\/IMG_0087-tm.jpg\" alt=\"IMG_0087\" width=\"500\" height=\"333\" \/><\/a><\/p>\n<p>i fins i tot hi havia un bar.<\/p>\n<p><a href=\"http:\/\/www.traba.org\/trabablog\/wp-content\/uploads\/2011\/09\/IMG_0156.jpg\"><img loading=\"lazy\" decoding=\"async\" src=\"http:\/\/www.traba.org\/trabablog\/wp-content\/uploads\/2011\/09\/IMG_0156-tm.jpg\" alt=\"IMG_0156\" width=\"500\" height=\"333\" \/><\/a><\/p>\n<p>el cotxe, que ja li comencem a agafar carinyu&#8230;<\/p>\n<p><a href=\"http:\/\/www.traba.org\/trabablog\/wp-content\/uploads\/2011\/09\/IMG_0158.jpg\"><img loading=\"lazy\" decoding=\"async\" src=\"http:\/\/www.traba.org\/trabablog\/wp-content\/uploads\/2011\/09\/IMG_0158-tm.jpg\" alt=\"IMG_0158\" width=\"500\" height=\"333\" \/><\/a><\/p>\n<p>i aquest \u00e9s l&#8217;aspecte desolador de la gasolinera on hem posat gasolina. ara si, el sortidor, ben modern! per cert, alg\u00fa que entengui de cotxes. el dia que vam agafar el cotxe, el noi que ens el va llogar va dir que el port\u00e9ssim tot el dia amb la tracci\u00f3 a les 4 rodes. \u00e9s normal, aix\u00f2? no fa que gasti m\u00e9s? perqu\u00e8 xupa que no veas&#8230;<\/p>\n<p><a href=\"http:\/\/www.traba.org\/trabablog\/wp-content\/uploads\/2011\/09\/IMG_0166.jpg\"><img loading=\"lazy\" decoding=\"async\" src=\"http:\/\/www.traba.org\/trabablog\/wp-content\/uploads\/2011\/09\/IMG_0166-tm.jpg\" alt=\"IMG_0166\" width=\"500\" height=\"333\" \/><\/a><\/p>\n<p>hem sopat una sopeta de sobre. quant de temps feia que no en menjava!<\/p>\n","protected":false},"excerpt":{"rendered":"<p>una panor\u00e0mica d&#8217;ahir que ens vam descudar d&#8217;agafar les fotos del m\u00f2bil del Francesc. excursi\u00f3 al can\u00f3 de Fjar\u00f0ar\u00e1rglj\u00fafur. 3 km d&#8217;anar i 3 de tornar que han posat a&#8230;<\/p>\n","protected":false},"author":5,"featured_media":5504,"comment_status":"open","ping_status":"closed","sticky":false,"template":"","format":"standard","meta":{"_monsterinsights_skip_tracking":false,"_monsterinsights_sitenote_active":false,"_monsterinsights_sitenote_note":"","_monsterinsights_sitenote_category":0,"footnotes":""},"categories":[90,4],"tags":[40,68],"class_list":["post-5576","post","type-post","status-publish","format-standard","has-post-thumbnail","hentry","category-islandia-2011","category-vacances","tag-geocaching","tag-wikiloc"],"_links":{"self":[{"href":"http:\/\/traba.org\/trabablog\/index.php?rest_route=\/wp\/v2\/posts\/5576","targetHints":{"allow":["GET"]}}],"collection":[{"href":"http:\/\/traba.org\/trabablog\/index.php?rest_route=\/wp\/v2\/posts"}],"about":[{"href":"http:\/\/traba.org\/trabablog\/index.php?rest_route=\/wp\/v2\/types\/post"}],"author":[{"embeddable":true,"href":"http:\/\/traba.org\/trabablog\/index.php?rest_route=\/wp\/v2\/users\/5"}],"replies":[{"embeddable":true,"href":"http:\/\/traba.org\/trabablog\/index.php?rest_route=%2Fwp%2Fv2%2Fcomments&post=5576"}],"version-history":[{"count":4,"href":"http:\/\/traba.org\/trabablog\/index.php?rest_route=\/wp\/v2\/posts\/5576\/revisions"}],"predecessor-version":[{"id":6528,"href":"http:\/\/traba.org\/trabablog\/index.php?rest_route=\/wp\/v2\/posts\/5576\/revisions\/6528"}],"wp:featuredmedia":[{"embeddable":true,"href":"http:\/\/traba.org\/trabablog\/index.php?rest_route=\/wp\/v2\/media\/5504"}],"wp:attachment":[{"href":"http:\/\/traba.org\/trabablog\/index.php?rest_route=%2Fwp%2Fv2%2Fmedia&parent=5576"}],"wp:term":[{"taxonomy":"category","embeddable":true,"href":"http:\/\/traba.org\/trabablog\/index.php?rest_route=%2Fwp%2Fv2%2Fcategories&post=5576"},{"taxonomy":"post_tag","embeddable":true,"href":"http:\/\/traba.org\/trabablog\/index.php?rest_route=%2Fwp%2Fv2%2Ftags&post=5576"}],"curies":[{"name":"wp","href":"https:\/\/api.w.org\/{rel}","templated":true}]}}