{"id":5633,"date":"2011-09-07T01:38:08","date_gmt":"2011-09-06T23:38:08","guid":{"rendered":"http:\/\/www.traba.org\/trabablog\/?p=5633"},"modified":"2011-10-02T14:22:03","modified_gmt":"2011-10-02T12:22:03","slug":"a-land-of-fire-and-ice","status":"publish","type":"post","link":"http:\/\/traba.org\/trabablog\/?p=5633","title":{"rendered":"a land of fire and ice"},"content":{"rendered":"<p>uala! ahir, 37 visites \ud83d\ude42 i sense mail de recordatori!<\/p>\n<p>contesto els comentaris d&#8217;ahir: Ada, qu\u00e8 vol dir que has reconegut alguna de les excursions? d&#8217;amics vostres que hi havien anat?<\/p>\n<p>el trasto que no sabia qu\u00e8 era (<a href=\"http:\/\/www.traba.org\/trabablog\/wp-content\/uploads\/2011\/09\/IMG_0063.jpg\" target=\"_blank\">foto<\/a>), una menjadora d&#8217;ocells, per\u00f2 trencada. la part de sota s&#8217;hi assembla si \ud83d\ude42 gr\u00e0cies Joan!<\/p>\n<p>avui, excursi\u00f3 de 8 km pel parc natural d&#8217;<strong>Skaftafell<\/strong>. veieu el glaciar a la dreta del mapa? despr\u00e9s he fet fotos.<\/p>\n<p><iframe loading=\"lazy\" src=\"http:\/\/ca.wikiloc.com\/wikiloc\/spatialArtifacts.do?event=view&amp;id=1332888&amp;measures=off&amp;title=off&amp;near=off&amp;images=off&amp;maptype=S\" frameborder=\"0\" width=\"500px\" height=\"400px\"><\/iframe><\/p>\n<p>el riu.<\/p>\n<p><a href=\"http:\/\/www.traba.org\/trabablog\/wp-content\/uploads\/2011\/09\/IMG_0168.jpg\"><img loading=\"lazy\" decoding=\"async\" src=\"http:\/\/www.traba.org\/trabablog\/wp-content\/uploads\/2011\/09\/IMG_0168-tm.jpg\" alt=\"IMG_0168\" width=\"500\" height=\"333\" \/><\/a><\/p>\n<p>l&#8217;aigua estava molt freda, tot i no ser aigua de glaciar.<\/p>\n<p><a href=\"http:\/\/www.traba.org\/trabablog\/wp-content\/uploads\/2011\/09\/IMG_0171.jpg\"><img loading=\"lazy\" decoding=\"async\" src=\"http:\/\/www.traba.org\/trabablog\/wp-content\/uploads\/2011\/09\/IMG_0171-tm.jpg\" alt=\"IMG_0171\" width=\"500\" height=\"333\" \/><\/a><\/p>\n<p>\u00e9s lo qu\u00e8 t\u00e9 viatjar i que et sobri temps per anar fent fotos a les coses \ud83d\ude42<\/p>\n<p><a href=\"http:\/\/www.traba.org\/trabablog\/wp-content\/uploads\/2011\/09\/IMG_0181.jpg\"><img loading=\"lazy\" decoding=\"async\" src=\"http:\/\/www.traba.org\/trabablog\/wp-content\/uploads\/2011\/09\/IMG_0181-tm.jpg\" alt=\"IMG_0181\" width=\"500\" height=\"333\" \/><\/a><\/p>\n<p><span style=\"font-family: sans-serif; font-size: 13px; line-height: 19px; background-color: #ffffff;\">durant l&#8217;excursi\u00f3, et trobes la cascada d&#8217;<strong>Svartifoss<\/strong>.<\/span><\/p>\n<p><a href=\"http:\/\/www.traba.org\/trabablog\/wp-content\/uploads\/2011\/09\/IMG_0195.jpg\"><img loading=\"lazy\" decoding=\"async\" src=\"http:\/\/www.traba.org\/trabablog\/wp-content\/uploads\/2011\/09\/IMG_0195-tm.jpg\" alt=\"IMG_0195\" width=\"500\" height=\"333\" \/><\/a><\/p>\n<p>la de les columnes de basalto. la veritat \u00e9s que les columnes aquestes s\u00f3n curioses, i d\u00f3nen una sensaci\u00f3 extranya un cop all\u00e0. per\u00f2 \u00e9s una atracci\u00f3 tur\u00edstica.<\/p>\n<p><a href=\"http:\/\/www.traba.org\/trabablog\/wp-content\/uploads\/2011\/09\/IMG_0205.jpg\"><img loading=\"lazy\" decoding=\"async\" src=\"http:\/\/www.traba.org\/trabablog\/wp-content\/uploads\/2011\/09\/IMG_0205-tm.jpg\" alt=\"IMG_0205\" width=\"500\" height=\"333\" \/><\/a><\/p>\n<p>un altre cop el sandur.<\/p>\n<p><a href=\"http:\/\/www.traba.org\/trabablog\/wp-content\/uploads\/2011\/09\/IMG_0208.jpg\"><img loading=\"lazy\" decoding=\"async\" src=\"http:\/\/www.traba.org\/trabablog\/wp-content\/uploads\/2011\/09\/IMG_0208-tm.jpg\" alt=\"IMG_0208\" width=\"500\" height=\"333\" \/><\/a><\/p>\n<p>hem vist un v\u00eddeo de com es forma aix\u00f2. i no \u00e9s per sedimentaci\u00f3 com passa en el delta de l&#8217;ebre sin\u00f3 que de tant en tant, hi ha una inundaci\u00f3. de fet, la m\u00e9s gran de totes va ser el 1996, que es va emportar tots els ponts de la carretera principal. va ser tan b\u00e8stia perqu\u00e8 va erupcionar el volc\u00e0 que sobre tenia un glaciar, i clar, \u00e9s el qu\u00e8 passa quan poses a bullir tonelades de gel, que explota, jeje.<\/p>\n<p><a href=\"http:\/\/www.traba.org\/trabablog\/wp-content\/uploads\/2011\/09\/IMG_0209.jpg\"><img loading=\"lazy\" decoding=\"async\" src=\"http:\/\/www.traba.org\/trabablog\/wp-content\/uploads\/2011\/09\/IMG_0209-tm.jpg\" alt=\"IMG_0209\" width=\"500\" height=\"333\" \/><\/a><\/p>\n<p>i aquest \u00e9s el resultat, 40 km de costa de sorra i aigua, tot pla, sense poder edificar res de res.<\/p>\n<p><a href=\"http:\/\/www.traba.org\/trabablog\/wp-content\/uploads\/2011\/09\/IMG_0211.jpg\"><img loading=\"lazy\" decoding=\"async\" src=\"http:\/\/www.traba.org\/trabablog\/wp-content\/uploads\/2011\/09\/IMG_0211-tm.jpg\" alt=\"IMG_0211\" width=\"500\" height=\"333\" \/><\/a><\/p>\n<p>el glaciar.<\/p>\n<p><a href=\"http:\/\/www.traba.org\/trabablog\/wp-content\/uploads\/2011\/09\/IMG_0218.jpg\"><img loading=\"lazy\" decoding=\"async\" src=\"http:\/\/www.traba.org\/trabablog\/wp-content\/uploads\/2011\/09\/IMG_0218-tm.jpg\" alt=\"IMG_0218\" width=\"500\" height=\"333\" \/><\/a><\/p>\n<p>encara era l&#8217;excursi\u00f3 aix\u00f2.<\/p>\n<p><a href=\"http:\/\/www.traba.org\/trabablog\/wp-content\/uploads\/2011\/09\/IMG_0222.jpg\"><img loading=\"lazy\" decoding=\"async\" src=\"http:\/\/www.traba.org\/trabablog\/wp-content\/uploads\/2011\/09\/IMG_0222-tm.jpg\" alt=\"IMG_0222\" width=\"500\" height=\"333\" \/><\/a> <a href=\"http:\/\/www.traba.org\/trabablog\/wp-content\/uploads\/2011\/09\/IMG_0225.jpg\"><img loading=\"lazy\" decoding=\"async\" src=\"http:\/\/www.traba.org\/trabablog\/wp-content\/uploads\/2011\/09\/IMG_0225-tm.jpg\" alt=\"IMG_0225\" width=\"500\" height=\"333\" \/><\/a> <a href=\"http:\/\/www.traba.org\/trabablog\/wp-content\/uploads\/2011\/09\/IMG_0228.jpg\"><img loading=\"lazy\" decoding=\"async\" src=\"http:\/\/www.traba.org\/trabablog\/wp-content\/uploads\/2011\/09\/IMG_0228-tm.jpg\" alt=\"IMG_0228\" width=\"500\" height=\"333\" \/><\/a><\/p>\n<p>i a dinar amb el glaciar de fondo.<\/p>\n<p><a href=\"http:\/\/www.traba.org\/trabablog\/wp-content\/uploads\/2011\/09\/IMG_0230.jpg\"><img loading=\"lazy\" decoding=\"async\" src=\"http:\/\/www.traba.org\/trabablog\/wp-content\/uploads\/2011\/09\/IMG_0230-tm.jpg\" alt=\"IMG_0230\" width=\"500\" height=\"333\" \/><\/a><\/p>\n<p>soup of the day, calenteta. la meva vegetal i la del Francesc de carn. la meva es podia mastegar. no s\u00e9 qu\u00e8 li posen a aquestes sopes per fer-les tan denses&#8230;<\/p>\n<p><a href=\"http:\/\/www.traba.org\/trabablog\/wp-content\/uploads\/2011\/09\/IMG_0231.jpg\"><img loading=\"lazy\" decoding=\"async\" src=\"http:\/\/www.traba.org\/trabablog\/wp-content\/uploads\/2011\/09\/IMG_0231-tm.jpg\" alt=\"IMG_0231\" width=\"500\" height=\"750\" \/><\/a><\/p>\n<p>la N1 que d\u00f3na la volta a tota la illa, la carretera principal, \u00e9s d&#8217;1 carril, per\u00f2 est\u00e0 molt b\u00e9. les carreteres secund\u00e0ries i terci\u00e0ries que surten, et pots trobar amb qualsevol cosa. jo estic m\u00e9s segura amb un 4&#215;4, m\u00e9s que per la tracci\u00f3, per lo alts que s\u00f3n. hi ha molts camins de terra amb tot de forats i a vegades uns bassals d&#8217;aigua que si t&#8217;hi posessis de peus, l&#8217;aigua t&#8217;arribaria fins a passats els genolls.<\/p>\n<p><a href=\"http:\/\/www.traba.org\/trabablog\/wp-content\/uploads\/2011\/09\/IMG_0232.jpg\"><img loading=\"lazy\" decoding=\"async\" src=\"http:\/\/www.traba.org\/trabablog\/wp-content\/uploads\/2011\/09\/IMG_0232-tm.jpg\" alt=\"IMG_0232\" width=\"500\" height=\"333\" \/><\/a><\/p>\n<p>les diferents textures del terra del sandur. la sorra que semblaria tova, per\u00f2 no. \u00e9s dura.<\/p>\n<p><a href=\"http:\/\/www.traba.org\/trabablog\/wp-content\/uploads\/2011\/09\/IMG_0239.jpg\"><img loading=\"lazy\" decoding=\"async\" src=\"http:\/\/www.traba.org\/trabablog\/wp-content\/uploads\/2011\/09\/IMG_0239-tm.jpg\" alt=\"IMG_0239\" width=\"500\" height=\"333\" \/><\/a><\/p>\n<p>i la grava, pedretes volc\u00e0niques.<\/p>\n<p><a href=\"http:\/\/www.traba.org\/trabablog\/wp-content\/uploads\/2011\/09\/IMG_0240.jpg\"><img loading=\"lazy\" decoding=\"async\" src=\"http:\/\/www.traba.org\/trabablog\/wp-content\/uploads\/2011\/09\/IMG_0240-tm.jpg\" alt=\"IMG_0240\" width=\"500\" height=\"333\" \/><\/a> <a href=\"http:\/\/www.traba.org\/trabablog\/wp-content\/uploads\/2011\/09\/IMG_0242.jpg\"><img loading=\"lazy\" decoding=\"async\" src=\"http:\/\/www.traba.org\/trabablog\/wp-content\/uploads\/2011\/09\/IMG_0242-tm.jpg\" alt=\"IMG_0242\" width=\"500\" height=\"333\" \/><\/a><\/p>\n<p>al Francesc aix\u00f2 del sandur li crida. de fet, hem tornat enrere 10 km per tornar-lo a veure i a tocar-lo.<\/p>\n<p><a href=\"http:\/\/www.traba.org\/trabablog\/wp-content\/uploads\/2011\/09\/IMG_0244.jpg\"><img loading=\"lazy\" decoding=\"async\" src=\"http:\/\/www.traba.org\/trabablog\/wp-content\/uploads\/2011\/09\/IMG_0244-tm.jpg\" alt=\"IMG_0244\" width=\"500\" height=\"333\" \/><\/a><\/p>\n<p>una altra llacuna glaciar, <strong>Fjalls\u00e1rl\u00f3n<\/strong>. de cop i volta ha aparegut tota aquesta gent a les nostres esquenes, per\u00f2 s&#8217;estan 1 minut per fer la foto i se&#8217;n van.<\/p>\n<p><a href=\"http:\/\/www.traba.org\/trabablog\/wp-content\/uploads\/2011\/09\/IMG_0253.jpg\"><img loading=\"lazy\" decoding=\"async\" src=\"http:\/\/www.traba.org\/trabablog\/wp-content\/uploads\/2011\/09\/IMG_0253-tm.jpg\" alt=\"IMG_0253\" width=\"500\" height=\"333\" \/><\/a><\/p>\n<p>un altre cop gel&#8230; sort que avui feia sol. dem\u00e0 i dem\u00e0 passat han dit que plouria. molt.<\/p>\n<p><a href=\"http:\/\/www.traba.org\/trabablog\/wp-content\/uploads\/2011\/09\/IMG_0254.jpg\"><img loading=\"lazy\" decoding=\"async\" src=\"http:\/\/www.traba.org\/trabablog\/wp-content\/uploads\/2011\/09\/IMG_0254-tm.jpg\" alt=\"IMG_0254\" width=\"500\" height=\"333\" \/><\/a><\/p>\n<p>un gel en forma de gos.<\/p>\n<p><a href=\"http:\/\/www.traba.org\/trabablog\/wp-content\/uploads\/2011\/09\/IMG_0268.jpg\"><img loading=\"lazy\" decoding=\"async\" src=\"http:\/\/www.traba.org\/trabablog\/wp-content\/uploads\/2011\/09\/IMG_0268-tm.jpg\" alt=\"IMG_0268\" width=\"500\" height=\"333\" \/><\/a><\/p>\n<p>un tros de gel de glaciar il\u00b7luminat.<\/p>\n<p><a href=\"http:\/\/www.traba.org\/trabablog\/wp-content\/uploads\/2011\/09\/IMG_0271.jpg\"><img loading=\"lazy\" decoding=\"async\" src=\"http:\/\/www.traba.org\/trabablog\/wp-content\/uploads\/2011\/09\/IMG_0271-tm.jpg\" alt=\"IMG_0271\" width=\"500\" height=\"333\" \/><\/a><\/p>\n<p>imatge &#8216;lost&#8217;, tot destartalat. un dels ponts que va caure amb les inundacions del glaciar. n&#8217;han fet un m\u00e9s al costat del mar.<\/p>\n<p><a href=\"http:\/\/www.traba.org\/trabablog\/wp-content\/uploads\/2011\/09\/IMG_0275.jpg\"><img loading=\"lazy\" decoding=\"async\" src=\"http:\/\/www.traba.org\/trabablog\/wp-content\/uploads\/2011\/09\/IMG_0275-tm.jpg\" alt=\"IMG_0275\" width=\"500\" height=\"333\" \/><\/a><\/p>\n<p>la nostra cabana \u00e9s la del cotxe. per la tarda hem estat preparant una mica la zona nord, que no l&#8217;hav\u00edem preparat encara.<\/p>\n<p><a href=\"http:\/\/www.traba.org\/trabablog\/wp-content\/uploads\/2011\/09\/IMG_0282.jpg\"><img loading=\"lazy\" decoding=\"async\" src=\"http:\/\/www.traba.org\/trabablog\/wp-content\/uploads\/2011\/09\/IMG_0282-tm.jpg\" alt=\"IMG_0282\" width=\"500\" height=\"333\" \/><\/a><\/p>\n<p>la nostra &#8216;modern family&#8217;: c\u00e0mara canon i la que fa la foto fuji, macbook air, ipod, iphone, samsung, kindle, GPS Garmin i la nova adquisici\u00f3 d&#8217;\u00faltima hora&#8230; l&#8217;ipad del Francesc. si si, heu sentit b\u00e9, del Francesc!<\/p>\n<p><a href=\"http:\/\/www.traba.org\/trabablog\/wp-content\/uploads\/2011\/09\/DSCF0749.jpg\"><img loading=\"lazy\" decoding=\"async\" src=\"http:\/\/www.traba.org\/trabablog\/wp-content\/uploads\/2011\/09\/DSCF0749-tm.jpg\" alt=\"DSCF0749\" width=\"500\" height=\"340\" \/><\/a><\/p>\n<p>un atac de creativitat del Francesc \ud83d\ude42<\/p>\n<p><a href=\"http:\/\/www.traba.org\/trabablog\/wp-content\/uploads\/2011\/09\/IMG_0287.jpg\"><img loading=\"lazy\" decoding=\"async\" src=\"http:\/\/www.traba.org\/trabablog\/wp-content\/uploads\/2011\/09\/IMG_0287-tm.jpg\" alt=\"IMG_0287\" width=\"500\" height=\"500\" \/><\/a><\/p>\n<p>no hi ha aurores boreals&#8230;<\/p>\n","protected":false},"excerpt":{"rendered":"<p>uala! ahir, 37 visites \ud83d\ude42 i sense mail de recordatori! contesto els comentaris d&#8217;ahir: Ada, qu\u00e8 vol dir que has reconegut alguna de les excursions? d&#8217;amics vostres que hi havien&#8230;<\/p>\n","protected":false},"author":5,"featured_media":5599,"comment_status":"open","ping_status":"closed","sticky":false,"template":"","format":"standard","meta":{"_monsterinsights_skip_tracking":false,"_monsterinsights_sitenote_active":false,"_monsterinsights_sitenote_note":"","_monsterinsights_sitenote_category":0,"footnotes":""},"categories":[90,4],"tags":[45,68],"class_list":["post-5633","post","type-post","status-publish","format-standard","has-post-thumbnail","hentry","category-islandia-2011","category-vacances","tag-menjar","tag-wikiloc"],"_links":{"self":[{"href":"http:\/\/traba.org\/trabablog\/index.php?rest_route=\/wp\/v2\/posts\/5633","targetHints":{"allow":["GET"]}}],"collection":[{"href":"http:\/\/traba.org\/trabablog\/index.php?rest_route=\/wp\/v2\/posts"}],"about":[{"href":"http:\/\/traba.org\/trabablog\/index.php?rest_route=\/wp\/v2\/types\/post"}],"author":[{"embeddable":true,"href":"http:\/\/traba.org\/trabablog\/index.php?rest_route=\/wp\/v2\/users\/5"}],"replies":[{"embeddable":true,"href":"http:\/\/traba.org\/trabablog\/index.php?rest_route=%2Fwp%2Fv2%2Fcomments&post=5633"}],"version-history":[{"count":4,"href":"http:\/\/traba.org\/trabablog\/index.php?rest_route=\/wp\/v2\/posts\/5633\/revisions"}],"predecessor-version":[{"id":6512,"href":"http:\/\/traba.org\/trabablog\/index.php?rest_route=\/wp\/v2\/posts\/5633\/revisions\/6512"}],"wp:featuredmedia":[{"embeddable":true,"href":"http:\/\/traba.org\/trabablog\/index.php?rest_route=\/wp\/v2\/media\/5599"}],"wp:attachment":[{"href":"http:\/\/traba.org\/trabablog\/index.php?rest_route=%2Fwp%2Fv2%2Fmedia&parent=5633"}],"wp:term":[{"taxonomy":"category","embeddable":true,"href":"http:\/\/traba.org\/trabablog\/index.php?rest_route=%2Fwp%2Fv2%2Fcategories&post=5633"},{"taxonomy":"post_tag","embeddable":true,"href":"http:\/\/traba.org\/trabablog\/index.php?rest_route=%2Fwp%2Fv2%2Ftags&post=5633"}],"curies":[{"name":"wp","href":"https:\/\/api.w.org\/{rel}","templated":true}]}}