{"id":5649,"date":"2011-09-08T01:32:05","date_gmt":"2011-09-07T23:32:05","guid":{"rendered":"http:\/\/www.traba.org\/trabablog\/?p=5649"},"modified":"2011-10-02T14:20:22","modified_gmt":"2011-10-02T12:20:22","slug":"los-elementos-1-francescmireia-0","status":"publish","type":"post","link":"http:\/\/traba.org\/trabablog\/?p=5649","title":{"rendered":"los elementos 1 &#8211; Francesc&#038;Mireia 0"},"content":{"rendered":"<p>avui ten\u00edem uns plans i els elements tals com el vent, el fred i la pluja ens han guanyat \ud83d\ude41<\/p>\n<p>hem marxat de les cabanes cap als <strong>fiordos del este<\/strong> cap a les 10 i pico, amb 400 km per endavant. ens ho prenem amb calma&#8230;<\/p>\n<p><a href=\"http:\/\/www.traba.org\/trabablog\/wp-content\/uploads\/2011\/09\/IMG_1518.jpg\"><img loading=\"lazy\" decoding=\"async\" src=\"http:\/\/www.traba.org\/trabablog\/wp-content\/uploads\/2011\/09\/IMG_1518-tm.jpg\" alt=\"IMG_1518\" width=\"500\" height=\"666\" \/><\/a><\/p>\n<p>i pel cam\u00ed hem anat parant, per\u00f2 poquet&#8230; la primera parada ha estat a un fiordo de <strong>Djupivogur<\/strong>. aqu\u00ed feia molt de vent, per\u00f2 lo pitjor estava per venir&#8230; all\u00f2 que es veu no s\u00f3n n\u00favols, \u00e9s una tormenta! i els ha caigut a sobre.<\/p>\n<p><a href=\"http:\/\/www.traba.org\/trabablog\/wp-content\/uploads\/2011\/09\/IMG_0291.jpg\"><img loading=\"lazy\" decoding=\"async\" src=\"http:\/\/www.traba.org\/trabablog\/wp-content\/uploads\/2011\/09\/IMG_0291-tm.jpg\" alt=\"IMG_0291\" width=\"500\" height=\"333\" \/><\/a><\/p>\n<p>si, la primera imatge \u00e9s l&#8217;esquelet d&#8217;un peix&#8230;<\/p>\n<p><iframe loading=\"lazy\" src=\"http:\/\/www.youtube.com\/embed\/DjiofdYJIro\" frameborder=\"0\" width=\"500\" height=\"281\"><\/iframe><\/p>\n<p>despr\u00e9s a <strong>Berufjoerdur<\/strong>, una catarata amb potholes, com els d&#8217;estats units.<\/p>\n<p><a href=\"http:\/\/www.traba.org\/trabablog\/wp-content\/uploads\/2011\/09\/IMG_0297.jpg\"><img loading=\"lazy\" decoding=\"async\" src=\"http:\/\/www.traba.org\/trabablog\/wp-content\/uploads\/2011\/09\/IMG_0297-tm.jpg\" alt=\"IMG_0297\" width=\"500\" height=\"333\" \/><\/a><\/p>\n<p><a href=\"http:\/\/www.traba.org\/trabablog\/wp-content\/uploads\/2011\/09\/IMG_0299.jpg\"><img loading=\"lazy\" decoding=\"async\" src=\"http:\/\/www.traba.org\/trabablog\/wp-content\/uploads\/2011\/09\/IMG_0299-tm.jpg\" alt=\"IMG_0299\" width=\"500\" height=\"750\" \/><\/a><\/p>\n<p>i no nom\u00e9s ens ha caigut la tormenta, sin\u00f3 que ens ha perseguit! aquest v\u00eddeo \u00e9s de <strong>Eskifj\u00f6r\u00f0ur<\/strong>.<\/p>\n<p><iframe loading=\"lazy\" src=\"http:\/\/www.youtube.com\/embed\/mS3MDW8TLsA\" frameborder=\"0\" width=\"500\" height=\"375\"><\/iframe><\/p>\n<p>de cam\u00ed&#8230;<\/p>\n<p><iframe loading=\"lazy\" src=\"http:\/\/www.youtube.com\/embed\/Wemky2Zbm6Q\" frameborder=\"0\" width=\"500\" height=\"375\"><\/iframe><\/p>\n<p>i ja li he dit al Francesc que els v\u00eddeos es fan en horitzontal. per\u00f2 per aquest heu de girar la pantalla!<\/p>\n<p><iframe loading=\"lazy\" src=\"http:\/\/www.youtube.com\/embed\/nr5Wwhs93iw\" frameborder=\"0\" width=\"500\" height=\"375\"><\/iframe><\/p>\n<p>i a dormir a <strong>E<\/strong><span style=\"font-family: sans-serif; font-size: 13px; line-height: 19px; background-color: #ffffff;\"><strong>gilssta\u00f0ir<\/strong>.<\/span><\/p>\n<p><span style=\"font-family: sans-serif; font-size: 13px; line-height: 19px; background-color: #ffffff;\"><a href=\"http:\/\/www.traba.org\/trabablog\/wp-content\/uploads\/2011\/09\/IMG_0311.jpg\"><img loading=\"lazy\" decoding=\"async\" src=\"http:\/\/www.traba.org\/trabablog\/wp-content\/uploads\/2011\/09\/IMG_0311-tm.jpg\" alt=\"IMG_0311\" width=\"500\" height=\"333\" \/><\/a><\/span><\/p>\n<p>i com que no hi ha moltes fotos perqu\u00e8 sortir del cotxe no era massa agradable, ens hem dedicat a recopilar les diferents caracter\u00edstiques que fan que els islandesos siguin islandesos.<\/p>\n<p>parlen molt fluixet i tenen una burbuja d&#8217;espai vital major que la nostra.<\/p>\n<p>parlen angl\u00e8s amb un accent raro, per\u00f2 tots parlen angl\u00e8s.<\/p>\n<p>s&#8217;han adaptat al fred: a les gasolineres no hi ha gent. la pr\u00f2pia m\u00e0quina et cobra. tu poses la tarja, et comprova si tens pasta, poses la gasolina, et cobra i et pires. a tots els pobles hi ha piscines d&#8217;aigua calenta. i estan obsessionats amb el temps&#8230;<\/p>\n<p>no usen moneda, sempre paguen amb VISA, ni que sigui un caf\u00e8.<\/p>\n<p>est\u00e8ticament, tots s\u00f3n rossos i grossots. i sembla estar de moda en les noies portar una cua de cavall descentrada&#8230;<\/p>\n<p>totes les cambreres s\u00f3n dones joves. ojo al dato! ah, i a tot arreu on hem anat tenen vitrines de pastissos&#8230; amb unes pintes. jo m&#8217;estic acostumant a menjar amanida de primer i past\u00eds de postres ;P<\/p>\n<p>a les cases, tamb\u00e9 tenen moqueta com a UK.<\/p>\n","protected":false},"excerpt":{"rendered":"<p>avui ten\u00edem uns plans i els elements tals com el vent, el fred i la pluja ens han guanyat \ud83d\ude41 hem marxat de les cabanes cap als fiordos del este&#8230;<\/p>\n","protected":false},"author":5,"featured_media":5639,"comment_status":"open","ping_status":"closed","sticky":false,"template":"","format":"standard","meta":{"_monsterinsights_skip_tracking":false,"_monsterinsights_sitenote_active":false,"_monsterinsights_sitenote_note":"","_monsterinsights_sitenote_category":0,"footnotes":""},"categories":[90,4],"tags":[],"class_list":["post-5649","post","type-post","status-publish","format-standard","has-post-thumbnail","hentry","category-islandia-2011","category-vacances"],"_links":{"self":[{"href":"http:\/\/traba.org\/trabablog\/index.php?rest_route=\/wp\/v2\/posts\/5649","targetHints":{"allow":["GET"]}}],"collection":[{"href":"http:\/\/traba.org\/trabablog\/index.php?rest_route=\/wp\/v2\/posts"}],"about":[{"href":"http:\/\/traba.org\/trabablog\/index.php?rest_route=\/wp\/v2\/types\/post"}],"author":[{"embeddable":true,"href":"http:\/\/traba.org\/trabablog\/index.php?rest_route=\/wp\/v2\/users\/5"}],"replies":[{"embeddable":true,"href":"http:\/\/traba.org\/trabablog\/index.php?rest_route=%2Fwp%2Fv2%2Fcomments&post=5649"}],"version-history":[{"count":2,"href":"http:\/\/traba.org\/trabablog\/index.php?rest_route=\/wp\/v2\/posts\/5649\/revisions"}],"predecessor-version":[{"id":6511,"href":"http:\/\/traba.org\/trabablog\/index.php?rest_route=\/wp\/v2\/posts\/5649\/revisions\/6511"}],"wp:featuredmedia":[{"embeddable":true,"href":"http:\/\/traba.org\/trabablog\/index.php?rest_route=\/wp\/v2\/media\/5639"}],"wp:attachment":[{"href":"http:\/\/traba.org\/trabablog\/index.php?rest_route=%2Fwp%2Fv2%2Fmedia&parent=5649"}],"wp:term":[{"taxonomy":"category","embeddable":true,"href":"http:\/\/traba.org\/trabablog\/index.php?rest_route=%2Fwp%2Fv2%2Fcategories&post=5649"},{"taxonomy":"post_tag","embeddable":true,"href":"http:\/\/traba.org\/trabablog\/index.php?rest_route=%2Fwp%2Fv2%2Ftags&post=5649"}],"curies":[{"name":"wp","href":"https:\/\/api.w.org\/{rel}","templated":true}]}}