{"id":6147,"date":"2011-09-18T23:26:05","date_gmt":"2011-09-18T21:26:05","guid":{"rendered":"http:\/\/www.traba.org\/trabablog\/?p=6147"},"modified":"2011-10-02T13:59:31","modified_gmt":"2011-10-02T11:59:31","slug":"si-no-em-depiles-semblaria-un-cactus","status":"publish","type":"post","link":"http:\/\/traba.org\/trabablog\/?p=6147","title":{"rendered":"&#8216;Si no em depil\u00e9s, semblaria un cactus&#8217;"},"content":{"rendered":"<p>Aquesta \u00e9s la can\u00e7\u00f3 del dia. Imagineu-vos-la cantada pel JM.<\/p>\n<p><iframe loading=\"lazy\" src=\"http:\/\/www.youtube.com\/embed\/HQW7XjIS7Xo\" frameborder=\"0\" width=\"500\" height=\"339\"><\/iframe><\/p>\n<p>La previsi\u00f3 per avui era pluja. Per\u00f2 fins al migdia, no havia de ploure. S\u00e0viament, hem decidit que aniriem a una platja on el cotxe no est\u00e9s molt lluny. Ens hem dirigit a son Saura, que encara no hi hav\u00edem anat mai.<\/p>\n<p><a href=\"http:\/\/www.traba.org\/trabablog\/wp-content\/uploads\/2011\/09\/IMG_1585.jpg\"><img loading=\"lazy\" decoding=\"async\" src=\"http:\/\/www.traba.org\/trabablog\/wp-content\/uploads\/2011\/09\/IMG_1585-tm.jpg\" alt=\"IMG_1585\" width=\"500\" height=\"666\" \/><\/a><\/p>\n<p>De moment, encara feia sol i no molta calor. Per cert, que no em vaig cremar molt.<\/p>\n<p><a href=\"http:\/\/www.traba.org\/trabablog\/wp-content\/uploads\/2011\/09\/IMG_1588.jpg\"><img loading=\"lazy\" decoding=\"async\" src=\"http:\/\/www.traba.org\/trabablog\/wp-content\/uploads\/2011\/09\/IMG_1588-tm.jpg\" alt=\"IMG_1588\" width=\"500\" height=\"666\" \/><\/a><\/p>\n<p>El qu\u00e8 son Saura no ens ha agradat massa, ja que a part que hi havia molta gent, no hi havia gens de sombra. Podr\u00edem haver solucionat el problema portant les sombrilles que hi ha a la casa, per\u00f2 no les hem agafat.<\/p>\n<p><a href=\"http:\/\/www.traba.org\/trabablog\/wp-content\/uploads\/2011\/09\/IMG_1589.jpg\"><img loading=\"lazy\" decoding=\"async\" src=\"http:\/\/www.traba.org\/trabablog\/wp-content\/uploads\/2011\/09\/IMG_1589-tm.jpg\" alt=\"IMG_1589\" width=\"500\" height=\"666\" \/><\/a><\/p>\n<p>Llavors, hem recordat que el Dani P ens havia dit que es Talaier estava a 10 minuts caminant de son Saura. I si. Hem tornat a la platja d&#8217;ahir, per\u00f2 a una hora on hi ha m\u00e9s sombra. Ara ja no est\u00e0vem tan a prop del cotxe.<\/p>\n<p><a href=\"http:\/\/www.traba.org\/trabablog\/wp-content\/uploads\/2011\/09\/IMG_1590.jpg\"><img loading=\"lazy\" decoding=\"async\" src=\"http:\/\/www.traba.org\/trabablog\/wp-content\/uploads\/2011\/09\/IMG_1590-tm.jpg\" alt=\"IMG_1590\" width=\"500\" height=\"666\" \/><\/a><\/p>\n<p>El JM ha demanat voluntaris per posar-li crema.<\/p>\n<p><a href=\"http:\/\/www.traba.org\/trabablog\/wp-content\/uploads\/2011\/09\/IMG_0741.jpg\"><img loading=\"lazy\" decoding=\"async\" src=\"http:\/\/www.traba.org\/trabablog\/wp-content\/uploads\/2011\/09\/IMG_0741-tm.jpg\" alt=\"IMG_0741\" width=\"500\" height=\"333\" \/><\/a><\/p>\n<p>L&#8217;estil del Francesc dins de l&#8217;aigua.<\/p>\n<p><a href=\"http:\/\/www.traba.org\/trabablog\/wp-content\/uploads\/2011\/09\/IMG_1598.jpg\"><img loading=\"lazy\" decoding=\"async\" src=\"http:\/\/www.traba.org\/trabablog\/wp-content\/uploads\/2011\/09\/IMG_1598-tm.jpg\" alt=\"IMG_1598\" width=\"500\" height=\"666\" \/><\/a><\/p>\n<p>Els n\u00favols comen\u00e7aven a formar-se.<\/p>\n<p><a href=\"http:\/\/www.traba.org\/trabablog\/wp-content\/uploads\/2011\/09\/IMG_1609.jpg\"><img loading=\"lazy\" decoding=\"async\" src=\"http:\/\/www.traba.org\/trabablog\/wp-content\/uploads\/2011\/09\/IMG_1609-tm.jpg\" alt=\"IMG_1609\" width=\"500\" height=\"375\" \/><\/a><\/p>\n<p>Mentrestant, el JM fent fotos de peixets.<\/p>\n<p><a href=\"http:\/\/www.traba.org\/trabablog\/wp-content\/uploads\/2011\/09\/IMG_1616.jpg\"><img loading=\"lazy\" decoding=\"async\" src=\"http:\/\/www.traba.org\/trabablog\/wp-content\/uploads\/2011\/09\/IMG_1616-tm.jpg\" alt=\"IMG_1616\" width=\"500\" height=\"375\" \/><\/a> <a href=\"http:\/\/www.traba.org\/trabablog\/wp-content\/uploads\/2011\/09\/IMG_1621.jpg\"><img loading=\"lazy\" decoding=\"async\" src=\"http:\/\/www.traba.org\/trabablog\/wp-content\/uploads\/2011\/09\/IMG_1621-tm.jpg\" alt=\"IMG_1621\" width=\"500\" height=\"375\" \/><\/a> <a href=\"http:\/\/www.traba.org\/trabablog\/wp-content\/uploads\/2011\/09\/IMG_1629.jpg\"><img loading=\"lazy\" decoding=\"async\" src=\"http:\/\/www.traba.org\/trabablog\/wp-content\/uploads\/2011\/09\/IMG_1629-tm.jpg\" alt=\"IMG_1629\" width=\"500\" height=\"375\" \/><\/a><\/p>\n<p>Fent cara de Totoro, per\u00f2 amb el sol de cara.<\/p>\n<p><a href=\"http:\/\/www.traba.org\/trabablog\/wp-content\/uploads\/2011\/09\/IMG_0746.jpg\"><img loading=\"lazy\" decoding=\"async\" src=\"http:\/\/www.traba.org\/trabablog\/wp-content\/uploads\/2011\/09\/IMG_0746-tm.jpg\" alt=\"IMG_0746\" width=\"500\" height=\"333\" \/><\/a><\/p>\n<p>70 toques de pales \u00e9s el r\u00e9cord. L&#8217;objectiu, arribar a 100.<\/p>\n<p><a href=\"http:\/\/www.traba.org\/trabablog\/wp-content\/uploads\/2011\/09\/IMG_1634.jpg\"><img loading=\"lazy\" decoding=\"async\" src=\"http:\/\/www.traba.org\/trabablog\/wp-content\/uploads\/2011\/09\/IMG_1634-tm.jpg\" alt=\"IMG_1634\" width=\"500\" height=\"666\" \/><\/a><\/p>\n<p>Paissatge submar\u00ed.<\/p>\n<p><a href=\"http:\/\/www.traba.org\/trabablog\/wp-content\/uploads\/2011\/09\/IMG_1639.jpg\"><img loading=\"lazy\" decoding=\"async\" src=\"http:\/\/www.traba.org\/trabablog\/wp-content\/uploads\/2011\/09\/IMG_1639-tm.jpg\" alt=\"IMG_1639\" width=\"500\" height=\"666\" \/><\/a><\/p>\n<p>Sortint de l&#8217;aigua.<\/p>\n<p><a href=\"http:\/\/www.traba.org\/trabablog\/wp-content\/uploads\/2011\/09\/IMG_0752.jpg\"><img loading=\"lazy\" decoding=\"async\" src=\"http:\/\/www.traba.org\/trabablog\/wp-content\/uploads\/2011\/09\/IMG_0752-tm.jpg\" alt=\"IMG_0752\" width=\"500\" height=\"333\" \/><\/a><\/p>\n<p>V\u00eddeo on es veu com cadasc\u00fa va a la seva bola.<\/p>\n<p><iframe loading=\"lazy\" src=\"http:\/\/www.youtube.com\/embed\/4Wy556BlRnM\" frameborder=\"0\" width=\"500\" height=\"339\"><\/iframe><\/p>\n<p>Al nostre costat ten\u00edem una fam\u00edlia que no callava. El t\u00edtol del post \u00e9s una frase de la mare de la fam\u00edlia.<\/p>\n<p>Prenent el sol i la sombra.<\/p>\n<p><a href=\"http:\/\/www.traba.org\/trabablog\/wp-content\/uploads\/2011\/09\/IMG_0756.jpg\"><img loading=\"lazy\" decoding=\"async\" src=\"http:\/\/www.traba.org\/trabablog\/wp-content\/uploads\/2011\/09\/IMG_0756-tm.jpg\" alt=\"IMG_0756\" width=\"500\" height=\"750\" \/><\/a><\/p>\n<p>Com que els n\u00favols estaven bastant enrere encara, hem decidit practicar toques de v\u00f2lei.<\/p>\n<p><a href=\"http:\/\/www.traba.org\/trabablog\/wp-content\/uploads\/2011\/09\/IMG_0762.jpg\"><img loading=\"lazy\" decoding=\"async\" src=\"http:\/\/www.traba.org\/trabablog\/wp-content\/uploads\/2011\/09\/IMG_0762-tm.jpg\" alt=\"IMG_0762\" width=\"500\" height=\"333\" \/><\/a> <a href=\"http:\/\/www.traba.org\/trabablog\/wp-content\/uploads\/2011\/09\/IMG_0772.jpg\"><img loading=\"lazy\" decoding=\"async\" src=\"http:\/\/www.traba.org\/trabablog\/wp-content\/uploads\/2011\/09\/IMG_0772-tm.jpg\" alt=\"IMG_0772\" width=\"500\" height=\"750\" \/><\/a><\/p>\n<p>I mentre jug\u00e0vem, el Francesc es distreia.<\/p>\n<p><iframe loading=\"lazy\" src=\"http:\/\/www.youtube.com\/embed\/-bQWRdWl_I4\" frameborder=\"0\" width=\"500\" height=\"339\"><\/iframe><\/p>\n<p><a href=\"http:\/\/www.traba.org\/trabablog\/wp-content\/uploads\/2011\/09\/IMG_0774.jpg\"><img loading=\"lazy\" decoding=\"async\" src=\"http:\/\/www.traba.org\/trabablog\/wp-content\/uploads\/2011\/09\/IMG_0774-tm.jpg\" alt=\"IMG_0774\" width=\"500\" height=\"750\" \/><\/a><\/p>\n<p>I clar, despr\u00e9s de l&#8217;exercici, un banyet.<\/p>\n<p><a href=\"http:\/\/www.traba.org\/trabablog\/wp-content\/uploads\/2011\/09\/IMG_1672.jpg\"><img loading=\"lazy\" decoding=\"async\" src=\"http:\/\/www.traba.org\/trabablog\/wp-content\/uploads\/2011\/09\/IMG_1672-tm.jpg\" alt=\"IMG_1672\" width=\"500\" height=\"375\" \/><\/a> <a href=\"http:\/\/www.traba.org\/trabablog\/wp-content\/uploads\/2011\/09\/IMG_1673.jpg\"><img loading=\"lazy\" decoding=\"async\" src=\"http:\/\/www.traba.org\/trabablog\/wp-content\/uploads\/2011\/09\/IMG_1673-tm.jpg\" alt=\"IMG_1673\" width=\"500\" height=\"375\" \/><\/a><\/p>\n<p>La tormenta se acercaba. Tant per darrere, que ho ha vist el JM.<\/p>\n<p><a href=\"http:\/\/www.traba.org\/trabablog\/wp-content\/uploads\/2011\/09\/IMG_1680.jpg\"><img loading=\"lazy\" decoding=\"async\" src=\"http:\/\/www.traba.org\/trabablog\/wp-content\/uploads\/2011\/09\/IMG_1680-tm.jpg\" alt=\"IMG_1680\" width=\"500\" height=\"374\" \/><\/a><\/p>\n<p>Com per davant, que ho he vist jo.<\/p>\n<p><a href=\"http:\/\/www.traba.org\/trabablog\/wp-content\/uploads\/2011\/09\/IMG_0785.jpg\"><img loading=\"lazy\" decoding=\"async\" src=\"http:\/\/www.traba.org\/trabablog\/wp-content\/uploads\/2011\/09\/IMG_0785-tm.jpg\" alt=\"IMG_0785\" width=\"500\" height=\"333\" \/><\/a><\/p>\n<p>I finalment, ens ha pillat. La platja deserta en 2 minuts.<\/p>\n<p><a href=\"http:\/\/www.traba.org\/trabablog\/wp-content\/uploads\/2011\/09\/IMG_1684_2.jpg\"><img loading=\"lazy\" decoding=\"async\" src=\"http:\/\/www.traba.org\/trabablog\/wp-content\/uploads\/2011\/09\/IMG_1684_2-tm.jpg\" alt=\"IMG_1684 - Versi\u00f3n 2\" width=\"500\" height=\"375\" \/><\/a><\/p>\n<p>Ens hem mullat.<\/p>\n<p><a href=\"http:\/\/www.traba.org\/trabablog\/wp-content\/uploads\/2011\/09\/IMG_0787.jpg\"><img loading=\"lazy\" decoding=\"async\" src=\"http:\/\/www.traba.org\/trabablog\/wp-content\/uploads\/2011\/09\/IMG_0787-tm.jpg\" alt=\"IMG_0787\" width=\"500\" height=\"333\" \/><\/a><\/p>\n<p>I els colors post-tormenta.<\/p>\n<p><a href=\"http:\/\/www.traba.org\/trabablog\/wp-content\/uploads\/2011\/09\/IMG_0791.jpg\"><img loading=\"lazy\" decoding=\"async\" src=\"http:\/\/www.traba.org\/trabablog\/wp-content\/uploads\/2011\/09\/IMG_0791-tm.jpg\" alt=\"IMG_0791\" width=\"500\" height=\"334\" \/><\/a> <a href=\"http:\/\/www.traba.org\/trabablog\/wp-content\/uploads\/2011\/09\/IMG_0799.jpg\"><img loading=\"lazy\" decoding=\"async\" src=\"http:\/\/www.traba.org\/trabablog\/wp-content\/uploads\/2011\/09\/IMG_0799-tm.jpg\" alt=\"IMG_0799\" width=\"500\" height=\"750\" \/><\/a><\/p>\n<p>Als domingueros no semblava afectar-los molt el temporal.<\/p>\n<p><a href=\"http:\/\/www.traba.org\/trabablog\/wp-content\/uploads\/2011\/09\/IMG_0805.jpg\"><img loading=\"lazy\" decoding=\"async\" src=\"http:\/\/www.traba.org\/trabablog\/wp-content\/uploads\/2011\/09\/IMG_0805-tm.jpg\" alt=\"IMG_0805\" width=\"500\" height=\"333\" \/><\/a><\/p>\n<p>I finalment, hem arribat al cotxe.<\/p>\n<p><a href=\"http:\/\/www.traba.org\/trabablog\/wp-content\/uploads\/2011\/09\/IMG_1702.jpg\"><img loading=\"lazy\" decoding=\"async\" src=\"http:\/\/www.traba.org\/trabablog\/wp-content\/uploads\/2011\/09\/IMG_1702-tm.jpg\" alt=\"IMG_1702\" width=\"500\" height=\"666\" \/><\/a><\/p>\n<p>I a dinar al <a href=\"http:\/\/www.menorca.info\/menorca\/446028\/empresario\/abrira\/restaurante\/cinco\/minutos\/playa\/saura\" target=\"_blank\">xiringuito de son Saura<\/a>. Es veu que l&#8217;han obert aquest any. Les amanides s\u00f3n d&#8217;enciam iceberg, per\u00f2 el gazpacho el fan ells. Ben amables.<\/p>\n<p><a href=\"http:\/\/www.traba.org\/trabablog\/wp-content\/uploads\/2011\/09\/IMG_0813.jpg\"><img loading=\"lazy\" decoding=\"async\" src=\"http:\/\/www.traba.org\/trabablog\/wp-content\/uploads\/2011\/09\/IMG_0813-tm.jpg\" alt=\"IMG_0813\" width=\"500\" height=\"333\" \/><\/a><\/p>\n<p>I cap a casa. A la piscina climatitzada d&#8217;aigua calenta!<\/p>\n<p><a href=\"http:\/\/www.traba.org\/trabablog\/wp-content\/uploads\/2011\/09\/IMG_1775.jpg\"><img loading=\"lazy\" decoding=\"async\" src=\"http:\/\/www.traba.org\/trabablog\/wp-content\/uploads\/2011\/09\/IMG_1775-tm.jpg\" alt=\"IMG_1775\" width=\"500\" height=\"375\" \/><\/a><\/p>\n<p>Una foto des de l&#8217;interior.<\/p>\n<p><a href=\"http:\/\/www.traba.org\/trabablog\/wp-content\/uploads\/2011\/09\/IMG_1791.jpg\"><img loading=\"lazy\" decoding=\"async\" src=\"http:\/\/www.traba.org\/trabablog\/wp-content\/uploads\/2011\/09\/IMG_1791-tm.jpg\" alt=\"IMG_1791\" width=\"500\" height=\"374\" \/><\/a><\/p>\n<p>I la pinta que t\u00e9 des de fora.<\/p>\n<p><a href=\"http:\/\/www.traba.org\/trabablog\/wp-content\/uploads\/2011\/09\/DSCF0937.jpg\"><img loading=\"lazy\" decoding=\"async\" src=\"http:\/\/www.traba.org\/trabablog\/wp-content\/uploads\/2011\/09\/DSCF0937-tm.jpg\" alt=\"DSCF0937\" width=\"500\" height=\"332\" \/><\/a><\/p>\n<p>Avui ha experimentat molt amb la c\u00e0mara.<\/p>\n<p><a href=\"http:\/\/www.traba.org\/trabablog\/wp-content\/uploads\/2011\/09\/IMG_1793.jpg\"><img loading=\"lazy\" decoding=\"async\" src=\"http:\/\/www.traba.org\/trabablog\/wp-content\/uploads\/2011\/09\/IMG_1793-tm.jpg\" alt=\"IMG_1793\" width=\"500\" height=\"375\" \/><\/a><\/p>\n<p>Mentre est\u00e0vem a la piscina ha arribat el Xavi per\u00f2 no l&#8217;hem sentit ni ell a nosaltres! Per\u00f2 ha aconseguit deixar la maleta dins de la casa. Ara ja el tenim aqu\u00ed \ud83d\ude42<\/p>\n<p>Tarda de <a href=\"http:\/\/www.worldofmunchkin.com\/cardgame\/\" target=\"_blank\">Munchkin<\/a>, sopar <a href=\"http:\/\/www.directoalpaladar.com\/recetas-de-sopas-y-cremas\/ajoblanco-malagueno-receta\" target=\"_blank\">ajoblanco<\/a> i partideta a los <a href=\"http:\/\/www.catan.com\/\" target=\"_blank\">Colonos del Cat\u00e1n<\/a>.<\/p>\n<p>Dem\u00e0 un highlight: tindrem a l&#8217;Edu ballant la rueda cubana. Aquest \u00e9s el seu profe.<\/p>\n<p><iframe loading=\"lazy\" src=\"http:\/\/www.youtube.com\/embed\/l3A4ilsX35M\" frameborder=\"0\" width=\"500\" height=\"339\"><\/iframe><br \/>\nI jo encara tinc pendent fer les meves fotos amb llums. Avui no que plou i fa fred.<\/p>\n","protected":false},"excerpt":{"rendered":"<p>Aquesta \u00e9s la can\u00e7\u00f3 del dia. Imagineu-vos-la cantada pel JM. La previsi\u00f3 per avui era pluja. Per\u00f2 fins al migdia, no havia de ploure. S\u00e0viament, hem decidit que aniriem a&#8230;<\/p>\n","protected":false},"author":5,"featured_media":6145,"comment_status":"open","ping_status":"closed","sticky":false,"template":"","format":"standard","meta":{"_monsterinsights_skip_tracking":false,"_monsterinsights_sitenote_active":false,"_monsterinsights_sitenote_note":"","_monsterinsights_sitenote_category":0,"footnotes":""},"categories":[81,4],"tags":[],"class_list":["post-6147","post","type-post","status-publish","format-standard","has-post-thumbnail","hentry","category-menorca-2011","category-vacances"],"_links":{"self":[{"href":"http:\/\/traba.org\/trabablog\/index.php?rest_route=\/wp\/v2\/posts\/6147","targetHints":{"allow":["GET"]}}],"collection":[{"href":"http:\/\/traba.org\/trabablog\/index.php?rest_route=\/wp\/v2\/posts"}],"about":[{"href":"http:\/\/traba.org\/trabablog\/index.php?rest_route=\/wp\/v2\/types\/post"}],"author":[{"embeddable":true,"href":"http:\/\/traba.org\/trabablog\/index.php?rest_route=\/wp\/v2\/users\/5"}],"replies":[{"embeddable":true,"href":"http:\/\/traba.org\/trabablog\/index.php?rest_route=%2Fwp%2Fv2%2Fcomments&post=6147"}],"version-history":[{"count":1,"href":"http:\/\/traba.org\/trabablog\/index.php?rest_route=\/wp\/v2\/posts\/6147\/revisions"}],"predecessor-version":[{"id":6499,"href":"http:\/\/traba.org\/trabablog\/index.php?rest_route=\/wp\/v2\/posts\/6147\/revisions\/6499"}],"wp:featuredmedia":[{"embeddable":true,"href":"http:\/\/traba.org\/trabablog\/index.php?rest_route=\/wp\/v2\/media\/6145"}],"wp:attachment":[{"href":"http:\/\/traba.org\/trabablog\/index.php?rest_route=%2Fwp%2Fv2%2Fmedia&parent=6147"}],"wp:term":[{"taxonomy":"category","embeddable":true,"href":"http:\/\/traba.org\/trabablog\/index.php?rest_route=%2Fwp%2Fv2%2Fcategories&post=6147"},{"taxonomy":"post_tag","embeddable":true,"href":"http:\/\/traba.org\/trabablog\/index.php?rest_route=%2Fwp%2Fv2%2Ftags&post=6147"}],"curies":[{"name":"wp","href":"https:\/\/api.w.org\/{rel}","templated":true}]}}