{"id":629,"date":"2008-08-28T05:56:25","date_gmt":"2008-08-28T03:56:25","guid":{"rendered":"http:\/\/www.traba.org\/trabablog\/?p=629"},"modified":"2008-08-28T06:09:14","modified_gmt":"2008-08-28T04:09:14","slug":"segur-que-hi-ha-ossos-a-canad","status":"publish","type":"post","link":"http:\/\/traba.org\/trabablog\/?p=629","title":{"rendered":"Segur que hi ha ossos a Canad&agrave;?"},"content":{"rendered":"<p>Avui 114 km (total acumulat 1887 km).<\/p>\n<p>Farem el recompte dels vots de les fotos i es descobrir\u00e0 el guanyador.<\/p>\n<blockquote><p>Foto 1 (Mireia): Montserrat, Francesc, Xesca, Maria C &#8211;&gt; 4 punts<br \/>\nFoto 2 (Albert) &#8211;&gt; 0 punts<br \/>\nFoto 3 (Mireia): Fina C &#8211;&gt; 1 punt<br \/>\nFoto 4 (Albert): Laia M, Leo, Laia B &#8211;&gt; 3 punts<\/p><\/blockquote>\n<p>And the winner is&#8230; La foto n\u00famero 1 de la Mireia! Oeoeoe! \ud83d\ude1b<\/p>\n<p>I avui qu\u00e8. Pues ens hem aixecat una mica perros. Aquesta suit al final no t\u00e9 un 10. Li fallen els llits. A la que et mous 1 mm (i no exagero), fa nyeeeeec. Horror\u00f3s. Per\u00f2 tot i aix\u00ed hem dormit fins les 9h. Inesmorzar avui no ha estat facil. Alg\u00fa, ahir, va posar la llet i el suc de tronja en una part de la nevera que semblava nevera, per\u00f2 no. Era un fant\u00e0stic congelador. I aquest mat\u00ed ten\u00edem 4 litres de llet i 2,84\u00a0 litres de suc de tronja congelats. Sort que tenim un microondes supergran que hi ha capigut la garrafa i hem acosenguit mig descongelar la llet.<\/p>\n<p><a href=\"http:\/\/www.traba.org\/trabablog\/wp-content\/uploads\/2008\/08\/imgp2380.jpg\"><img loading=\"lazy\" decoding=\"async\" style=\"border-top-width: 0px; border-left-width: 0px; border-bottom-width: 0px; border-right-width: 0px\" src=\"http:\/\/www.traba.org\/trabablog\/wp-content\/uploads\/2008\/08\/imgp2380-thumb.jpg\" border=\"0\" alt=\"IMGP2380\" width=\"484\" height=\"364\" \/><\/a><\/p>\n<p>Un cop hem aconseguit esmorzar, ens hem dirigit cap al llac Moraine. Estava plovent per\u00f2 no ens hem desanimat. Com tothom sap, pels matins plou i al migdia s&#8217;arregla el dia. Hem arribat al llac Moraine.<\/p>\n<p><a href=\"http:\/\/www.traba.org\/trabablog\/wp-content\/uploads\/2008\/08\/imgp2381-2.jpg\"><img loading=\"lazy\" decoding=\"async\" style=\"border-top-width: 0px; border-left-width: 0px; border-bottom-width: 0px; border-right-width: 0px\" src=\"http:\/\/www.traba.org\/trabablog\/wp-content\/uploads\/2008\/08\/imgp2381-2-thumb.jpg\" border=\"0\" alt=\"IMGP2381_2\" width=\"484\" height=\"364\" \/><\/a><\/p>\n<p>I hem fet una excursi\u00f3 als Consolation Lakes. \u00c9s un llac on representa que has de veure ossos, per\u00f2 no n&#8217;hem vist ni un! Mireu el cartell que hi ha abans d&#8217;entrar al cam\u00ed que et porta als llacs.<\/p>\n<p><a href=\"http:\/\/www.traba.org\/trabablog\/wp-content\/uploads\/2008\/08\/imgp2385.jpg\"><img loading=\"lazy\" decoding=\"async\" style=\"border-top-width: 0px; border-left-width: 0px; border-bottom-width: 0px; border-right-width: 0px\" src=\"http:\/\/www.traba.org\/trabablog\/wp-content\/uploads\/2008\/08\/imgp2385-thumb.jpg\" border=\"0\" alt=\"IMGP2385\" width=\"484\" height=\"364\" \/><\/a><\/p>\n<p>Els caminets&#8230; sense ossos.<\/p>\n<p><a href=\"http:\/\/www.traba.org\/trabablog\/wp-content\/uploads\/2008\/08\/img-3196.jpg\"><img loading=\"lazy\" decoding=\"async\" style=\"border-top-width: 0px; border-left-width: 0px; border-bottom-width: 0px; border-right-width: 0px\" src=\"http:\/\/www.traba.org\/trabablog\/wp-content\/uploads\/2008\/08\/img-3196-thumb.jpg\" border=\"0\" alt=\"IMG_3196\" width=\"430\" height=\"644\" \/><\/a><\/p>\n<p>Yo amb pinta de hippie (sense voler-ho), fent una foto als bolets.<\/p>\n<p><a href=\"http:\/\/www.traba.org\/trabablog\/wp-content\/uploads\/2008\/08\/imgp2387.jpg\"><img loading=\"lazy\" decoding=\"async\" style=\"border-top-width: 0px; border-left-width: 0px; border-bottom-width: 0px; border-right-width: 0px\" src=\"http:\/\/www.traba.org\/trabablog\/wp-content\/uploads\/2008\/08\/imgp2387-thumb.jpg\" border=\"0\" alt=\"IMGP2387\" width=\"484\" height=\"364\" \/><\/a><\/p>\n<p>A aquests bolets. Per\u00f2 ja no entren a concurs. Per cert, voleu que fem el t\u00edpic concurs del <em>less photogenic person<\/em> com l&#8217;any passat?<\/p>\n<p><a href=\"http:\/\/www.traba.org\/trabablog\/wp-content\/uploads\/2008\/08\/img-3198.jpg\"><img loading=\"lazy\" decoding=\"async\" style=\"border-top-width: 0px; border-left-width: 0px; border-bottom-width: 0px; border-right-width: 0px\" src=\"http:\/\/www.traba.org\/trabablog\/wp-content\/uploads\/2008\/08\/img-3198-thumb.jpg\" border=\"0\" alt=\"IMG_3198\" width=\"484\" height=\"324\" \/><\/a><\/p>\n<p>Un riuet, sense ossos.<\/p>\n<p><a href=\"http:\/\/www.traba.org\/trabablog\/wp-content\/uploads\/2008\/08\/imgp2388-2.jpg\"><img loading=\"lazy\" decoding=\"async\" style=\"border-top-width: 0px; border-left-width: 0px; border-bottom-width: 0px; border-right-width: 0px\" src=\"http:\/\/www.traba.org\/trabablog\/wp-content\/uploads\/2008\/08\/imgp2388-2-thumb.jpg\" border=\"0\" alt=\"IMGP2388_2\" width=\"484\" height=\"364\" \/><\/a><\/p>\n<p>Sobre el tronc del riu.<\/p>\n<p><a href=\"http:\/\/www.traba.org\/trabablog\/wp-content\/uploads\/2008\/08\/imgp2389.jpg\"><img loading=\"lazy\" decoding=\"async\" style=\"border-top-width: 0px; border-left-width: 0px; border-bottom-width: 0px; border-right-width: 0px\" src=\"http:\/\/www.traba.org\/trabablog\/wp-content\/uploads\/2008\/08\/imgp2389-thumb.jpg\" border=\"0\" alt=\"IMGP2389\" width=\"484\" height=\"364\" \/><\/a><\/p>\n<p>Un esquirol. Els esquirols d&#8217;aquest pais, estan per tot arreu i representa que no els has de donar menjar, per\u00f2 n&#8217;hi ha alguns que estan MOLT gordos.<\/p>\n<p><a href=\"http:\/\/www.traba.org\/trabablog\/wp-content\/uploads\/2008\/08\/img-3205.jpg\"><img loading=\"lazy\" decoding=\"async\" style=\"border-top-width: 0px; border-left-width: 0px; border-bottom-width: 0px; border-right-width: 0px\" src=\"http:\/\/www.traba.org\/trabablog\/wp-content\/uploads\/2008\/08\/img-3205-thumb.jpg\" border=\"0\" alt=\"IMG_3205\" width=\"484\" height=\"324\" \/><\/a><\/p>\n<p>I finalment el Consolation Lake (el llac Consolador segons la Laia). No era realment aix\u00ed, per\u00f2 la foto ha quedat molt t\u00e8trica \ud83d\ude42<\/p>\n<p><a href=\"http:\/\/www.traba.org\/trabablog\/wp-content\/uploads\/2008\/08\/img-3215.jpg\"><img loading=\"lazy\" decoding=\"async\" style=\"border-top-width: 0px; border-left-width: 0px; border-bottom-width: 0px; border-right-width: 0px\" src=\"http:\/\/www.traba.org\/trabablog\/wp-content\/uploads\/2008\/08\/imgp2400-thumb.jpg\" border=\"0\" alt=\"IMGP2400\" width=\"484\" height=\"364\" \/><\/a><\/p>\n<p>Un vistazo general del llac, que tampoc tenia ossos de cos present.<\/p>\n<p><img loading=\"lazy\" decoding=\"async\" style=\"border-top-width: 0px; border-left-width: 0px; border-bottom-width: 0px; border-right-width: 0px\" src=\"http:\/\/www.traba.org\/trabablog\/wp-content\/uploads\/2008\/08\/img-3215-thumb.jpg\" border=\"0\" alt=\"IMG_3215\" width=\"484\" height=\"324\" \/><\/p>\n<p>Finalment, la Takakkaw Falls de tort, amb el Francesc de recte \ud83d\ude42<\/p>\n<p><a href=\"http:\/\/www.traba.org\/trabablog\/wp-content\/uploads\/2008\/08\/imgp2411.jpg\"><img loading=\"lazy\" decoding=\"async\" style=\"border-top-width: 0px; border-left-width: 0px; border-bottom-width: 0px; border-right-width: 0px\" src=\"http:\/\/www.traba.org\/trabablog\/wp-content\/uploads\/2008\/08\/imgp2411-thumb.jpg\" border=\"0\" alt=\"IMGP2411\" width=\"484\" height=\"644\" \/><\/a><\/p>\n<p>I el riu despr\u00e9s de la cascada amb la muntanyeta de l&#8217;anunci de \u00bfMarlboro? darrere.<\/p>\n<p><a href=\"http:\/\/www.traba.org\/trabablog\/wp-content\/uploads\/2008\/08\/img-3220.jpg\"><img loading=\"lazy\" decoding=\"async\" style=\"border-top-width: 0px; border-left-width: 0px; border-bottom-width: 0px; border-right-width: 0px\" src=\"http:\/\/www.traba.org\/trabablog\/wp-content\/uploads\/2008\/08\/img-3220-thumb.jpg\" border=\"0\" alt=\"IMG_3220\" width=\"430\" height=\"644\" \/><\/a><\/p>\n<p>I a casa, cervecilla, sopar i dormir, sense haver vist cap \u00f3s \ud83d\ude41<\/p>\n","protected":false},"excerpt":{"rendered":"<p>Avui 114 km (total acumulat 1887 km). Farem el recompte dels vots de les fotos i es descobrir\u00e0 el guanyador. Foto 1 (Mireia): Montserrat, Francesc, Xesca, Maria C &#8211;&gt; 4&#8230;<\/p>\n","protected":false},"author":5,"featured_media":0,"comment_status":"open","ping_status":"open","sticky":false,"template":"","format":"standard","meta":{"_monsterinsights_skip_tracking":false,"_monsterinsights_sitenote_active":false,"_monsterinsights_sitenote_note":"","_monsterinsights_sitenote_category":0,"footnotes":""},"categories":[13,4],"tags":[],"class_list":["post-629","post","type-post","status-publish","format-standard","hentry","category-canada-usa","category-vacances"],"_links":{"self":[{"href":"http:\/\/traba.org\/trabablog\/index.php?rest_route=\/wp\/v2\/posts\/629","targetHints":{"allow":["GET"]}}],"collection":[{"href":"http:\/\/traba.org\/trabablog\/index.php?rest_route=\/wp\/v2\/posts"}],"about":[{"href":"http:\/\/traba.org\/trabablog\/index.php?rest_route=\/wp\/v2\/types\/post"}],"author":[{"embeddable":true,"href":"http:\/\/traba.org\/trabablog\/index.php?rest_route=\/wp\/v2\/users\/5"}],"replies":[{"embeddable":true,"href":"http:\/\/traba.org\/trabablog\/index.php?rest_route=%2Fwp%2Fv2%2Fcomments&post=629"}],"version-history":[{"count":2,"href":"http:\/\/traba.org\/trabablog\/index.php?rest_route=\/wp\/v2\/posts\/629\/revisions"}],"predecessor-version":[{"id":630,"href":"http:\/\/traba.org\/trabablog\/index.php?rest_route=\/wp\/v2\/posts\/629\/revisions\/630"}],"wp:attachment":[{"href":"http:\/\/traba.org\/trabablog\/index.php?rest_route=%2Fwp%2Fv2%2Fmedia&parent=629"}],"wp:term":[{"taxonomy":"category","embeddable":true,"href":"http:\/\/traba.org\/trabablog\/index.php?rest_route=%2Fwp%2Fv2%2Fcategories&post=629"},{"taxonomy":"post_tag","embeddable":true,"href":"http:\/\/traba.org\/trabablog\/index.php?rest_route=%2Fwp%2Fv2%2Ftags&post=629"}],"curies":[{"name":"wp","href":"https:\/\/api.w.org\/{rel}","templated":true}]}}