{"id":6315,"date":"2011-09-20T23:42:12","date_gmt":"2011-09-20T21:42:12","guid":{"rendered":"http:\/\/www.traba.org\/trabablog\/?p=6315"},"modified":"2012-08-14T09:00:51","modified_gmt":"2012-08-14T07:00:51","slug":"viewer-discretion-is-advised","status":"publish","type":"post","link":"http:\/\/traba.org\/trabablog\/?p=6315","title":{"rendered":"Viewer discretion is advised"},"content":{"rendered":"<p>El sopar d&#8217;ahir, truites de patates.<\/p>\n<p><a href=\"http:\/\/www.traba.org\/trabablog\/wp-content\/uploads\/2011\/09\/DSCF0948.jpg\"><img loading=\"lazy\" decoding=\"async\" src=\"http:\/\/www.traba.org\/trabablog\/wp-content\/uploads\/2011\/09\/DSCF0948-tm.jpg\" alt=\"DSCF0948\" width=\"500\" height=\"332\" \/><\/a><\/p>\n<p>I aqu\u00ed comen\u00e7a el nostre led painting experimental. Coronats.<\/p>\n<p><a href=\"http:\/\/www.traba.org\/trabablog\/wp-content\/uploads\/2011\/09\/IMG_0903.jpg\"><img loading=\"lazy\" decoding=\"async\" src=\"http:\/\/www.traba.org\/trabablog\/wp-content\/uploads\/2011\/09\/IMG_0903-tm.jpg\" alt=\"IMG_0903\" width=\"500\" height=\"333\" \/><\/a><\/p>\n<p>S\u00f3c una papallona.<\/p>\n<p><a href=\"http:\/\/www.traba.org\/trabablog\/wp-content\/uploads\/2011\/09\/IMG_0907.jpg\"><img loading=\"lazy\" decoding=\"async\" src=\"http:\/\/www.traba.org\/trabablog\/wp-content\/uploads\/2011\/09\/IMG_0907-tm.jpg\" alt=\"IMG_0907\" width=\"500\" height=\"333\" \/><\/a><\/p>\n<p>Love.<\/p>\n<p><a href=\"http:\/\/www.traba.org\/trabablog\/wp-content\/uploads\/2011\/09\/IMG_0911.jpg\"><img loading=\"lazy\" decoding=\"async\" src=\"http:\/\/www.traba.org\/trabablog\/wp-content\/uploads\/2011\/09\/IMG_0911-tm.jpg\" alt=\"IMG_0911\" width=\"500\" height=\"333\" \/><\/a><\/p>\n<p>PcMan.<\/p>\n<p><a href=\"http:\/\/www.traba.org\/trabablog\/wp-content\/uploads\/2011\/09\/IMG_0919.jpg\"><img loading=\"lazy\" decoding=\"async\" src=\"http:\/\/www.traba.org\/trabablog\/wp-content\/uploads\/2011\/09\/IMG_0919-tm.jpg\" alt=\"IMG_0919\" width=\"500\" height=\"333\" \/><\/a><\/p>\n<p>El PKT.<\/p>\n<p><a href=\"http:\/\/www.traba.org\/trabablog\/wp-content\/uploads\/2011\/09\/IMG_0920.jpg\"><img loading=\"lazy\" decoding=\"async\" src=\"http:\/\/www.traba.org\/trabablog\/wp-content\/uploads\/2011\/09\/IMG_0920-tm.jpg\" alt=\"IMG_0920\" width=\"500\" height=\"333\" \/><\/a><\/p>\n<p>Engaviat. Ja s\u00e9, s&#8217;ha de milorar la t\u00e8cnica.<\/p>\n<p><a href=\"http:\/\/www.traba.org\/trabablog\/wp-content\/uploads\/2011\/09\/IMG_0926.jpg\"><img loading=\"lazy\" decoding=\"async\" src=\"http:\/\/www.traba.org\/trabablog\/wp-content\/uploads\/2011\/09\/IMG_0926-tm.jpg\" alt=\"IMG_0926\" width=\"500\" height=\"333\" \/><\/a><\/p>\n<p>Un guerrero.<\/p>\n<p><a href=\"http:\/\/www.traba.org\/trabablog\/wp-content\/uploads\/2011\/09\/IMG_0928.jpg\"><img loading=\"lazy\" decoding=\"async\" src=\"http:\/\/www.traba.org\/trabablog\/wp-content\/uploads\/2011\/09\/IMG_0928-tm.jpg\" alt=\"IMG_0928\" width=\"500\" height=\"333\" \/><\/a><\/p>\n<p>Punch!<\/p>\n<p><a href=\"http:\/\/www.traba.org\/trabablog\/wp-content\/uploads\/2011\/09\/IMG_0929.jpg\"><img loading=\"lazy\" decoding=\"async\" src=\"http:\/\/www.traba.org\/trabablog\/wp-content\/uploads\/2011\/09\/IMG_0929-tm.jpg\" alt=\"IMG_0929\" width=\"500\" height=\"333\" \/><\/a><\/p>\n<p>Kame Hame!<\/p>\n<p><a href=\"http:\/\/www.traba.org\/trabablog\/wp-content\/uploads\/2011\/09\/IMG_0942.jpg\"><img loading=\"lazy\" decoding=\"async\" src=\"http:\/\/www.traba.org\/trabablog\/wp-content\/uploads\/2011\/09\/IMG_0942-tm.jpg\" alt=\"IMG_0942\" width=\"500\" height=\"333\" \/><\/a><\/p>\n<p>El geni de la botella.<\/p>\n<p><a href=\"http:\/\/www.traba.org\/trabablog\/wp-content\/uploads\/2011\/09\/IMG_0943.jpg\"><img loading=\"lazy\" decoding=\"async\" src=\"http:\/\/www.traba.org\/trabablog\/wp-content\/uploads\/2011\/09\/IMG_0943-tm.jpg\" alt=\"IMG_0943\" width=\"500\" height=\"333\" \/><\/a><\/p>\n<p>Vomitant.<\/p>\n<p><a href=\"http:\/\/www.traba.org\/trabablog\/wp-content\/uploads\/2011\/09\/IMG_0944.jpg\"><img loading=\"lazy\" decoding=\"async\" src=\"http:\/\/www.traba.org\/trabablog\/wp-content\/uploads\/2011\/09\/IMG_0944-tm.jpg\" alt=\"IMG_0944\" width=\"500\" height=\"333\" \/><\/a><\/p>\n<p>Lo \u00fanic que hem aconseguit de l&#8217;Edu ballant.<\/p>\n<p><a href=\"http:\/\/www.traba.org\/trabablog\/wp-content\/uploads\/2011\/09\/IMG_0949.jpg\"><img loading=\"lazy\" decoding=\"async\" src=\"http:\/\/www.traba.org\/trabablog\/wp-content\/uploads\/2011\/09\/IMG_0949-tm.jpg\" alt=\"IMG_0949\" width=\"500\" height=\"333\" \/><\/a><\/p>\n<p>Very dead.<\/p>\n<p><a href=\"http:\/\/www.traba.org\/trabablog\/wp-content\/uploads\/2011\/09\/IMG_0955.jpg\"><img loading=\"lazy\" decoding=\"async\" src=\"http:\/\/www.traba.org\/trabablog\/wp-content\/uploads\/2011\/09\/IMG_0955-tm.jpg\" alt=\"IMG_0955\" width=\"500\" height=\"333\" \/><\/a><\/p>\n<p>Ca\u00e7ant fantasmes!<\/p>\n<p><a href=\"http:\/\/www.traba.org\/trabablog\/wp-content\/uploads\/2011\/09\/IMG_0956.jpg\"><img loading=\"lazy\" decoding=\"async\" src=\"http:\/\/www.traba.org\/trabablog\/wp-content\/uploads\/2011\/09\/IMG_0956-tm.jpg\" alt=\"IMG_0956\" width=\"500\" height=\"333\" \/><\/a><\/p>\n<p>El making off.<\/p>\n<p><iframe loading=\"lazy\" src=\"http:\/\/www.youtube.com\/embed\/W8DwxGkZnTY\" frameborder=\"0\" width=\"500\" height=\"254\"><\/iframe><\/p>\n<p>I a la 1 a dormir.<\/p>\n<p>I el primer que es fa cada mat\u00ed, que diverteix molt als nens.<\/p>\n<p><iframe loading=\"lazy\" src=\"http:\/\/www.youtube.com\/embed\/2zDkDpAtHPs\" frameborder=\"0\" width=\"500\" height=\"339\"><\/iframe><\/p>\n<p>Al mat\u00ed, despr\u00e9s de mil canvis d&#8217;opini\u00f3, hem decidit anar a cala Mitjana. I com sempre, fotos acu\u00e0tiques.<\/p>\n<p><a href=\"http:\/\/www.traba.org\/trabablog\/wp-content\/uploads\/2011\/09\/IMG_1916.jpg\"><img loading=\"lazy\" decoding=\"async\" src=\"http:\/\/www.traba.org\/trabablog\/wp-content\/uploads\/2011\/09\/IMG_1916-tm.jpg\" alt=\"IMG_1916\" width=\"500\" height=\"666\" \/><\/a><\/p>\n<p>Com que no hi havia molts de peixos, han comen\u00e7at a fer poses a 4 metres sota l&#8217;aigua.<\/p>\n<p><a href=\"http:\/\/www.traba.org\/trabablog\/wp-content\/uploads\/2011\/09\/IMG_1919.jpg\"><img loading=\"lazy\" decoding=\"async\" src=\"http:\/\/www.traba.org\/trabablog\/wp-content\/uploads\/2011\/09\/IMG_1919-tm.jpg\" alt=\"IMG_1919\" width=\"500\" height=\"375\" \/><\/a> <a href=\"http:\/\/www.traba.org\/trabablog\/wp-content\/uploads\/2011\/09\/IMG_1941.jpg\"><img loading=\"lazy\" decoding=\"async\" src=\"http:\/\/www.traba.org\/trabablog\/wp-content\/uploads\/2011\/09\/IMG_1941-tm.jpg\" alt=\"IMG_1941\" width=\"500\" height=\"375\" \/><\/a> <a href=\"http:\/\/www.traba.org\/trabablog\/wp-content\/uploads\/2011\/09\/IMG_1942.jpg\"><img loading=\"lazy\" decoding=\"async\" src=\"http:\/\/www.traba.org\/trabablog\/wp-content\/uploads\/2011\/09\/IMG_1942-tm.jpg\" alt=\"IMG_1942\" width=\"500\" height=\"375\" \/><\/a> <a href=\"http:\/\/www.traba.org\/trabablog\/wp-content\/uploads\/2011\/09\/IMG_1949.jpg\"><img loading=\"lazy\" decoding=\"async\" src=\"http:\/\/www.traba.org\/trabablog\/wp-content\/uploads\/2011\/09\/IMG_1949-tm.jpg\" alt=\"IMG_1949\" width=\"500\" height=\"375\" \/><\/a> <a href=\"http:\/\/www.traba.org\/trabablog\/wp-content\/uploads\/2011\/09\/IMG_1951.jpg\"><img loading=\"lazy\" decoding=\"async\" src=\"http:\/\/www.traba.org\/trabablog\/wp-content\/uploads\/2011\/09\/IMG_1951-tm.jpg\" alt=\"IMG_1951 - Versi\u00f3n 2\" width=\"500\" height=\"375\" \/><\/a> <a href=\"http:\/\/www.traba.org\/trabablog\/wp-content\/uploads\/2011\/09\/IMG_1953.jpg\"><img loading=\"lazy\" decoding=\"async\" src=\"http:\/\/www.traba.org\/trabablog\/wp-content\/uploads\/2011\/09\/IMG_1953-tm.jpg\" alt=\"IMG_1953\" width=\"500\" height=\"375\" \/><\/a><\/p>\n<p>Un altre cop les posid\u00f2nies.<\/p>\n<p><a href=\"http:\/\/www.traba.org\/trabablog\/wp-content\/uploads\/2011\/09\/IMG_1960.jpg\"><img loading=\"lazy\" decoding=\"async\" src=\"http:\/\/www.traba.org\/trabablog\/wp-content\/uploads\/2011\/09\/IMG_1960-tm.jpg\" alt=\"IMG_1960\" width=\"500\" height=\"375\" \/><\/a><\/p>\n<p>Castells.<\/p>\n<p><a href=\"http:\/\/www.traba.org\/trabablog\/wp-content\/uploads\/2011\/09\/IMG_1967-Version-2.jpg\"><img loading=\"lazy\" decoding=\"async\" src=\"http:\/\/www.traba.org\/trabablog\/wp-content\/uploads\/2011\/09\/IMG_1967-Version-2-tm.jpg\" alt=\"IMG_1967 - Versi\u00f3n 2\" width=\"500\" height=\"666\" \/><\/a><\/p>\n<p><a href=\"http:\/\/www.traba.org\/trabablog\/wp-content\/uploads\/2011\/09\/IMG_1971.jpg\"><img loading=\"lazy\" decoding=\"async\" src=\"http:\/\/www.traba.org\/trabablog\/wp-content\/uploads\/2011\/09\/IMG_1971-tm.jpg\" alt=\"IMG_1971\" width=\"500\" height=\"375\" \/><\/a><\/p>\n<p>I salts!<\/p>\n<p>Per ser el primer, el principal el del Xavi.<\/p>\n<p><iframe loading=\"lazy\" src=\"http:\/\/www.youtube.com\/embed\/qmJWBsrIy1U\" frameborder=\"0\" width=\"500\" height=\"339\"><\/iframe><\/p>\n<p>I els miniv\u00eddeos dels salts.<\/p>\n<p><iframe loading=\"lazy\" src=\"http:\/\/www.youtube.com\/embed\/NdbagCNjD8Y\" frameborder=\"0\" width=\"250\" height=\"169\"><\/iframe><iframe loading=\"lazy\" src=\"http:\/\/www.youtube.com\/embed\/frsbetw5WL8\" frameborder=\"0\" width=\"250\" height=\"169\"><\/iframe> <iframe loading=\"lazy\" src=\"http:\/\/www.youtube.com\/embed\/yfxFoe-WMy0\" frameborder=\"0\" width=\"250\" height=\"169\"><\/iframe><iframe loading=\"lazy\" src=\"http:\/\/www.youtube.com\/embed\/6dJOo1xMRpw\" frameborder=\"0\" width=\"250\" height=\"169\"><\/iframe><\/p>\n<p>Despr\u00e9s hem anat a dinar a Sa Branca, a mateix es Migjorn. Molt menjar, qualitat est\u00e0ndard. Per\u00f2 sempre va b\u00e9 si tens un aprieto. A les 17:10 ha arribat el Dani a l&#8217;aeroport, i ens hem dirigit a Binigaus a jugar a v\u00f2lei.<\/p>\n<p><a href=\"http:\/\/www.traba.org\/trabablog\/wp-content\/uploads\/2011\/09\/CIMG1743.jpg\"><img loading=\"lazy\" decoding=\"async\" src=\"http:\/\/www.traba.org\/trabablog\/wp-content\/uploads\/2011\/09\/CIMG1743-tm.jpg\" alt=\"CIMG1743\" width=\"500\" height=\"375\" \/><\/a><\/p>\n<p>La llum espectacular.<\/p>\n<p><a href=\"http:\/\/www.traba.org\/trabablog\/wp-content\/uploads\/2011\/09\/CIMG1745.jpg\"><img loading=\"lazy\" decoding=\"async\" src=\"http:\/\/www.traba.org\/trabablog\/wp-content\/uploads\/2011\/09\/CIMG1745-tm.jpg\" alt=\"CIMG1745\" width=\"500\" height=\"375\" \/><\/a><\/p>\n<p>Per\u00f2 hem hagut de caminar 15 minuts per poder trobar un tros de platja per poder jugar.<\/p>\n<p><a href=\"http:\/\/www.traba.org\/trabablog\/wp-content\/uploads\/2011\/09\/CIMG1746.jpg\"><img loading=\"lazy\" decoding=\"async\" src=\"http:\/\/www.traba.org\/trabablog\/wp-content\/uploads\/2011\/09\/CIMG1746-tm.jpg\" alt=\"CIMG1746\" width=\"500\" height=\"375\" \/><\/a><\/p>\n<p>El Dani, com podeu veure, ja ha arribat.<\/p>\n<p><a href=\"http:\/\/www.traba.org\/trabablog\/wp-content\/uploads\/2011\/09\/CIMG1747.jpg\"><img loading=\"lazy\" decoding=\"async\" src=\"http:\/\/www.traba.org\/trabablog\/wp-content\/uploads\/2011\/09\/CIMG1747-tm.jpg\" alt=\"CIMG1747\" width=\"500\" height=\"500\" \/><\/a><\/p>\n<p>La posta de sol.<\/p>\n<p><a href=\"http:\/\/www.traba.org\/trabablog\/wp-content\/uploads\/2011\/09\/IMG_1999.jpg\"><img loading=\"lazy\" decoding=\"async\" src=\"http:\/\/www.traba.org\/trabablog\/wp-content\/uploads\/2011\/09\/IMG_1999-tm.jpg\" alt=\"IMG_1999\" width=\"500\" height=\"374\" \/><\/a> <a href=\"http:\/\/www.traba.org\/trabablog\/wp-content\/uploads\/2011\/09\/IMG_2035.jpg\"><img loading=\"lazy\" decoding=\"async\" src=\"http:\/\/www.traba.org\/trabablog\/wp-content\/uploads\/2011\/09\/IMG_2035-tm.jpg\" alt=\"IMG_2035\" width=\"500\" height=\"374\" \/><\/a><\/p>\n<p>El making off no de la posta de sol que no s\u00f3n meves. Jo encara estic experimentant amb el led painting.<\/p>\n<p><a href=\"http:\/\/www.traba.org\/trabablog\/wp-content\/uploads\/2011\/09\/CIMG1748.jpg\"><img loading=\"lazy\" decoding=\"async\" src=\"http:\/\/www.traba.org\/trabablog\/wp-content\/uploads\/2011\/09\/CIMG1748-tm.jpg\" alt=\"CIMG1748\" width=\"500\" height=\"375\" \/><\/a> <a href=\"http:\/\/www.traba.org\/trabablog\/wp-content\/uploads\/2011\/09\/CIMG1750.jpg\"><img loading=\"lazy\" decoding=\"async\" src=\"http:\/\/www.traba.org\/trabablog\/wp-content\/uploads\/2011\/09\/CIMG1750-tm.jpg\" alt=\"CIMG1750\" width=\"500\" height=\"375\" \/><\/a> <a href=\"http:\/\/www.traba.org\/trabablog\/wp-content\/uploads\/2011\/09\/IMG_2040.jpg\"><img loading=\"lazy\" decoding=\"async\" src=\"http:\/\/www.traba.org\/trabablog\/wp-content\/uploads\/2011\/09\/IMG_2040-tm.jpg\" alt=\"IMG_2040\" width=\"500\" height=\"375\" \/><\/a><\/p>\n<p>Atenci\u00f3, aquesta foto, \u00e9s la que no poden veure tots els p\u00fablics!<\/p>\n<p><a href=\"http:\/\/www.traba.org\/trabablog\/wp-content\/uploads\/2011\/09\/IMG_0972.jpg\"><img loading=\"lazy\" decoding=\"async\" src=\"http:\/\/www.traba.org\/trabablog\/wp-content\/uploads\/2011\/09\/IMG_0972-tm.jpg\" alt=\"IMG_0972\" width=\"500\" height=\"333\" \/><\/a><\/p>\n<p>Ara ja si, no hi ha res m\u00e9s.<\/p>\n<p><a href=\"http:\/\/www.traba.org\/trabablog\/wp-content\/uploads\/2011\/09\/IMG_2044.jpg\"><img loading=\"lazy\" decoding=\"async\" src=\"http:\/\/www.traba.org\/trabablog\/wp-content\/uploads\/2011\/09\/IMG_2044-tm.jpg\" alt=\"IMG_2044\" width=\"500\" height=\"375\" \/><\/a> <a href=\"http:\/\/www.traba.org\/trabablog\/wp-content\/uploads\/2011\/09\/IMG_2050.jpg\"><img loading=\"lazy\" decoding=\"async\" src=\"http:\/\/www.traba.org\/trabablog\/wp-content\/uploads\/2011\/09\/IMG_2050-tm.jpg\" alt=\"IMG_2050\" width=\"500\" height=\"375\" \/><\/a><\/p>\n<p>L&#8217;estrella del Dani.<\/p>\n<p><a href=\"http:\/\/www.traba.org\/trabablog\/wp-content\/uploads\/2011\/09\/IMG_0975.jpg\"><img loading=\"lazy\" decoding=\"async\" src=\"http:\/\/www.traba.org\/trabablog\/wp-content\/uploads\/2011\/09\/IMG_0975-tm.jpg\" alt=\"IMG_0975\" width=\"500\" height=\"333\" \/><\/a><\/p>\n<p>Experimentant amb l&#8217;aigua.<\/p>\n<p><a href=\"http:\/\/www.traba.org\/trabablog\/wp-content\/uploads\/2011\/09\/IMG_2051.jpg\"><img loading=\"lazy\" decoding=\"async\" src=\"http:\/\/www.traba.org\/trabablog\/wp-content\/uploads\/2011\/09\/IMG_2051-tm.jpg\" alt=\"IMG_2051\" width=\"500\" height=\"375\" \/><\/a><\/p>\n<p>Jo.<\/p>\n<p><a href=\"http:\/\/www.traba.org\/trabablog\/wp-content\/uploads\/2011\/09\/IMG_0977.jpg\"><img loading=\"lazy\" decoding=\"async\" src=\"http:\/\/www.traba.org\/trabablog\/wp-content\/uploads\/2011\/09\/IMG_0977-tm.jpg\" alt=\"IMG_0977\" width=\"500\" height=\"333\" \/><\/a> <a href=\"http:\/\/www.traba.org\/trabablog\/wp-content\/uploads\/2011\/09\/IMG_2062.jpg\"><img loading=\"lazy\" decoding=\"async\" src=\"http:\/\/www.traba.org\/trabablog\/wp-content\/uploads\/2011\/09\/IMG_2062-tm.jpg\" alt=\"IMG_2062\" width=\"500\" height=\"375\" \/><\/a><\/p>\n<p>Hi havia una de mosquits! Per aix\u00f2 aquestes pintes del Dani.<\/p>\n<p><a href=\"http:\/\/www.traba.org\/trabablog\/wp-content\/uploads\/2011\/09\/IMG_2072.jpg\"><img loading=\"lazy\" decoding=\"async\" src=\"http:\/\/www.traba.org\/trabablog\/wp-content\/uploads\/2011\/09\/IMG_2072-tm.jpg\" alt=\"IMG_2072\" width=\"500\" height=\"666\" \/><\/a><\/p>\n<p>I aix\u00f2 \u00e9s la part de darrere del meu cotxe, un clio de 3 portes. Van tocant cuixa!<\/p>\n<p><a href=\"http:\/\/www.traba.org\/trabablog\/wp-content\/uploads\/2011\/09\/CIMG1755.jpg\"><img loading=\"lazy\" decoding=\"async\" src=\"http:\/\/www.traba.org\/trabablog\/wp-content\/uploads\/2011\/09\/CIMG1755-tm.jpg\" alt=\"CIMG1755\" width=\"500\" height=\"375\" \/><\/a><\/p>\n<p>I despr\u00e9s de la platja, a jugar a la piscina.<\/p>\n<p><a href=\"http:\/\/www.traba.org\/trabablog\/wp-content\/uploads\/2011\/09\/DSCF0965.jpg\"><img loading=\"lazy\" decoding=\"async\" src=\"http:\/\/www.traba.org\/trabablog\/wp-content\/uploads\/2011\/09\/DSCF0965-tm.jpg\" alt=\"DSCF0965\" width=\"500\" height=\"332\" \/><\/a><\/p>\n<p>Atenci\u00f3 al remate de l&#8217;Edu.<\/p>\n<p><a href=\"http:\/\/www.traba.org\/trabablog\/wp-content\/uploads\/2011\/09\/DSCF0971.jpg\"><img loading=\"lazy\" decoding=\"async\" src=\"http:\/\/www.traba.org\/trabablog\/wp-content\/uploads\/2011\/09\/DSCF0971-tm.jpg\" alt=\"DSCF0971\" width=\"500\" height=\"332\" \/><\/a><\/p>\n<p>I ara, fotos a sota la piscina. Dani fetal.<\/p>\n<p><a href=\"http:\/\/www.traba.org\/trabablog\/wp-content\/uploads\/2011\/09\/IMG_2078.jpg\"><img loading=\"lazy\" decoding=\"async\" src=\"http:\/\/www.traba.org\/trabablog\/wp-content\/uploads\/2011\/09\/IMG_2078-tm.jpg\" alt=\"IMG_2078\" width=\"500\" height=\"666\" \/><\/a><\/p>\n<p>Seems very dead.<\/p>\n<p><a href=\"http:\/\/www.traba.org\/trabablog\/wp-content\/uploads\/2011\/09\/IMG_2081.jpg\"><img loading=\"lazy\" decoding=\"async\" src=\"http:\/\/www.traba.org\/trabablog\/wp-content\/uploads\/2011\/09\/IMG_2081-tm.jpg\" alt=\"IMG_2081\" width=\"500\" height=\"666\" \/><\/a><\/p>\n<p>Contrallum pelut.<\/p>\n<p><a href=\"http:\/\/www.traba.org\/trabablog\/wp-content\/uploads\/2011\/09\/IMG_2087.jpg\"><img loading=\"lazy\" decoding=\"async\" src=\"http:\/\/www.traba.org\/trabablog\/wp-content\/uploads\/2011\/09\/IMG_2087-tm.jpg\" alt=\"IMG_2087\" width=\"500\" height=\"375\" \/><\/a><\/p>\n<p>Contrallum de perfil.<\/p>\n<p><a href=\"http:\/\/www.traba.org\/trabablog\/wp-content\/uploads\/2011\/09\/IMG_2090.jpg\"><img loading=\"lazy\" decoding=\"async\" src=\"http:\/\/www.traba.org\/trabablog\/wp-content\/uploads\/2011\/09\/IMG_2090-tm.jpg\" alt=\"IMG_2090\" width=\"500\" height=\"375\" \/><\/a><\/p>\n<p>I dem\u00e0&#8230; excursi\u00f3 de cala Mijana a Trebal\u00fajer, Fustam, Escoxada, Binigaus i dinar a Sant Tom\u00e0s. O no ^_^<\/p>\n","protected":false},"excerpt":{"rendered":"<p>El sopar d&#8217;ahir, truites de patates. I aqu\u00ed comen\u00e7a el nostre led painting experimental. Coronats. S\u00f3c una papallona. Love. PcMan. El PKT. Engaviat. Ja s\u00e9, s&#8217;ha de milorar la t\u00e8cnica&#8230;.<\/p>\n","protected":false},"author":5,"featured_media":6273,"comment_status":"open","ping_status":"closed","sticky":false,"template":"","format":"standard","meta":{"_monsterinsights_skip_tracking":false,"_monsterinsights_sitenote_active":false,"_monsterinsights_sitenote_note":"","_monsterinsights_sitenote_category":0,"footnotes":""},"categories":[81,4],"tags":[],"class_list":["post-6315","post","type-post","status-publish","format-standard","has-post-thumbnail","hentry","category-menorca-2011","category-vacances"],"_links":{"self":[{"href":"http:\/\/traba.org\/trabablog\/index.php?rest_route=\/wp\/v2\/posts\/6315","targetHints":{"allow":["GET"]}}],"collection":[{"href":"http:\/\/traba.org\/trabablog\/index.php?rest_route=\/wp\/v2\/posts"}],"about":[{"href":"http:\/\/traba.org\/trabablog\/index.php?rest_route=\/wp\/v2\/types\/post"}],"author":[{"embeddable":true,"href":"http:\/\/traba.org\/trabablog\/index.php?rest_route=\/wp\/v2\/users\/5"}],"replies":[{"embeddable":true,"href":"http:\/\/traba.org\/trabablog\/index.php?rest_route=%2Fwp%2Fv2%2Fcomments&post=6315"}],"version-history":[{"count":2,"href":"http:\/\/traba.org\/trabablog\/index.php?rest_route=\/wp\/v2\/posts\/6315\/revisions"}],"predecessor-version":[{"id":7121,"href":"http:\/\/traba.org\/trabablog\/index.php?rest_route=\/wp\/v2\/posts\/6315\/revisions\/7121"}],"wp:featuredmedia":[{"embeddable":true,"href":"http:\/\/traba.org\/trabablog\/index.php?rest_route=\/wp\/v2\/media\/6273"}],"wp:attachment":[{"href":"http:\/\/traba.org\/trabablog\/index.php?rest_route=%2Fwp%2Fv2%2Fmedia&parent=6315"}],"wp:term":[{"taxonomy":"category","embeddable":true,"href":"http:\/\/traba.org\/trabablog\/index.php?rest_route=%2Fwp%2Fv2%2Fcategories&post=6315"},{"taxonomy":"post_tag","embeddable":true,"href":"http:\/\/traba.org\/trabablog\/index.php?rest_route=%2Fwp%2Fv2%2Ftags&post=6315"}],"curies":[{"name":"wp","href":"https:\/\/api.w.org\/{rel}","templated":true}]}}