{"id":6435,"date":"2011-09-22T22:24:13","date_gmt":"2011-09-22T20:24:13","guid":{"rendered":"http:\/\/www.traba.org\/trabablog\/?p=6435"},"modified":"2011-10-02T12:24:19","modified_gmt":"2011-10-02T10:24:19","slug":"ja-no-tenim-fotos-de-peixos","status":"publish","type":"post","link":"http:\/\/traba.org\/trabablog\/?p=6435","title":{"rendered":"Ja no tenim fotos de peixos"},"content":{"rendered":"<p>Aquesta \u00e9s una rezagada del dinar d&#8217;ahir al xiringuito de sant Tom\u00e1s.<\/p>\n<p><a href=\"http:\/\/www.traba.org\/trabablog\/wp-content\/uploads\/2011\/09\/2011-09-21-16.31.46.jpg\"><img loading=\"lazy\" decoding=\"async\" src=\"http:\/\/www.traba.org\/trabablog\/wp-content\/uploads\/2011\/09\/2011-09-21-16.31.46-tm.jpg\" alt=\"2011-09-21 16.31.46\" width=\"500\" height=\"72\" \/><\/a><\/p>\n<p>I la remullada nocturna de cada dia.<\/p>\n<p><a href=\"http:\/\/www.traba.org\/trabablog\/wp-content\/uploads\/2011\/09\/IMG_1101.jpg\"><img loading=\"lazy\" decoding=\"async\" src=\"http:\/\/www.traba.org\/trabablog\/wp-content\/uploads\/2011\/09\/IMG_1101-tm.jpg\" alt=\"IMG_1101\" width=\"500\" height=\"750\" \/><\/a><\/p>\n<p>Despr\u00e9s de deixar el JM i l&#8217;Edu a l&#8217;aeroport, hem anat a cala Rafaelet. Per aix\u00f2 ja no tenim fotos de peixos.<\/p>\n<p><a href=\"http:\/\/www.traba.org\/trabablog\/wp-content\/uploads\/2011\/09\/CIMG1843.jpg\"><img loading=\"lazy\" decoding=\"async\" src=\"http:\/\/www.traba.org\/trabablog\/wp-content\/uploads\/2011\/09\/CIMG1843-tm.jpg\" alt=\"CIMG1843\" width=\"500\" height=\"375\" \/><\/a> <a href=\"http:\/\/www.traba.org\/trabablog\/wp-content\/uploads\/2011\/09\/IMG_1173.jpg\"><img loading=\"lazy\" decoding=\"async\" src=\"http:\/\/www.traba.org\/trabablog\/wp-content\/uploads\/2011\/09\/IMG_1173-tm.jpg\" alt=\"IMG_1173\" width=\"500\" height=\"750\" \/><\/a><\/p>\n<p>I despr\u00e9s a cala Pregonda.<\/p>\n<p><a href=\"http:\/\/www.traba.org\/trabablog\/wp-content\/uploads\/2011\/09\/CIMG1844.jpg\"><img loading=\"lazy\" decoding=\"async\" src=\"http:\/\/www.traba.org\/trabablog\/wp-content\/uploads\/2011\/09\/CIMG1844-tm.jpg\" alt=\"CIMG1844\" width=\"500\" height=\"375\" \/><\/a> <a href=\"http:\/\/www.traba.org\/trabablog\/wp-content\/uploads\/2011\/09\/CIMG1848.jpg\"><img loading=\"lazy\" decoding=\"async\" src=\"http:\/\/www.traba.org\/trabablog\/wp-content\/uploads\/2011\/09\/CIMG1848-tm.jpg\" alt=\"CIMG1848\" width=\"500\" height=\"375\" \/><\/a><\/p>\n<p>Hi ha tend\u00e8ncia a fer pilons amb les pedres, a Menorca.<\/p>\n<p><a href=\"http:\/\/www.traba.org\/trabablog\/wp-content\/uploads\/2011\/09\/CIMG1849.jpg\"><img loading=\"lazy\" decoding=\"async\" src=\"http:\/\/www.traba.org\/trabablog\/wp-content\/uploads\/2011\/09\/CIMG1849-tm.jpg\" alt=\"CIMG1849\" width=\"500\" height=\"375\" \/><\/a> <a href=\"http:\/\/www.traba.org\/trabablog\/wp-content\/uploads\/2011\/09\/CIMG1853.jpg\"><img loading=\"lazy\" decoding=\"async\" src=\"http:\/\/www.traba.org\/trabablog\/wp-content\/uploads\/2011\/09\/CIMG1853-tm.jpg\" alt=\"CIMG1853\" width=\"500\" height=\"375\" \/><\/a> <a href=\"http:\/\/www.traba.org\/trabablog\/wp-content\/uploads\/2011\/09\/CIMG1860.jpg\"><img loading=\"lazy\" decoding=\"async\" src=\"http:\/\/www.traba.org\/trabablog\/wp-content\/uploads\/2011\/09\/CIMG1860-tm.jpg\" alt=\"CIMG1860\" width=\"500\" height=\"375\" \/><\/a><\/p>\n<p>Roques tricolors.<\/p>\n<p><a href=\"http:\/\/www.traba.org\/trabablog\/wp-content\/uploads\/2011\/09\/IMG_1204.jpg\"><img loading=\"lazy\" decoding=\"async\" src=\"http:\/\/www.traba.org\/trabablog\/wp-content\/uploads\/2011\/09\/IMG_1204-tm.jpg\" alt=\"IMG_1204\" width=\"500\" height=\"333\" \/><\/a><\/p>\n<p>I una cala al final de Binimel\u00b7la, que no t\u00e9 nom, per\u00f2 en una web li diuen cala Llinars.<\/p>\n<p><a href=\"http:\/\/www.traba.org\/trabablog\/wp-content\/uploads\/2011\/09\/CIMG1862.jpg\"><img loading=\"lazy\" decoding=\"async\" src=\"http:\/\/www.traba.org\/trabablog\/wp-content\/uploads\/2011\/09\/CIMG1862-tm.jpg\" alt=\"CIMG1862\" width=\"500\" height=\"374\" \/><\/a><\/p>\n<p>I una altra posta de sol, sense mosquits.<\/p>\n<p><a href=\"http:\/\/www.traba.org\/trabablog\/wp-content\/uploads\/2011\/09\/IMG_1210.jpg\"><img loading=\"lazy\" decoding=\"async\" src=\"http:\/\/www.traba.org\/trabablog\/wp-content\/uploads\/2011\/09\/IMG_1210-tm.jpg\" alt=\"IMG_1210\" width=\"500\" height=\"333\" \/><\/a><\/p>\n<p>Autofoto.<\/p>\n<p><a href=\"http:\/\/www.traba.org\/trabablog\/wp-content\/uploads\/2011\/09\/CIMG1878.jpg\"><img loading=\"lazy\" decoding=\"async\" src=\"http:\/\/www.traba.org\/trabablog\/wp-content\/uploads\/2011\/09\/CIMG1878-tm.jpg\" alt=\"CIMG1878\" width=\"500\" height=\"375\" \/><\/a> <a href=\"http:\/\/www.traba.org\/trabablog\/wp-content\/uploads\/2011\/09\/IMG_1223.jpg\"><img loading=\"lazy\" decoding=\"async\" src=\"http:\/\/www.traba.org\/trabablog\/wp-content\/uploads\/2011\/09\/IMG_1223-tm.jpg\" alt=\"IMG_1223\" width=\"500\" height=\"750\" \/><\/a> <a href=\"http:\/\/www.traba.org\/trabablog\/wp-content\/uploads\/2011\/09\/IMG_1228.jpg\"><img loading=\"lazy\" decoding=\"async\" src=\"http:\/\/www.traba.org\/trabablog\/wp-content\/uploads\/2011\/09\/IMG_1228-tm.jpg\" alt=\"IMG_1228\" width=\"500\" height=\"333\" \/><\/a><\/p>\n<p>I al vespre, viedoconfer\u00e8ncia amb l&#8217;Edu.<\/p>\n<p><a href=\"http:\/\/www.traba.org\/trabablog\/wp-content\/uploads\/2011\/09\/Captura-de-pantalla-2011-09-22-a-las-21.37.30.png\"><img loading=\"lazy\" decoding=\"async\" src=\"http:\/\/www.traba.org\/trabablog\/wp-content\/uploads\/2011\/09\/Captura-de-pantalla-2011-09-22-a-las-21.37.30-tm.jpg\" alt=\"Captura de pantalla 2011-09-22 a las 21.37.30\" width=\"500\" height=\"312\" \/><\/a><\/p>\n<p>I ja, sopar amanida de pasta. Ha estat r\u00e0pid avui \ud83d\ude42<\/p>\n","protected":false},"excerpt":{"rendered":"<p>Aquesta \u00e9s una rezagada del dinar d&#8217;ahir al xiringuito de sant Tom\u00e1s. I la remullada nocturna de cada dia. Despr\u00e9s de deixar el JM i l&#8217;Edu a l&#8217;aeroport, hem anat&#8230;<\/p>\n","protected":false},"author":5,"featured_media":6411,"comment_status":"open","ping_status":"closed","sticky":false,"template":"","format":"standard","meta":{"_monsterinsights_skip_tracking":false,"_monsterinsights_sitenote_active":false,"_monsterinsights_sitenote_note":"","_monsterinsights_sitenote_category":0,"footnotes":""},"categories":[81,4],"tags":[],"class_list":["post-6435","post","type-post","status-publish","format-standard","has-post-thumbnail","hentry","category-menorca-2011","category-vacances"],"_links":{"self":[{"href":"http:\/\/traba.org\/trabablog\/index.php?rest_route=\/wp\/v2\/posts\/6435","targetHints":{"allow":["GET"]}}],"collection":[{"href":"http:\/\/traba.org\/trabablog\/index.php?rest_route=\/wp\/v2\/posts"}],"about":[{"href":"http:\/\/traba.org\/trabablog\/index.php?rest_route=\/wp\/v2\/types\/post"}],"author":[{"embeddable":true,"href":"http:\/\/traba.org\/trabablog\/index.php?rest_route=\/wp\/v2\/users\/5"}],"replies":[{"embeddable":true,"href":"http:\/\/traba.org\/trabablog\/index.php?rest_route=%2Fwp%2Fv2%2Fcomments&post=6435"}],"version-history":[{"count":1,"href":"http:\/\/traba.org\/trabablog\/index.php?rest_route=\/wp\/v2\/posts\/6435\/revisions"}],"predecessor-version":[{"id":6489,"href":"http:\/\/traba.org\/trabablog\/index.php?rest_route=\/wp\/v2\/posts\/6435\/revisions\/6489"}],"wp:featuredmedia":[{"embeddable":true,"href":"http:\/\/traba.org\/trabablog\/index.php?rest_route=\/wp\/v2\/media\/6411"}],"wp:attachment":[{"href":"http:\/\/traba.org\/trabablog\/index.php?rest_route=%2Fwp%2Fv2%2Fmedia&parent=6435"}],"wp:term":[{"taxonomy":"category","embeddable":true,"href":"http:\/\/traba.org\/trabablog\/index.php?rest_route=%2Fwp%2Fv2%2Fcategories&post=6435"},{"taxonomy":"post_tag","embeddable":true,"href":"http:\/\/traba.org\/trabablog\/index.php?rest_route=%2Fwp%2Fv2%2Ftags&post=6435"}],"curies":[{"name":"wp","href":"https:\/\/api.w.org\/{rel}","templated":true}]}}