{"id":6514,"date":"2011-10-02T14:33:34","date_gmt":"2011-10-02T12:33:34","guid":{"rendered":"http:\/\/www.traba.org\/trabablog\/?p=6514"},"modified":"2011-10-02T14:46:04","modified_gmt":"2011-10-02T12:46:04","slug":"hem-canviat-de-cara","status":"publish","type":"post","link":"http:\/\/traba.org\/trabablog\/?p=6514","title":{"rendered":"hem canviat de cara"},"content":{"rendered":"<p>Pozi. Ja estava cansada d&#8217;aquella aparen\u00e7a del trabablog. Ens hem modernitzat. Amb alguns problemes, per aix\u00f2. Aquest tema, ens agrada com queda, per\u00f2 hi ha algunes utilitats que tenia l&#8217;altre que no hi s\u00f3n, com des de un post poder veure el seg\u00fcent i l&#8217;anterior. No ho busqueu que no hi \u00e9s. Tot i aix\u00ed, l&#8217;hem instal\u00b7lat. Tamb\u00e9 hi hem afegit un nou rellotge, que anir\u00e0 canviant en funci\u00f3 de l&#8217;hora on siguem. La pega: \u00e9s flash. Ara a cada post hi ha una foto destacada, que \u00e9s la que surt a la pantalla principal. I canviar\u00e9 la resoluci\u00f3 amb qu\u00e8 penjo les fotos. Abans, penjava les fotos a 1200 amb un thumbnail de 500. Ara les penjar\u00e9 sense thumbnail a 800. Si alg\u00fa t\u00e9 alguna queixa, en parlem \ud83d\ude42<\/p>\n<p><img loading=\"lazy\" decoding=\"async\" src=\"http:\/\/www.traba.org\/trabablog\/wp-content\/uploads\/2011\/10\/Captura-de-pantalla-2011-10-02-a-las-14.31.51.png\" alt=\"Captura de pantalla 2011-10-02 a las 14.31.51\" width=\"800\" height=\"500\" \/><\/p>\n","protected":false},"excerpt":{"rendered":"<p>Pozi. Ja estava cansada d&#8217;aquella aparen\u00e7a del trabablog. Ens hem modernitzat. Amb alguns problemes, per aix\u00f2. Aquest tema, ens agrada com queda, per\u00f2 hi ha algunes utilitats que tenia l&#8217;altre&#8230;<\/p>\n","protected":false},"author":5,"featured_media":6513,"comment_status":"open","ping_status":"closed","sticky":false,"template":"","format":"standard","meta":{"_monsterinsights_skip_tracking":false,"_monsterinsights_sitenote_active":false,"_monsterinsights_sitenote_note":"","_monsterinsights_sitenote_category":0,"footnotes":""},"categories":[28],"tags":[],"class_list":["post-6514","post","type-post","status-publish","format-standard","has-post-thumbnail","hentry","category-ordinary-days"],"_links":{"self":[{"href":"http:\/\/traba.org\/trabablog\/index.php?rest_route=\/wp\/v2\/posts\/6514","targetHints":{"allow":["GET"]}}],"collection":[{"href":"http:\/\/traba.org\/trabablog\/index.php?rest_route=\/wp\/v2\/posts"}],"about":[{"href":"http:\/\/traba.org\/trabablog\/index.php?rest_route=\/wp\/v2\/types\/post"}],"author":[{"embeddable":true,"href":"http:\/\/traba.org\/trabablog\/index.php?rest_route=\/wp\/v2\/users\/5"}],"replies":[{"embeddable":true,"href":"http:\/\/traba.org\/trabablog\/index.php?rest_route=%2Fwp%2Fv2%2Fcomments&post=6514"}],"version-history":[{"count":5,"href":"http:\/\/traba.org\/trabablog\/index.php?rest_route=\/wp\/v2\/posts\/6514\/revisions"}],"predecessor-version":[{"id":6518,"href":"http:\/\/traba.org\/trabablog\/index.php?rest_route=\/wp\/v2\/posts\/6514\/revisions\/6518"}],"wp:featuredmedia":[{"embeddable":true,"href":"http:\/\/traba.org\/trabablog\/index.php?rest_route=\/wp\/v2\/media\/6513"}],"wp:attachment":[{"href":"http:\/\/traba.org\/trabablog\/index.php?rest_route=%2Fwp%2Fv2%2Fmedia&parent=6514"}],"wp:term":[{"taxonomy":"category","embeddable":true,"href":"http:\/\/traba.org\/trabablog\/index.php?rest_route=%2Fwp%2Fv2%2Fcategories&post=6514"},{"taxonomy":"post_tag","embeddable":true,"href":"http:\/\/traba.org\/trabablog\/index.php?rest_route=%2Fwp%2Fv2%2Ftags&post=6514"}],"curies":[{"name":"wp","href":"https:\/\/api.w.org\/{rel}","templated":true}]}}