{"id":6580,"date":"2011-10-08T21:50:03","date_gmt":"2011-10-08T19:50:03","guid":{"rendered":"http:\/\/www.traba.org\/trabablog\/?p=6580"},"modified":"2011-10-08T21:56:33","modified_gmt":"2011-10-08T19:56:33","slug":"a-sitges-tambe-es-xala","status":"publish","type":"post","link":"http:\/\/traba.org\/trabablog\/?p=6580","title":{"rendered":"A Sitges tamb\u00e9 es xala"},"content":{"rendered":"<p>Aquest cap de setmana, toca Sitges. Tot i que hi ha el festival de cine, no hi hem anat per aix\u00f2. Hem anat a fer una excursi\u00f3 pels voltants de Sitges, per la Creu de Sant Isidre \u00e9s per on comen\u00e7ava. Una excursi\u00f3 de 5 km.<\/p>\n<p><img loading=\"lazy\" decoding=\"async\" src=\"http:\/\/www.traba.org\/trabablog\/wp-content\/uploads\/2011\/10\/DSCF0973.jpg\" alt=\"DSCF0973\" width=\"800\" height=\"531\" \/><\/p>\n<p>Hem vist Mallorca des d&#8217;aqu\u00ed dalt.<\/p>\n<p><img loading=\"lazy\" decoding=\"async\" src=\"http:\/\/www.traba.org\/trabablog\/wp-content\/uploads\/2011\/10\/DSCF0976.jpg\" alt=\"DSCF0976\" width=\"800\" height=\"531\" \/><\/p>\n<p>I Sitges.<\/p>\n<p><img loading=\"lazy\" decoding=\"async\" src=\"http:\/\/www.traba.org\/trabablog\/wp-content\/uploads\/2011\/10\/DSCF0978.jpg\" alt=\"DSCF0978\" width=\"800\" height=\"531\" \/><\/p>\n<p>Tamb\u00e9 Sant Pere de Ribes, per\u00f2 m&#8217;he despistat i no he fet la foto.<\/p>\n<p><img loading=\"lazy\" decoding=\"async\" src=\"http:\/\/www.traba.org\/trabablog\/wp-content\/uploads\/2011\/10\/DSCF0979.jpg\" alt=\"DSCF0979\" width=\"800\" height=\"531\" \/><\/p>\n<p>I como no, el geocach\u00e9!<\/p>\n<p><img loading=\"lazy\" decoding=\"async\" src=\"http:\/\/www.traba.org\/trabablog\/wp-content\/uploads\/2011\/10\/DSCF0982.jpg\" alt=\"DSCF0982\" width=\"800\" height=\"531\" \/><\/p>\n<p>El Francesc al trono de piedra, buscant la nformaci\u00f3.<\/p>\n<p><img loading=\"lazy\" decoding=\"async\" src=\"http:\/\/www.traba.org\/trabablog\/wp-content\/uploads\/2011\/10\/DSCF0983.jpg\" alt=\"DSCF0983\" width=\"800\" height=\"531\" \/><\/p>\n<p>Buscant.<\/p>\n<p><img loading=\"lazy\" decoding=\"async\" src=\"http:\/\/www.traba.org\/trabablog\/wp-content\/uploads\/2011\/10\/DSCF0984.jpg\" alt=\"DSCF0984\" width=\"800\" height=\"1204\" \/><\/p>\n<p>Per\u00f2 no hi ha hagt sort. De totes maneres, creiem que no hi era, perqu\u00e8 no el trobaven des del juny!<\/p>\n<p><img loading=\"lazy\" decoding=\"async\" src=\"http:\/\/www.traba.org\/trabablog\/wp-content\/uploads\/2011\/10\/DSCF0985.jpg\" alt=\"DSCF0985\" width=\"800\" height=\"531\" \/><\/p>\n<p>Per\u00f2 \u00e9s igual, ens ho hem passat teta igualment pujant a arbres \ud83d\ude1b<\/p>\n<p><img loading=\"lazy\" decoding=\"async\" src=\"http:\/\/www.traba.org\/trabablog\/wp-content\/uploads\/2011\/10\/DSCF0992.jpg\" alt=\"DSCF0992\" width=\"800\" height=\"1204\" \/><\/p>\n<p>Pregunta pel Joan: aix\u00f2 creiem que \u00e9s una gla. Per\u00f2, les glans no surten dels roures? i ax\u00f2 era un arbust!<\/p>\n<p><img loading=\"lazy\" decoding=\"async\" src=\"http:\/\/www.traba.org\/trabablog\/wp-content\/uploads\/2011\/10\/DSCF0995.jpg\" alt=\"DSCF0995\" width=\"800\" height=\"531\" \/><\/p>\n<p>Ja al final de l&#8217;excursi\u00f3.<\/p>\n<p><img loading=\"lazy\" decoding=\"async\" src=\"http:\/\/www.traba.org\/trabablog\/wp-content\/uploads\/2011\/10\/DSCF0997.jpg\" alt=\"DSCF0997\" width=\"800\" height=\"531\" \/><\/p>\n<p>Passant el rato&#8230;<\/p>\n<p><img loading=\"lazy\" decoding=\"async\" src=\"http:\/\/www.traba.org\/trabablog\/wp-content\/uploads\/2011\/10\/DSCF1003.jpg\" alt=\"DSCF1003\" width=\"800\" height=\"531\" \/><\/p>\n<p>I els avions&#8230; de Reus.<\/p>\n<p><img loading=\"lazy\" decoding=\"async\" src=\"http:\/\/www.traba.org\/trabablog\/wp-content\/uploads\/2011\/10\/DSCF1005.jpg\" alt=\"DSCF1005\" width=\"800\" height=\"531\" \/><\/p>\n<p>I presentant l&#8217;Ipad als convidats.<\/p>\n<p><img loading=\"lazy\" decoding=\"async\" src=\"http:\/\/www.traba.org\/trabablog\/wp-content\/uploads\/2011\/10\/2011-10-08-18.04.45.jpg\" alt=\"2011-10-08 18.04.45\" width=\"800\" height=\"599\" \/><\/p>\n<p>Hi havia moltes onades!<\/p>\n<p><img loading=\"lazy\" decoding=\"async\" src=\"http:\/\/www.traba.org\/trabablog\/wp-content\/uploads\/2011\/10\/DSCF1012.jpg\" alt=\"DSCF1012\" width=\"800\" height=\"1204\" \/><\/p>\n<p>I gent mirant el mar&#8230;<\/p>\n<p><img loading=\"lazy\" decoding=\"async\" src=\"http:\/\/www.traba.org\/trabablog\/wp-content\/uploads\/2011\/10\/DSCF1019.jpg\" alt=\"DSCF1019\" width=\"800\" height=\"531\" \/><\/p>\n<p>Mirant els surfers&#8230;<\/p>\n<p><img loading=\"lazy\" decoding=\"async\" src=\"http:\/\/www.traba.org\/trabablog\/wp-content\/uploads\/2011\/10\/DSCF1028.jpg\" alt=\"DSCF1028\" width=\"800\" height=\"531\" \/><\/p>\n<p>I despr\u00e9s de jugar un rato al frishbie&#8230; ens ha caigut al mar.<\/p>\n<p><img loading=\"lazy\" decoding=\"async\" src=\"http:\/\/www.traba.org\/trabablog\/wp-content\/uploads\/2011\/10\/DSCF1030.jpg\" alt=\"DSCF1030\" width=\"800\" height=\"531\" \/><\/p>\n<p>I no l&#8217;hem trobat \ud83d\ude41<\/p>\n<p><img loading=\"lazy\" decoding=\"async\" src=\"http:\/\/www.traba.org\/trabablog\/wp-content\/uploads\/2011\/10\/DSCF1031.jpg\" alt=\"DSCF1031\" width=\"800\" height=\"531\" \/><\/p>\n","protected":false},"excerpt":{"rendered":"<p>Aquest cap de setmana, toca Sitges. Tot i que hi ha el festival de cine, no hi hem anat per aix\u00f2. Hem anat a fer una excursi\u00f3 pels voltants de&#8230;<\/p>\n","protected":false},"author":5,"featured_media":6563,"comment_status":"open","ping_status":"closed","sticky":false,"template":"","format":"standard","meta":{"_monsterinsights_skip_tracking":false,"_monsterinsights_sitenote_active":false,"_monsterinsights_sitenote_note":"","_monsterinsights_sitenote_category":0,"footnotes":""},"categories":[28],"tags":[40,42,89,68],"class_list":["post-6580","post","type-post","status-publish","format-standard","has-post-thumbnail","hentry","category-ordinary-days","tag-geocaching","tag-platja","tag-sitges","tag-wikiloc"],"_links":{"self":[{"href":"http:\/\/traba.org\/trabablog\/index.php?rest_route=\/wp\/v2\/posts\/6580","targetHints":{"allow":["GET"]}}],"collection":[{"href":"http:\/\/traba.org\/trabablog\/index.php?rest_route=\/wp\/v2\/posts"}],"about":[{"href":"http:\/\/traba.org\/trabablog\/index.php?rest_route=\/wp\/v2\/types\/post"}],"author":[{"embeddable":true,"href":"http:\/\/traba.org\/trabablog\/index.php?rest_route=\/wp\/v2\/users\/5"}],"replies":[{"embeddable":true,"href":"http:\/\/traba.org\/trabablog\/index.php?rest_route=%2Fwp%2Fv2%2Fcomments&post=6580"}],"version-history":[{"count":2,"href":"http:\/\/traba.org\/trabablog\/index.php?rest_route=\/wp\/v2\/posts\/6580\/revisions"}],"predecessor-version":[{"id":6582,"href":"http:\/\/traba.org\/trabablog\/index.php?rest_route=\/wp\/v2\/posts\/6580\/revisions\/6582"}],"wp:featuredmedia":[{"embeddable":true,"href":"http:\/\/traba.org\/trabablog\/index.php?rest_route=\/wp\/v2\/media\/6563"}],"wp:attachment":[{"href":"http:\/\/traba.org\/trabablog\/index.php?rest_route=%2Fwp%2Fv2%2Fmedia&parent=6580"}],"wp:term":[{"taxonomy":"category","embeddable":true,"href":"http:\/\/traba.org\/trabablog\/index.php?rest_route=%2Fwp%2Fv2%2Fcategories&post=6580"},{"taxonomy":"post_tag","embeddable":true,"href":"http:\/\/traba.org\/trabablog\/index.php?rest_route=%2Fwp%2Fv2%2Ftags&post=6580"}],"curies":[{"name":"wp","href":"https:\/\/api.w.org\/{rel}","templated":true}]}}