{"id":6871,"date":"2011-12-11T18:25:11","date_gmt":"2011-12-11T17:25:11","guid":{"rendered":"http:\/\/www.traba.org\/trabablog\/?p=6871"},"modified":"2011-12-11T18:27:26","modified_gmt":"2011-12-11T17:27:26","slug":"la-primera-vegada-que-pujo-al-tibidabo-a-peu","status":"publish","type":"post","link":"http:\/\/traba.org\/trabablog\/?p=6871","title":{"rendered":"la primera vegada que pujo al tibidabo a peu"},"content":{"rendered":"<p>A les 10 hem quedat a les 10 a la parada de Penitents, per\u00f2 primer hem anat a prendre un caf\u00e8 al <a href=\"http:\/\/es-es.facebook.com\/pages\/Chiffon-Cafe\/218298591539594\" target=\"_blank\">Chiffon Caf\u00e8<\/a> un lloc on alg\u00fan cop hav\u00edem anat mentre est\u00e0vem a l&#8217;\u00e0mbit que feien menjars preparats. Molt amable el noi.<\/p>\n<p>I primer geocach\u00e9 del dia: <a href=\"http:\/\/www.geocaching.com\/seek\/cache_details.aspx?wp=GCRB54\" target=\"_blank\">la font del rac\u00f3<\/a>. Easy \ud83d\ude42<\/p>\n<p><img loading=\"lazy\" decoding=\"async\" src=\"http:\/\/www.traba.org\/trabablog\/wp-content\/uploads\/2011\/12\/IMG_6392.jpg\" alt=\"IMG_6392\" width=\"800\" height=\"533\" \/><\/p>\n<p>El Xavi menjant coses del bosc.<\/p>\n<p><img loading=\"lazy\" decoding=\"async\" src=\"http:\/\/www.traba.org\/trabablog\/wp-content\/uploads\/2011\/12\/IMG_6395.jpg\" alt=\"IMG_6395\" width=\"800\" height=\"533\" \/><\/p>\n<p>Esperem que sigui alguna cosa coneguda&#8230;<\/p>\n<p><img loading=\"lazy\" decoding=\"async\" src=\"http:\/\/www.traba.org\/trabablog\/wp-content\/uploads\/2011\/12\/IMG_6396.jpg\" alt=\"IMG_6396\" width=\"800\" height=\"533\" \/><\/p>\n<p>I ja a dalt del Tibidabo, la nova moda: posar candaus amb inscripcions tipus: te quiero.<\/p>\n<p><img loading=\"lazy\" decoding=\"async\" src=\"http:\/\/www.traba.org\/trabablog\/wp-content\/uploads\/2011\/12\/IMG_6402.jpg\" alt=\"IMG_6402\" width=\"800\" height=\"533\" \/> <img loading=\"lazy\" decoding=\"async\" src=\"http:\/\/www.traba.org\/trabablog\/wp-content\/uploads\/2011\/12\/IMG_6406.jpg\" alt=\"IMG_6406\" width=\"800\" height=\"533\" \/><\/p>\n<p>Avui Barcelona estava turbia.<\/p>\n<p><img loading=\"lazy\" decoding=\"async\" src=\"http:\/\/www.traba.org\/trabablog\/wp-content\/uploads\/2011\/12\/IMG_6410.jpg\" alt=\"IMG_6410\" width=\"800\" height=\"533\" \/><\/p>\n<p>L&#8217;observatori Fabra.<\/p>\n<p><img loading=\"lazy\" decoding=\"async\" src=\"http:\/\/www.traba.org\/trabablog\/wp-content\/uploads\/2011\/12\/IMG_6412.jpg\" alt=\"IMG_6412\" width=\"800\" height=\"533\" \/><\/p>\n<p>Jo amb la meva nova corretja per la c\u00e0mara que no es penja del coll. Va molt b\u00e9. Gr\u00e0cies a l&#8217;Erik Kim!<\/p>\n<p><img loading=\"lazy\" decoding=\"async\" src=\"http:\/\/www.traba.org\/trabablog\/wp-content\/uploads\/2011\/12\/2011-12-11-12.15.32.jpg\" alt=\"2011-12-11 12.15.32\" width=\"800\" height=\"1066\" \/><\/p>\n<p>El segon geocach\u00e9 del dia, <a href=\"http:\/\/www.geocaching.com\/seek\/cache_details.aspx?wp=GC1EW21\" target=\"_blank\">vistes a la torre<\/a>. Aquest tamb\u00e9 l&#8217;ha trobat el Xavi i en menys de 10 segons.<\/p>\n<p><img loading=\"lazy\" decoding=\"async\" src=\"http:\/\/www.traba.org\/trabablog\/wp-content\/uploads\/2011\/12\/IMG_6423.jpg\" alt=\"IMG_6423\" width=\"800\" height=\"1200\" \/> <img loading=\"lazy\" decoding=\"async\" src=\"http:\/\/www.traba.org\/trabablog\/wp-content\/uploads\/2011\/12\/IMG_6424.jpg\" alt=\"IMG_6424\" width=\"800\" height=\"1200\" \/><\/p>\n<p>La torre de Collserola en HDR. Val 5 euros pujar-hi. No hi hem pujat, per\u00f2 potser algun dia hi pugem.<\/p>\n<p><img loading=\"lazy\" decoding=\"async\" src=\"http:\/\/www.traba.org\/trabablog\/wp-content\/uploads\/2011\/12\/hdr_00077_1.jpg\" alt=\"hdr_00077_1\" width=\"800\" height=\"1064\" \/><\/p>\n<p>I es veia Montserrat des de sota de la torre.<\/p>\n<p><img loading=\"lazy\" decoding=\"async\" src=\"http:\/\/www.traba.org\/trabablog\/wp-content\/uploads\/2011\/12\/IMG_6430.jpg\" alt=\"IMG_6430\" width=\"800\" height=\"533\" \/><\/p>\n<p>El <a href=\"http:\/\/g.co\/maps\/amvz8\" target=\"_blank\">carrer de les escales de la font del Mont<\/a>.<\/p>\n<p><img loading=\"lazy\" decoding=\"async\" src=\"http:\/\/www.traba.org\/trabablog\/wp-content\/uploads\/2011\/12\/IMG_6432.jpg\" alt=\"IMG_6432\" width=\"800\" height=\"1200\" \/><\/p>\n<p>I dem\u00e0, a treballar&#8230;<\/p>\n","protected":false},"excerpt":{"rendered":"<p>A les 10 hem quedat a les 10 a la parada de Penitents, per\u00f2 primer hem anat a prendre un caf\u00e8 al Chiffon Caf\u00e8 un lloc on alg\u00fan cop hav\u00edem&#8230;<\/p>\n","protected":false},"author":5,"featured_media":6858,"comment_status":"open","ping_status":"closed","sticky":false,"template":"","format":"standard","meta":{"_monsterinsights_skip_tracking":false,"_monsterinsights_sitenote_active":false,"_monsterinsights_sitenote_note":"","_monsterinsights_sitenote_category":0,"footnotes":""},"categories":[28],"tags":[62,40,68],"class_list":["post-6871","post","type-post","status-publish","format-standard","has-post-thumbnail","hentry","category-ordinary-days","tag-barcelona","tag-geocaching","tag-wikiloc"],"_links":{"self":[{"href":"http:\/\/traba.org\/trabablog\/index.php?rest_route=\/wp\/v2\/posts\/6871","targetHints":{"allow":["GET"]}}],"collection":[{"href":"http:\/\/traba.org\/trabablog\/index.php?rest_route=\/wp\/v2\/posts"}],"about":[{"href":"http:\/\/traba.org\/trabablog\/index.php?rest_route=\/wp\/v2\/types\/post"}],"author":[{"embeddable":true,"href":"http:\/\/traba.org\/trabablog\/index.php?rest_route=\/wp\/v2\/users\/5"}],"replies":[{"embeddable":true,"href":"http:\/\/traba.org\/trabablog\/index.php?rest_route=%2Fwp%2Fv2%2Fcomments&post=6871"}],"version-history":[{"count":2,"href":"http:\/\/traba.org\/trabablog\/index.php?rest_route=\/wp\/v2\/posts\/6871\/revisions"}],"predecessor-version":[{"id":6872,"href":"http:\/\/traba.org\/trabablog\/index.php?rest_route=\/wp\/v2\/posts\/6871\/revisions\/6872"}],"wp:featuredmedia":[{"embeddable":true,"href":"http:\/\/traba.org\/trabablog\/index.php?rest_route=\/wp\/v2\/media\/6858"}],"wp:attachment":[{"href":"http:\/\/traba.org\/trabablog\/index.php?rest_route=%2Fwp%2Fv2%2Fmedia&parent=6871"}],"wp:term":[{"taxonomy":"category","embeddable":true,"href":"http:\/\/traba.org\/trabablog\/index.php?rest_route=%2Fwp%2Fv2%2Fcategories&post=6871"},{"taxonomy":"post_tag","embeddable":true,"href":"http:\/\/traba.org\/trabablog\/index.php?rest_route=%2Fwp%2Fv2%2Ftags&post=6871"}],"curies":[{"name":"wp","href":"https:\/\/api.w.org\/{rel}","templated":true}]}}