{"id":6962,"date":"2012-04-07T08:53:24","date_gmt":"2012-04-07T07:53:24","guid":{"rendered":"http:\/\/www.traba.org\/trabablog\/?p=6962"},"modified":"2012-04-07T09:00:39","modified_gmt":"2012-04-07T08:00:39","slug":"ciutat-vella","status":"publish","type":"post","link":"http:\/\/traba.org\/trabablog\/?p=6962","title":{"rendered":"ciutat vella"},"content":{"rendered":"<p>carrer carabassa.<\/p>\n<p><img loading=\"lazy\" decoding=\"async\" src=\"http:\/\/www.traba.org\/trabablog\/wp-content\/uploads\/2012\/04\/DSCF1556.jpg\" alt=\"DSCF1556\" width=\"800\" height=\"531\" \/><\/p>\n<p>carrer d&#8217;en serra.<\/p>\n<p><img loading=\"lazy\" decoding=\"async\" src=\"http:\/\/www.traba.org\/trabablog\/wp-content\/uploads\/2012\/04\/DSCF1559.jpg\" alt=\"DSCF1559\" width=\"800\" height=\"531\" \/><\/p>\n<p>casa paco, al carrer de l&#8217;allada vermell.<\/p>\n<p><img loading=\"lazy\" decoding=\"async\" src=\"http:\/\/www.traba.org\/trabablog\/wp-content\/uploads\/2012\/04\/DSCF1563.jpg\" alt=\"DSCF1563\" width=\"800\" height=\"531\" \/><\/p>\n<p>carrer carders i al fons, el forat de la vergonya.<\/p>\n<p><img loading=\"lazy\" decoding=\"async\" src=\"http:\/\/www.traba.org\/trabablog\/wp-content\/uploads\/2012\/04\/DSCF1564.jpg\" alt=\"DSCF1564\" width=\"800\" height=\"531\" \/><\/p>\n<p>carrer gombau.<\/p>\n<p><img loading=\"lazy\" decoding=\"async\" src=\"http:\/\/www.traba.org\/trabablog\/wp-content\/uploads\/2012\/04\/DSCF1565.jpg\" alt=\"DSCF1565\" width=\"800\" height=\"531\" \/><\/p>\n<p>ia no ta.<\/p>\n<p><img loading=\"lazy\" decoding=\"async\" src=\"http:\/\/www.traba.org\/trabablog\/wp-content\/uploads\/2012\/04\/DSCF1570.jpg\" alt=\"DSCF1570\" width=\"800\" height=\"531\" \/><\/p>\n<p>i per la pla\u00e7a de la catedral ens vam trobar amb tota aquesta gentada portant caixes pesades amb verges i creus a sobre&#8230;<\/p>\n<p><img loading=\"lazy\" decoding=\"async\" src=\"http:\/\/www.traba.org\/trabablog\/wp-content\/uploads\/2012\/04\/DSCF1574.jpg\" alt=\"DSCF1574\" width=\"800\" height=\"531\" \/><\/p>\n<p>creepy&#8230;. creepy&#8230;<\/p>\n<p><img loading=\"lazy\" decoding=\"async\" src=\"http:\/\/www.traba.org\/trabablog\/wp-content\/uploads\/2012\/04\/DSCF1582.jpg\" alt=\"DSCF1582\" width=\"800\" height=\"531\" \/><\/p>\n<p>aix\u00f2 s\u00ed, no hi havia casi ning\u00fa a la porta de la catedral.<\/p>\n<p><img loading=\"lazy\" decoding=\"async\" src=\"http:\/\/www.traba.org\/trabablog\/wp-content\/uploads\/2012\/04\/DSCF1575.jpg\" alt=\"DSCF1575\" width=\"800\" height=\"531\" \/><\/p>\n<p>museu frederic mar\u00e9s.<\/p>\n<p><img loading=\"lazy\" decoding=\"async\" src=\"http:\/\/www.traba.org\/trabablog\/wp-content\/uploads\/2012\/04\/DSCF1584.jpg\" alt=\"DSCF1584\" width=\"800\" height=\"531\" \/> <img loading=\"lazy\" decoding=\"async\" src=\"http:\/\/www.traba.org\/trabablog\/wp-content\/uploads\/2012\/04\/DSCF1587.jpg\" alt=\"DSCF1587\" width=\"800\" height=\"531\" \/><\/p>\n<p>la pla\u00e7a del rei.<\/p>\n<p><img loading=\"lazy\" decoding=\"async\" src=\"http:\/\/www.traba.org\/trabablog\/wp-content\/uploads\/2012\/04\/DSCF1589.jpg\" alt=\"DSCF1589\" width=\"800\" height=\"1204\" \/> <img loading=\"lazy\" decoding=\"async\" src=\"http:\/\/www.traba.org\/trabablog\/wp-content\/uploads\/2012\/04\/DSCF1590.jpg\" alt=\"DSCF1590\" width=\"800\" height=\"531\" \/><\/p>\n<p>capella de santa \u00e0gata del palau reial major.<\/p>\n<p><img loading=\"lazy\" decoding=\"async\" src=\"http:\/\/www.traba.org\/trabablog\/wp-content\/uploads\/2012\/04\/DSCF1593.jpg\" alt=\"DSCF1593\" width=\"800\" height=\"522\" \/> <img loading=\"lazy\" decoding=\"async\" src=\"http:\/\/www.traba.org\/trabablog\/wp-content\/uploads\/2012\/04\/DSCF1594.jpg\" alt=\"DSCF1594\" width=\"800\" height=\"531\" \/> <img loading=\"lazy\" decoding=\"async\" src=\"http:\/\/www.traba.org\/trabablog\/wp-content\/uploads\/2012\/04\/DSCF1596.jpg\" alt=\"DSCF1596\" width=\"800\" height=\"531\" \/><\/p>\n<p>darrere la catedral, al carrer de la pietat.<\/p>\n<p><img loading=\"lazy\" decoding=\"async\" src=\"http:\/\/www.traba.org\/trabablog\/wp-content\/uploads\/2012\/04\/DSCF1598.jpg\" alt=\"DSCF1598\" width=\"800\" height=\"531\" \/> <img loading=\"lazy\" decoding=\"async\" src=\"http:\/\/www.traba.org\/trabablog\/wp-content\/uploads\/2012\/04\/DSCF1600.jpg\" alt=\"DSCF1600\" width=\"800\" height=\"531\" \/><\/p>\n<p>la pla\u00e7a del carrer del bisbe.<\/p>\n<p><img loading=\"lazy\" decoding=\"async\" src=\"http:\/\/www.traba.org\/trabablog\/wp-content\/uploads\/2012\/04\/DSCF1603.jpg\" alt=\"DSCF1603\" width=\"800\" height=\"531\" \/><\/p>\n<p>carrer montjuich del bisbe.<\/p>\n<p><img loading=\"lazy\" decoding=\"async\" src=\"http:\/\/www.traba.org\/trabablog\/wp-content\/uploads\/2012\/04\/DSCF1605.jpg\" alt=\"DSCF1605\" width=\"800\" height=\"531\" \/><\/p>\n<p><img loading=\"lazy\" decoding=\"async\" src=\"http:\/\/www.traba.org\/trabablog\/wp-content\/uploads\/2012\/04\/DSCF1608.jpg\" alt=\"DSCF1608\" width=\"800\" height=\"531\" \/><\/p>\n<p>pla\u00e7a sant felip neri.<\/p>\n<p><img loading=\"lazy\" decoding=\"async\" src=\"http:\/\/www.traba.org\/trabablog\/wp-content\/uploads\/2012\/04\/DSCF1609.jpg\" alt=\"DSCF1609\" width=\"800\" height=\"531\" \/> <img loading=\"lazy\" decoding=\"async\" src=\"http:\/\/www.traba.org\/trabablog\/wp-content\/uploads\/2012\/04\/DSCF1611.jpg\" alt=\"DSCF1611\" width=\"800\" height=\"531\" \/><\/p>\n<p>pel call.<\/p>\n<p><img loading=\"lazy\" decoding=\"async\" src=\"http:\/\/www.traba.org\/trabablog\/wp-content\/uploads\/2012\/04\/DSCF1614.jpg\" alt=\"DSCF1614\" width=\"800\" height=\"531\" \/> <img loading=\"lazy\" decoding=\"async\" src=\"http:\/\/www.traba.org\/trabablog\/wp-content\/uploads\/2012\/04\/DSCF1616.jpg\" alt=\"DSCF1616\" width=\"800\" height=\"531\" \/><\/p>\n<p>i a casa. zoom in&#8230;<\/p>\n<p><img loading=\"lazy\" decoding=\"async\" src=\"http:\/\/www.traba.org\/trabablog\/wp-content\/uploads\/2012\/04\/DSCF1617.jpg\" alt=\"DSCF1617\" width=\"800\" height=\"531\" \/><\/p>\n<p>zoom out, 3 passes m\u00e9s enrere \ud83d\ude1b<\/p>\n<p><img loading=\"lazy\" decoding=\"async\" src=\"http:\/\/www.traba.org\/trabablog\/wp-content\/uploads\/2012\/04\/DSCF1618.jpg\" alt=\"DSCF1618\" width=\"800\" height=\"531\" \/><\/p>\n","protected":false},"excerpt":{"rendered":"<p>carrer carabassa. carrer d&#8217;en serra. casa paco, al carrer de l&#8217;allada vermell. carrer carders i al fons, el forat de la vergonya. carrer gombau. ia no ta. i per la&#8230;<\/p>\n","protected":false},"author":5,"featured_media":6953,"comment_status":"open","ping_status":"closed","sticky":false,"template":"","format":"standard","meta":{"_monsterinsights_skip_tracking":false,"_monsterinsights_sitenote_active":false,"_monsterinsights_sitenote_note":"","_monsterinsights_sitenote_category":0,"footnotes":""},"categories":[28],"tags":[62,80],"class_list":["post-6962","post","type-post","status-publish","format-standard","has-post-thumbnail","hentry","category-ordinary-days","tag-barcelona","tag-primavera"],"_links":{"self":[{"href":"http:\/\/traba.org\/trabablog\/index.php?rest_route=\/wp\/v2\/posts\/6962","targetHints":{"allow":["GET"]}}],"collection":[{"href":"http:\/\/traba.org\/trabablog\/index.php?rest_route=\/wp\/v2\/posts"}],"about":[{"href":"http:\/\/traba.org\/trabablog\/index.php?rest_route=\/wp\/v2\/types\/post"}],"author":[{"embeddable":true,"href":"http:\/\/traba.org\/trabablog\/index.php?rest_route=\/wp\/v2\/users\/5"}],"replies":[{"embeddable":true,"href":"http:\/\/traba.org\/trabablog\/index.php?rest_route=%2Fwp%2Fv2%2Fcomments&post=6962"}],"version-history":[{"count":2,"href":"http:\/\/traba.org\/trabablog\/index.php?rest_route=\/wp\/v2\/posts\/6962\/revisions"}],"predecessor-version":[{"id":6965,"href":"http:\/\/traba.org\/trabablog\/index.php?rest_route=\/wp\/v2\/posts\/6962\/revisions\/6965"}],"wp:featuredmedia":[{"embeddable":true,"href":"http:\/\/traba.org\/trabablog\/index.php?rest_route=\/wp\/v2\/media\/6953"}],"wp:attachment":[{"href":"http:\/\/traba.org\/trabablog\/index.php?rest_route=%2Fwp%2Fv2%2Fmedia&parent=6962"}],"wp:term":[{"taxonomy":"category","embeddable":true,"href":"http:\/\/traba.org\/trabablog\/index.php?rest_route=%2Fwp%2Fv2%2Fcategories&post=6962"},{"taxonomy":"post_tag","embeddable":true,"href":"http:\/\/traba.org\/trabablog\/index.php?rest_route=%2Fwp%2Fv2%2Ftags&post=6962"}],"curies":[{"name":"wp","href":"https:\/\/api.w.org\/{rel}","templated":true}]}}