{"id":7038,"date":"2012-04-30T23:19:29","date_gmt":"2012-04-30T21:19:29","guid":{"rendered":"http:\/\/www.traba.org\/trabablog\/?p=7038"},"modified":"2012-04-30T23:28:20","modified_gmt":"2012-04-30T21:28:20","slug":"una-palabra-mai-mes","status":"publish","type":"post","link":"http:\/\/traba.org\/trabablog\/?p=7038","title":{"rendered":"una palabra: mai m\u00e9s!"},"content":{"rendered":"<p>pel mat\u00ed a formells.<\/p>\n<p><img loading=\"lazy\" decoding=\"async\" src=\"http:\/\/www.traba.org\/trabablog\/wp-content\/uploads\/2012\/04\/IMG_6829.jpg\" alt=\"IMG_6829\" width=\"800\" height=\"533\" \/><\/p>\n<p>buscant el geocach\u00e9 de castell que no s&#8217;hi podia arribar&#8230;<\/p>\n<p><img loading=\"lazy\" decoding=\"async\" src=\"http:\/\/www.traba.org\/trabablog\/wp-content\/uploads\/2012\/04\/IMG_6831.jpg\" alt=\"IMG_6831\" width=\"800\" height=\"533\" \/><\/p>\n<p>i cap a dinar.<\/p>\n<p><img loading=\"lazy\" decoding=\"async\" src=\"http:\/\/www.traba.org\/trabablog\/wp-content\/uploads\/2012\/04\/IMG_6844.jpg\" alt=\"IMG_6844\" width=\"800\" height=\"533\" \/><\/p>\n<p>l&#8217;esparreg de fornells.<\/p>\n<p><img loading=\"lazy\" decoding=\"async\" src=\"http:\/\/www.traba.org\/trabablog\/wp-content\/uploads\/2012\/04\/IMG_6848.jpg\" alt=\"IMG_6848\" width=\"800\" height=\"1200\" \/><\/p>\n<p><img loading=\"lazy\" decoding=\"async\" src=\"http:\/\/www.traba.org\/trabablog\/wp-content\/uploads\/2012\/04\/IMG_4418.jpg\" alt=\"IMG_4418\" width=\"800\" height=\"533\" \/><\/p>\n<p>i hem anat a dinar al <a href=\"http:\/\/www.tripadvisor.es\/Restaurant_Review-g666974-d1000548-Reviews-Cafe_del_Nord-Fornells_Minorca_Balearic_Islands.html\" target=\"_blank\">caf\u00e8 del nord<\/a>, recomanable. hi ha men\u00fa degustaci\u00f3 per 35, men\u00fa normal per 14 que et quedes molt tip, i despr\u00e9s arrossos prou bons. per 20 euros per cap ens hem quedat com uns senyors.<\/p>\n<p><img loading=\"lazy\" decoding=\"async\" src=\"http:\/\/www.traba.org\/trabablog\/wp-content\/uploads\/2012\/04\/IMG_4436.jpg\" alt=\"IMG_4436\" width=\"800\" height=\"533\" \/><\/p>\n<p>despr\u00e9s del dinar, ens hem dividit. el leo, la luza, el francesc i jo hem anat a passejar pel cam\u00ed de cavalls des de binimela fins a unes vistes de caballeria.<\/p>\n<p><img loading=\"lazy\" decoding=\"async\" src=\"http:\/\/www.traba.org\/trabablog\/wp-content\/uploads\/2012\/04\/IMG_6870.jpg\" alt=\"IMG_6870\" width=\"800\" height=\"533\" \/><\/p>\n<p>mentre la resta han anat a muntar a cavall.<\/p>\n<p><img loading=\"lazy\" decoding=\"async\" src=\"http:\/\/www.traba.org\/trabablog\/wp-content\/uploads\/2012\/04\/IMG_2785.jpg\" alt=\"IMG_2785\" width=\"800\" height=\"1071\" \/> <img loading=\"lazy\" decoding=\"async\" src=\"http:\/\/www.traba.org\/trabablog\/wp-content\/uploads\/2012\/04\/IMG_2788.jpg\" alt=\"IMG_2788\" width=\"800\" height=\"1071\" \/> <img loading=\"lazy\" decoding=\"async\" src=\"http:\/\/www.traba.org\/trabablog\/wp-content\/uploads\/2012\/04\/2012-04-30-18.40.18.jpg\" alt=\"2012-04-30 18.40.18\" width=\"800\" height=\"1066\" \/><\/p>\n<p>i a dormir d&#8217;hora&#8230; que estan tots cansats!<\/p>\n<p>m\u00e9s fotos al <a href=\"https:\/\/plus.google.com\/u\/0\/photos\/109081245119501541090\/albums\/5736171209102438689\" target=\"_blank\">google+<\/a>.<\/p>\n","protected":false},"excerpt":{"rendered":"<p>pel mat\u00ed a formells. buscant el geocach\u00e9 de castell que no s&#8217;hi podia arribar&#8230; i cap a dinar. l&#8217;esparreg de fornells. i hem anat a dinar al caf\u00e8 del nord,&#8230;<\/p>\n","protected":false},"author":5,"featured_media":7030,"comment_status":"open","ping_status":"closed","sticky":false,"template":"","format":"standard","meta":{"_monsterinsights_skip_tracking":false,"_monsterinsights_sitenote_active":false,"_monsterinsights_sitenote_note":"","_monsterinsights_sitenote_category":0,"footnotes":""},"categories":[99,4],"tags":[],"class_list":["post-7038","post","type-post","status-publish","format-standard","has-post-thumbnail","hentry","category-menorca-2012","category-vacances"],"_links":{"self":[{"href":"http:\/\/traba.org\/trabablog\/index.php?rest_route=\/wp\/v2\/posts\/7038","targetHints":{"allow":["GET"]}}],"collection":[{"href":"http:\/\/traba.org\/trabablog\/index.php?rest_route=\/wp\/v2\/posts"}],"about":[{"href":"http:\/\/traba.org\/trabablog\/index.php?rest_route=\/wp\/v2\/types\/post"}],"author":[{"embeddable":true,"href":"http:\/\/traba.org\/trabablog\/index.php?rest_route=\/wp\/v2\/users\/5"}],"replies":[{"embeddable":true,"href":"http:\/\/traba.org\/trabablog\/index.php?rest_route=%2Fwp%2Fv2%2Fcomments&post=7038"}],"version-history":[{"count":2,"href":"http:\/\/traba.org\/trabablog\/index.php?rest_route=\/wp\/v2\/posts\/7038\/revisions"}],"predecessor-version":[{"id":7040,"href":"http:\/\/traba.org\/trabablog\/index.php?rest_route=\/wp\/v2\/posts\/7038\/revisions\/7040"}],"wp:featuredmedia":[{"embeddable":true,"href":"http:\/\/traba.org\/trabablog\/index.php?rest_route=\/wp\/v2\/media\/7030"}],"wp:attachment":[{"href":"http:\/\/traba.org\/trabablog\/index.php?rest_route=%2Fwp%2Fv2%2Fmedia&parent=7038"}],"wp:term":[{"taxonomy":"category","embeddable":true,"href":"http:\/\/traba.org\/trabablog\/index.php?rest_route=%2Fwp%2Fv2%2Fcategories&post=7038"},{"taxonomy":"post_tag","embeddable":true,"href":"http:\/\/traba.org\/trabablog\/index.php?rest_route=%2Fwp%2Fv2%2Ftags&post=7038"}],"curies":[{"name":"wp","href":"https:\/\/api.w.org\/{rel}","templated":true}]}}