{"id":7098,"date":"2012-06-15T10:25:18","date_gmt":"2012-06-15T08:25:18","guid":{"rendered":"http:\/\/www.traba.org\/trabablog\/?p=7098"},"modified":"2012-06-15T10:30:51","modified_gmt":"2012-06-15T08:30:51","slug":"semfyc-2012-a-bilbao","status":"publish","type":"post","link":"http:\/\/traba.org\/trabablog\/?p=7098","title":{"rendered":"semFYC 2012 a Bilbao"},"content":{"rendered":"<p><strong>Dimecres 13<\/strong><\/p>\n<p>Tots van agafar un avi\u00f3 ales 8 dem mat\u00ed, i nom\u00e9s arribar ja van comen\u00e7ar amb els pinchos i les canyes pel casco viejo. El Francesc i jo vam arribar una mica m\u00e9s tard, per\u00f2 encara estaven per all\u00e0.<\/p>\n<p><img loading=\"lazy\" decoding=\"async\" src=\"http:\/\/www.traba.org\/trabablog\/wp-content\/uploads\/2012\/06\/DSCF1677.jpg\" alt=\"DSCF1677\" width=\"800\" height=\"531\" \/><\/p>\n<p>Al migdia, mentre el SISAP i un representant del SIDIAP estaven a la reuni\u00f3, nosaltres ens vam quedar fent la migdiada i llegint al sol, tirats a la gespa del parc que hi ha davant del palau de congressos.<\/p>\n<p><img loading=\"lazy\" decoding=\"async\" src=\"http:\/\/www.traba.org\/trabablog\/wp-content\/uploads\/2012\/06\/DSCF1678.jpg\" alt=\"DSCF1678\" width=\"800\" height=\"531\" \/><\/p>\n<p>I a agafar la documentaci\u00f3 del congr\u00e9s. Ens vam quedar a la xerrada inaugural, <a href=\"http:\/\/rafabravo.wordpress.com\/2012\/06\/13\/con-uds-victor-montori-y-la-medicina-minimamente-impertinente\/\" target=\"_blank\">&#8216;medicina m\u00ednimamente impertinente&#8217; d&#8217;un tal V\u00edctor Montori<\/a>, jefe d&#8217;endocr\u00ed de la cl\u00ednica Mayo. No va estar malament. Ara si, l&#8217;acte d&#8217;inauguraci\u00f3, pse, musicas regionales per obrir-lo, pol\u00edtics dient coses extranyes, i uns cantos regionales per tancar. El millor, <a href=\"http:\/\/es.wikipedia.org\/wiki\/I%C3%B1aki_Azkuna\" target=\"_blank\">l&#8217;alcalde de Bilbao<\/a>.<\/p>\n<p><strong>Dijous 14<\/strong><\/p>\n<p>Al mat\u00ed al congr\u00e9s. No hi ha fotos perqu\u00e8 vaig estar tancada de 9:30 a 14:00 en unes sales. La primera la de comunicacions orals 1 on presentava el Miguel l&#8217;estudi de psic\u00f2tics i malaltia cardiovascular. I la segona, els p\u00f3sters 2 on jo presentava el poster de retinopatia diab\u00e8tica de l&#8217;Almu. Per la tarda ells es van quedar a la de comunicacions orals X perqu\u00e8 tenien un munt de presentacions. Entre elles la de tires reactives que va presentar el Manolo i l&#8217;ha de tornar a presentar avui perqu\u00e8 ha entrat en la de les 10 millors comunicacions del congr\u00e9s.<\/p>\n<p><img loading=\"lazy\" decoding=\"async\" src=\"http:\/\/www.traba.org\/trabablog\/wp-content\/uploads\/2012\/06\/DSCF1680.jpg\" alt=\"DSCF1680\" width=\"800\" height=\"531\" \/><\/p>\n<p>Aqu\u00ed, esperant a la resta per anar a sopar. No us enganyeu per la llum, eren ja casi les 21:00.<\/p>\n<p><img loading=\"lazy\" decoding=\"async\" src=\"http:\/\/www.traba.org\/trabablog\/wp-content\/uploads\/2012\/06\/DSCF1685.jpg\" alt=\"DSCF1685\" width=\"800\" height=\"531\" \/> <img loading=\"lazy\" decoding=\"async\" src=\"http:\/\/www.traba.org\/trabablog\/wp-content\/uploads\/2012\/06\/DSCF1686.jpg\" alt=\"DSCF1686\" width=\"800\" height=\"531\" \/><\/p>\n<p>I tots mirant la <a href=\"http:\/\/www.elmundo.es\/elmundosalud\/2012\/06\/14\/neurociencia\/1339689891.html\" target=\"_blank\">not\u00edcia del Mulndo del Dr. Elorza<\/a>. Que tamb\u00e9 ha sortit al <a href=\"http:\/\/www.deia.com\/2012\/06\/14\/sociedad\/estado\/aumenta-el-consumo-de-antidepresivos-por-culpa-de-la-crisis\" target=\"_blank\">Deia<\/a>.<\/p>\n<p><img loading=\"lazy\" decoding=\"async\" src=\"http:\/\/www.traba.org\/trabablog\/wp-content\/uploads\/2012\/06\/DSCF1691.jpg\" alt=\"DSCF1691\" width=\"800\" height=\"531\" \/><\/p>\n<p>Per fer gana pels pinchos, vam passejar per la ria, i pel localment criticat <a href=\"http:\/\/es.wikipedia.org\/wiki\/Zubizuri\" target=\"_blank\">puente de Calatrava<\/a>.<\/p>\n<p><img loading=\"lazy\" decoding=\"async\" src=\"http:\/\/www.traba.org\/trabablog\/wp-content\/uploads\/2012\/06\/DSCF1693.jpg\" alt=\"DSCF1693\" width=\"800\" height=\"1204\" \/><\/p>\n<p>A mi no em va semblar tant malament. T\u00e9 vistes al Guggenheim&#8230;<\/p>\n<p><img loading=\"lazy\" decoding=\"async\" src=\"http:\/\/www.traba.org\/trabablog\/wp-content\/uploads\/2012\/06\/DSCF1694.jpg\" alt=\"DSCF1694\" width=\"800\" height=\"531\" \/><\/p>\n<p>El qu\u00e8 si que el terra de vidre no devia ser una gran idea sobretot a Bilbao que plou un mont\u00f3n. COm que encara no ho savia, no vaig fer les fotos, per\u00f2 si mireu el terra si que est\u00e0 enmoquetat, si.<\/p>\n<p><img loading=\"lazy\" decoding=\"async\" src=\"http:\/\/www.traba.org\/trabablog\/wp-content\/uploads\/2012\/06\/DSCF1695.jpg\" alt=\"DSCF1695\" width=\"800\" height=\"531\" \/> <img loading=\"lazy\" decoding=\"async\" src=\"http:\/\/www.traba.org\/trabablog\/wp-content\/uploads\/2012\/06\/DSCF1696.jpg\" alt=\"DSCF1696\" width=\"800\" height=\"531\" \/> <img loading=\"lazy\" decoding=\"async\" src=\"http:\/\/www.traba.org\/trabablog\/wp-content\/uploads\/2012\/06\/DSCF1699.jpg\" alt=\"DSCF1699\" width=\"800\" height=\"531\" \/><\/p>\n<p>I res, aprofitant la llum de la posta de sol.<\/p>\n<p><img loading=\"lazy\" decoding=\"async\" src=\"http:\/\/www.traba.org\/trabablog\/wp-content\/uploads\/2012\/06\/DSCF1701.jpg\" alt=\"DSCF1701\" width=\"800\" height=\"531\" \/> <img loading=\"lazy\" decoding=\"async\" src=\"http:\/\/www.traba.org\/trabablog\/wp-content\/uploads\/2012\/06\/DSCF1707.jpg\" alt=\"DSCF1707\" width=\"800\" height=\"531\" \/><\/p>\n<p>Al pont que entra al casc antic.<\/p>\n<p><img loading=\"lazy\" decoding=\"async\" src=\"http:\/\/www.traba.org\/trabablog\/wp-content\/uploads\/2012\/06\/DSCF1710.jpg\" alt=\"DSCF1710\" width=\"800\" height=\"531\" \/><\/p>\n<p>La ria.<\/p>\n<p><img loading=\"lazy\" decoding=\"async\" src=\"http:\/\/www.traba.org\/trabablog\/wp-content\/uploads\/2012\/06\/DSCF1711.jpg\" alt=\"DSCF1711\" width=\"800\" height=\"531\" \/><\/p>\n<p>La <a href=\"http:\/\/es.wikipedia.org\/wiki\/Pelota_vasca\" target=\"_blank\">pilota basca<\/a>.<\/p>\n<p><img loading=\"lazy\" decoding=\"async\" src=\"http:\/\/www.traba.org\/trabablog\/wp-content\/uploads\/2012\/06\/DSCF1719.jpg\" alt=\"DSCF1719\" width=\"800\" height=\"531\" \/><\/p>\n<p>Leo&amp;Ermen amb els seus smartphones. Qu\u00e8 est\u00e0veu buscant????<\/p>\n<p><img loading=\"lazy\" decoding=\"async\" src=\"http:\/\/www.traba.org\/trabablog\/wp-content\/uploads\/2012\/06\/DSCF1720.jpg\" alt=\"DSCF1720\" width=\"800\" height=\"531\" \/><\/p>\n<p>I sopar de pinchos.<\/p>\n","protected":false},"excerpt":{"rendered":"<p>Dimecres 13 Tots van agafar un avi\u00f3 ales 8 dem mat\u00ed, i nom\u00e9s arribar ja van comen\u00e7ar amb els pinchos i les canyes pel casco viejo. El Francesc i jo&#8230;<\/p>\n","protected":false},"author":5,"featured_media":7088,"comment_status":"open","ping_status":"closed","sticky":false,"template":"","format":"standard","meta":{"_monsterinsights_skip_tracking":false,"_monsterinsights_sitenote_active":false,"_monsterinsights_sitenote_note":"","_monsterinsights_sitenote_category":0,"footnotes":""},"categories":[7],"tags":[],"class_list":["post-7098","post","type-post","status-publish","format-standard","has-post-thumbnail","hentry","category-congressos"],"_links":{"self":[{"href":"http:\/\/traba.org\/trabablog\/index.php?rest_route=\/wp\/v2\/posts\/7098","targetHints":{"allow":["GET"]}}],"collection":[{"href":"http:\/\/traba.org\/trabablog\/index.php?rest_route=\/wp\/v2\/posts"}],"about":[{"href":"http:\/\/traba.org\/trabablog\/index.php?rest_route=\/wp\/v2\/types\/post"}],"author":[{"embeddable":true,"href":"http:\/\/traba.org\/trabablog\/index.php?rest_route=\/wp\/v2\/users\/5"}],"replies":[{"embeddable":true,"href":"http:\/\/traba.org\/trabablog\/index.php?rest_route=%2Fwp%2Fv2%2Fcomments&post=7098"}],"version-history":[{"count":2,"href":"http:\/\/traba.org\/trabablog\/index.php?rest_route=\/wp\/v2\/posts\/7098\/revisions"}],"predecessor-version":[{"id":7101,"href":"http:\/\/traba.org\/trabablog\/index.php?rest_route=\/wp\/v2\/posts\/7098\/revisions\/7101"}],"wp:featuredmedia":[{"embeddable":true,"href":"http:\/\/traba.org\/trabablog\/index.php?rest_route=\/wp\/v2\/media\/7088"}],"wp:attachment":[{"href":"http:\/\/traba.org\/trabablog\/index.php?rest_route=%2Fwp%2Fv2%2Fmedia&parent=7098"}],"wp:term":[{"taxonomy":"category","embeddable":true,"href":"http:\/\/traba.org\/trabablog\/index.php?rest_route=%2Fwp%2Fv2%2Fcategories&post=7098"},{"taxonomy":"post_tag","embeddable":true,"href":"http:\/\/traba.org\/trabablog\/index.php?rest_route=%2Fwp%2Fv2%2Ftags&post=7098"}],"curies":[{"name":"wp","href":"https:\/\/api.w.org\/{rel}","templated":true}]}}