{"id":7163,"date":"2012-08-29T21:04:30","date_gmt":"2012-08-29T19:04:30","guid":{"rendered":"http:\/\/www.traba.org\/trabablog\/?p=7163"},"modified":"2012-08-29T21:06:02","modified_gmt":"2012-08-29T19:06:02","slug":"la-lola-va-a-la-dreta-de-leixample","status":"publish","type":"post","link":"http:\/\/traba.org\/trabablog\/?p=7163","title":{"rendered":"la lola va a la dreta de l&#8217;eixample"},"content":{"rendered":"<p>avui hem anat al barri de l&#8217;\u00e0via montserrat. com que li molesta el sol a la cara i ens clava les ungles, hem passat per limobeb\u00e9 a comprar un tallaungles i un parasol pel cotxet.<\/p>\n<p><img loading=\"lazy\" decoding=\"async\" src=\"http:\/\/www.traba.org\/trabablog\/wp-content\/uploads\/2012\/08\/2012-08-29-11.03.18.jpg\" alt=\"2012-08-29 11.03.18\" width=\"800\" height=\"1066\" \/><\/p>\n<p>groc, com si no. i a esmorzar <a href=\"http:\/\/www.norterestaurante.com\/\" target=\"_blank\">al norte<\/a>.<\/p>\n<p><img loading=\"lazy\" decoding=\"async\" src=\"http:\/\/www.traba.org\/trabablog\/wp-content\/uploads\/2012\/08\/2012-08-29-12.39.29.jpg\" alt=\"2012-08-29 12.39.29\" width=\"800\" height=\"1066\" \/><\/p>\n<p>gran lloc per dinar, esmorzar o fer el brunch. fan lattes, com a mi m&#8217;agrada i despr\u00e9s de la diabetes gestacional, ja tenia ganes de menjar coses dolces bones: el millor brownie que he manjat mai (jo tenia la idea que els brownies eren densos i realment no tenen per qu\u00e8 ser-ho) i les torrades de pa fregides amb oli d&#8217;oliva i mermelada de tronja, bon\u00edssimes. he de tornar-hi a esmorzar per anar seguint els dol\u00e7os de la carta \ud83d\ude00<\/p>\n<p><img loading=\"lazy\" decoding=\"async\" src=\"http:\/\/www.traba.org\/trabablog\/wp-content\/uploads\/2012\/08\/2012-08-29-11.29.27.jpg\" alt=\"2012-08-29 11.29.27\" width=\"800\" height=\"800\" \/><\/p>\n<p>i despr\u00e9s a menjar a casa l&#8217;\u00e0via amb el nou arrullo d&#8217;estrelletes grogues i a presentar-li la selva.<\/p>\n<p><img loading=\"lazy\" decoding=\"async\" src=\"http:\/\/www.traba.org\/trabablog\/wp-content\/uploads\/2012\/08\/DSCF1930.jpg\" alt=\"DSCF1930\" width=\"800\" height=\"531\" \/><\/p>\n<p>i finalment, a con\u00e8ixer els nostres carnissers de santa caterina, el david i la paqui.<\/p>\n<p><img loading=\"lazy\" decoding=\"async\" src=\"http:\/\/www.traba.org\/trabablog\/wp-content\/uploads\/2012\/08\/IMG_0149.jpg\" alt=\"IMG_0149\" width=\"800\" height=\"1066\" \/><\/p>\n","protected":false},"excerpt":{"rendered":"<p>avui hem anat al barri de l&#8217;\u00e0via montserrat. com que li molesta el sol a la cara i ens clava les ungles, hem passat per limobeb\u00e9 a comprar un tallaungles&#8230;<\/p>\n","protected":false},"author":5,"featured_media":7162,"comment_status":"open","ping_status":"closed","sticky":false,"template":"","format":"standard","meta":{"_monsterinsights_skip_tracking":false,"_monsterinsights_sitenote_active":false,"_monsterinsights_sitenote_note":"","_monsterinsights_sitenote_category":0,"footnotes":""},"categories":[28],"tags":[100],"class_list":["post-7163","post","type-post","status-publish","format-standard","has-post-thumbnail","hentry","category-ordinary-days","tag-lola"],"_links":{"self":[{"href":"http:\/\/traba.org\/trabablog\/index.php?rest_route=\/wp\/v2\/posts\/7163","targetHints":{"allow":["GET"]}}],"collection":[{"href":"http:\/\/traba.org\/trabablog\/index.php?rest_route=\/wp\/v2\/posts"}],"about":[{"href":"http:\/\/traba.org\/trabablog\/index.php?rest_route=\/wp\/v2\/types\/post"}],"author":[{"embeddable":true,"href":"http:\/\/traba.org\/trabablog\/index.php?rest_route=\/wp\/v2\/users\/5"}],"replies":[{"embeddable":true,"href":"http:\/\/traba.org\/trabablog\/index.php?rest_route=%2Fwp%2Fv2%2Fcomments&post=7163"}],"version-history":[{"count":2,"href":"http:\/\/traba.org\/trabablog\/index.php?rest_route=\/wp\/v2\/posts\/7163\/revisions"}],"predecessor-version":[{"id":7165,"href":"http:\/\/traba.org\/trabablog\/index.php?rest_route=\/wp\/v2\/posts\/7163\/revisions\/7165"}],"wp:featuredmedia":[{"embeddable":true,"href":"http:\/\/traba.org\/trabablog\/index.php?rest_route=\/wp\/v2\/media\/7162"}],"wp:attachment":[{"href":"http:\/\/traba.org\/trabablog\/index.php?rest_route=%2Fwp%2Fv2%2Fmedia&parent=7163"}],"wp:term":[{"taxonomy":"category","embeddable":true,"href":"http:\/\/traba.org\/trabablog\/index.php?rest_route=%2Fwp%2Fv2%2Fcategories&post=7163"},{"taxonomy":"post_tag","embeddable":true,"href":"http:\/\/traba.org\/trabablog\/index.php?rest_route=%2Fwp%2Fv2%2Ftags&post=7163"}],"curies":[{"name":"wp","href":"https:\/\/api.w.org\/{rel}","templated":true}]}}