{"id":7246,"date":"2012-09-09T18:13:41","date_gmt":"2012-09-09T16:13:41","guid":{"rendered":"http:\/\/www.traba.org\/trabablog\/?p=7246"},"modified":"2012-09-09T18:15:41","modified_gmt":"2012-09-09T16:15:41","slug":"la-lola-i-els-amics","status":"publish","type":"post","link":"http:\/\/traba.org\/trabablog\/?p=7246","title":{"rendered":"la lola i els amics"},"content":{"rendered":"<p>ahir per la tarda ens van venir a veure l&#8217;ermen i l&#8217;ada, i vam anar al suculent a la rambla del raval. com que eren les 4 de la tarda, no vam menjar res, per\u00f2 un altre dia hem de probar alguna tapa.<\/p>\n<p><img loading=\"lazy\" decoding=\"async\" src=\"http:\/\/www.traba.org\/trabablog\/wp-content\/uploads\/2012\/09\/DSCF2097.jpg\" alt=\"DSCF2097\" width=\"800\" height=\"531\" \/> <img loading=\"lazy\" decoding=\"async\" src=\"http:\/\/www.traba.org\/trabablog\/wp-content\/uploads\/2012\/09\/IMG_0213.jpg\" alt=\"IMG_0213\" width=\"800\" height=\"1066\" \/><\/p>\n<p>i avui pel mat\u00ed la fam\u00edlia duny\u00f3 iglesias\u2026<\/p>\n<p><img loading=\"lazy\" decoding=\"async\" src=\"http:\/\/www.traba.org\/trabablog\/wp-content\/uploads\/2012\/09\/DSCF2099.jpg\" alt=\"DSCF2099\" width=\"800\" height=\"1204\" \/> <img loading=\"lazy\" decoding=\"async\" src=\"http:\/\/www.traba.org\/trabablog\/wp-content\/uploads\/2012\/09\/DSCF2100.jpg\" alt=\"DSCF2100\" width=\"800\" height=\"531\" \/><\/p>\n<p>\u2026 i una part de la fam\u00edlia march aragon\u00e8s.<\/p>\n<p><img loading=\"lazy\" decoding=\"async\" src=\"http:\/\/www.traba.org\/trabablog\/wp-content\/uploads\/2012\/09\/DSCF2102.jpg\" alt=\"DSCF2102\" width=\"800\" height=\"531\" \/><\/p>\n<p>i com no, esmorzar al buenas migas \ud83d\ude00 el qu\u00e8 m&#8217;ha costat arribar-hi \ud83d\ude41 ahir em vaig donar un cop al dit petit del peu i el porto amb un imbrincat. no s\u00e9 si est\u00e0 trencat, per\u00f2 fa mal al caminar!<\/p>\n<p><img loading=\"lazy\" decoding=\"async\" src=\"http:\/\/www.traba.org\/trabablog\/wp-content\/uploads\/2012\/09\/DSCF2110.jpg\" alt=\"DSCF2110\" width=\"800\" height=\"531\" \/> <img loading=\"lazy\" decoding=\"async\" src=\"http:\/\/www.traba.org\/trabablog\/wp-content\/uploads\/2012\/09\/2012-09-09-12.32.52.jpg\" alt=\"2012-09-09 12.32.52\" width=\"800\" height=\"136\" \/><\/p>\n<p>intentant tapar el sol de la cara de la lola.<\/p>\n<p><img loading=\"lazy\" decoding=\"async\" src=\"http:\/\/www.traba.org\/trabablog\/wp-content\/uploads\/2012\/09\/2012-09-09-12.57.02.jpg\" alt=\"2012-09-09 12.57.02\" width=\"800\" height=\"600\" \/><\/p>\n<p>missi\u00f3n cumplida \ud83d\ude1b<\/p>\n<p><img loading=\"lazy\" decoding=\"async\" src=\"http:\/\/www.traba.org\/trabablog\/wp-content\/uploads\/2012\/09\/2012-09-09-12.58.21.jpg\" alt=\"2012-09-09 12.58.21\" width=\"800\" height=\"600\" \/><\/p>\n<p>i dem\u00e0 a descansar, a veure si se&#8217;m cura el dit.<\/p>\n","protected":false},"excerpt":{"rendered":"<p>ahir per la tarda ens van venir a veure l&#8217;ermen i l&#8217;ada, i vam anar al suculent a la rambla del raval. com que eren les 4 de la tarda,&#8230;<\/p>\n","protected":false},"author":5,"featured_media":7238,"comment_status":"open","ping_status":"closed","sticky":false,"template":"","format":"standard","meta":{"_monsterinsights_skip_tracking":false,"_monsterinsights_sitenote_active":false,"_monsterinsights_sitenote_note":"","_monsterinsights_sitenote_category":0,"footnotes":""},"categories":[28],"tags":[100],"class_list":["post-7246","post","type-post","status-publish","format-standard","has-post-thumbnail","hentry","category-ordinary-days","tag-lola"],"_links":{"self":[{"href":"http:\/\/traba.org\/trabablog\/index.php?rest_route=\/wp\/v2\/posts\/7246","targetHints":{"allow":["GET"]}}],"collection":[{"href":"http:\/\/traba.org\/trabablog\/index.php?rest_route=\/wp\/v2\/posts"}],"about":[{"href":"http:\/\/traba.org\/trabablog\/index.php?rest_route=\/wp\/v2\/types\/post"}],"author":[{"embeddable":true,"href":"http:\/\/traba.org\/trabablog\/index.php?rest_route=\/wp\/v2\/users\/5"}],"replies":[{"embeddable":true,"href":"http:\/\/traba.org\/trabablog\/index.php?rest_route=%2Fwp%2Fv2%2Fcomments&post=7246"}],"version-history":[{"count":2,"href":"http:\/\/traba.org\/trabablog\/index.php?rest_route=\/wp\/v2\/posts\/7246\/revisions"}],"predecessor-version":[{"id":7248,"href":"http:\/\/traba.org\/trabablog\/index.php?rest_route=\/wp\/v2\/posts\/7246\/revisions\/7248"}],"wp:featuredmedia":[{"embeddable":true,"href":"http:\/\/traba.org\/trabablog\/index.php?rest_route=\/wp\/v2\/media\/7238"}],"wp:attachment":[{"href":"http:\/\/traba.org\/trabablog\/index.php?rest_route=%2Fwp%2Fv2%2Fmedia&parent=7246"}],"wp:term":[{"taxonomy":"category","embeddable":true,"href":"http:\/\/traba.org\/trabablog\/index.php?rest_route=%2Fwp%2Fv2%2Fcategories&post=7246"},{"taxonomy":"post_tag","embeddable":true,"href":"http:\/\/traba.org\/trabablog\/index.php?rest_route=%2Fwp%2Fv2%2Ftags&post=7246"}],"curies":[{"name":"wp","href":"https:\/\/api.w.org\/{rel}","templated":true}]}}