{"id":7321,"date":"2012-09-21T19:21:07","date_gmt":"2012-09-21T17:21:07","guid":{"rendered":"http:\/\/www.traba.org\/trabablog\/?p=7321"},"modified":"2012-09-21T19:22:26","modified_gmt":"2012-09-21T17:22:26","slug":"el-primer-cumplemes-de-la-lola","status":"publish","type":"post","link":"http:\/\/traba.org\/trabablog\/?p=7321","title":{"rendered":"el primer cumplemes de la lola"},"content":{"rendered":"<p>ahir, despr\u00e9s d&#8217;un mes de merenar dol\u00e7, ja vaig poder menjar un tros de pizza al blau al costat de santa caterina. ben bones. em vaig quedar amb les ganes un dia que vaig acompanyar a la rosa&amp;family a sopar, per\u00f2 jo nom\u00e9s em vaig poder beure una aigua amb gas per culpa de la diabetes gestacional. tenen lasanya i provolone, amanides\u2026 i ben amables. hi haurem de tornar.<\/p>\n<p><img loading=\"lazy\" decoding=\"async\" src=\"http:\/\/www.traba.org\/trabablog\/wp-content\/uploads\/2012\/09\/IMG_0289.jpg\" alt=\"IMG_0289\" width=\"800\" height=\"1066\" \/><\/p>\n<p>i aquest mat\u00ed a la visita del mes de la lola a raval sud. 4,6 kg i 53 cm de llarg.<\/p>\n<p><img loading=\"lazy\" decoding=\"async\" src=\"http:\/\/www.traba.org\/trabablog\/wp-content\/uploads\/2012\/09\/2012-09-21-09.22.06.jpg\" alt=\"2012-09-21 09.22.06\" width=\"800\" height=\"1066\" \/><\/p>\n<p>ben contenta que estava la lola, que avui ens ha dormit 7 + 4 hores per la nit. i l&#8217;hem hagut de despertar i tot per anar CAP, sense donar-nos temps d&#8217;esmorzar!<\/p>\n<p><img loading=\"lazy\" decoding=\"async\" src=\"http:\/\/www.traba.org\/trabablog\/wp-content\/uploads\/2012\/09\/2012-09-21-09.27.51.jpg\" alt=\"2012-09-21 09.27.51\" width=\"800\" height=\"1066\" \/><\/p>\n<p>i hem tingut un caca alert, per\u00f2 s&#8217;ha pogut solucionar \ud83d\ude1b<\/p>\n<p><img loading=\"lazy\" decoding=\"async\" src=\"http:\/\/www.traba.org\/trabablog\/wp-content\/uploads\/2012\/09\/2012-09-21-09.29.44.jpg\" alt=\"2012-09-21 09.29.44\" width=\"800\" height=\"1066\" \/><\/p>\n<p>per cert, que el body que porta la lola, \u00e9s el seu regal de cumplemes.<\/p>\n<p><img loading=\"lazy\" decoding=\"async\" src=\"http:\/\/www.traba.org\/trabablog\/wp-content\/uploads\/2012\/09\/DSCF2318.jpg\" alt=\"DSCF2318\" width=\"800\" height=\"1204\" \/> <img loading=\"lazy\" decoding=\"async\" src=\"http:\/\/www.traba.org\/trabablog\/wp-content\/uploads\/2012\/09\/DSCF2319.jpg\" alt=\"DSCF2319\" width=\"800\" height=\"1204\" \/> <img loading=\"lazy\" decoding=\"async\" src=\"http:\/\/www.traba.org\/trabablog\/wp-content\/uploads\/2012\/09\/DSCF2321.jpg\" alt=\"DSCF2321\" width=\"800\" height=\"1204\" \/><\/p>\n<p>vale, potser no e\u00f3n fotos nomas del vestit \ud83d\ude42<\/p>\n<p><img loading=\"lazy\" decoding=\"async\" src=\"http:\/\/www.traba.org\/trabablog\/wp-content\/uploads\/2012\/09\/DSCF2326.jpg\" alt=\"DSCF2326\" width=\"800\" height=\"1204\" \/><\/p>\n<p>l&#8217;\u00e0via montserrat ens ha vingut a visitar.<\/p>\n<p><img loading=\"lazy\" decoding=\"async\" src=\"http:\/\/www.traba.org\/trabablog\/wp-content\/uploads\/2012\/09\/DSCF2330.jpg\" alt=\"DSCF2330\" width=\"800\" height=\"530\" \/><\/p>\n<p>i aix\u00ed \u00e9s com ha quedat el nostre menjador, i lo qu\u00e8 li queda per canviar\u2026 jeje<\/p>\n<p><img loading=\"lazy\" decoding=\"async\" src=\"http:\/\/www.traba.org\/trabablog\/wp-content\/uploads\/2012\/09\/DSCF2342.jpg\" alt=\"DSCF2342\" width=\"800\" height=\"531\" \/><\/p>\n<p>per la tarda, al suculent amb la nani, la meritxell i la jordina montserrat.<\/p>\n<p><img loading=\"lazy\" decoding=\"async\" src=\"http:\/\/www.traba.org\/trabablog\/wp-content\/uploads\/2012\/09\/DSCF2347.jpg\" alt=\"DSCF2347\" width=\"800\" height=\"531\" \/> <img loading=\"lazy\" decoding=\"async\" src=\"http:\/\/www.traba.org\/trabablog\/wp-content\/uploads\/2012\/09\/DSCF2360.jpg\" alt=\"DSCF2360\" width=\"800\" height=\"531\" \/> <img loading=\"lazy\" decoding=\"async\" src=\"http:\/\/www.traba.org\/trabablog\/wp-content\/uploads\/2012\/09\/2012-09-21-18.03.22.jpg\" alt=\"2012-09-21 18.03.22\" width=\"800\" height=\"209\" \/><\/p>\n<p>i jo remerenant l&#8217;arroz con leche que hem fet al migdia mentre la lola feia una migdiada de 2 hores! ara feia dies que no ens dormia tant b\u00e9 durant el dia \ud83d\ude42<\/p>\n<p><img loading=\"lazy\" decoding=\"async\" src=\"http:\/\/www.traba.org\/trabablog\/wp-content\/uploads\/2012\/09\/DSCF2372.jpg\" alt=\"DSCF2372\" width=\"800\" height=\"531\" \/><\/p>\n<p>i avui, el seu primer bany, a veure com va.<\/p>\n","protected":false},"excerpt":{"rendered":"<p>ahir, despr\u00e9s d&#8217;un mes de merenar dol\u00e7, ja vaig poder menjar un tros de pizza al blau al costat de santa caterina. ben bones. em vaig quedar amb les ganes&#8230;<\/p>\n","protected":false},"author":5,"featured_media":7314,"comment_status":"open","ping_status":"closed","sticky":false,"template":"","format":"standard","meta":{"_monsterinsights_skip_tracking":false,"_monsterinsights_sitenote_active":false,"_monsterinsights_sitenote_note":"","_monsterinsights_sitenote_category":0,"footnotes":""},"categories":[28],"tags":[100],"class_list":["post-7321","post","type-post","status-publish","format-standard","has-post-thumbnail","hentry","category-ordinary-days","tag-lola"],"_links":{"self":[{"href":"http:\/\/traba.org\/trabablog\/index.php?rest_route=\/wp\/v2\/posts\/7321","targetHints":{"allow":["GET"]}}],"collection":[{"href":"http:\/\/traba.org\/trabablog\/index.php?rest_route=\/wp\/v2\/posts"}],"about":[{"href":"http:\/\/traba.org\/trabablog\/index.php?rest_route=\/wp\/v2\/types\/post"}],"author":[{"embeddable":true,"href":"http:\/\/traba.org\/trabablog\/index.php?rest_route=\/wp\/v2\/users\/5"}],"replies":[{"embeddable":true,"href":"http:\/\/traba.org\/trabablog\/index.php?rest_route=%2Fwp%2Fv2%2Fcomments&post=7321"}],"version-history":[{"count":2,"href":"http:\/\/traba.org\/trabablog\/index.php?rest_route=\/wp\/v2\/posts\/7321\/revisions"}],"predecessor-version":[{"id":7323,"href":"http:\/\/traba.org\/trabablog\/index.php?rest_route=\/wp\/v2\/posts\/7321\/revisions\/7323"}],"wp:featuredmedia":[{"embeddable":true,"href":"http:\/\/traba.org\/trabablog\/index.php?rest_route=\/wp\/v2\/media\/7314"}],"wp:attachment":[{"href":"http:\/\/traba.org\/trabablog\/index.php?rest_route=%2Fwp%2Fv2%2Fmedia&parent=7321"}],"wp:term":[{"taxonomy":"category","embeddable":true,"href":"http:\/\/traba.org\/trabablog\/index.php?rest_route=%2Fwp%2Fv2%2Fcategories&post=7321"},{"taxonomy":"post_tag","embeddable":true,"href":"http:\/\/traba.org\/trabablog\/index.php?rest_route=%2Fwp%2Fv2%2Ftags&post=7321"}],"curies":[{"name":"wp","href":"https:\/\/api.w.org\/{rel}","templated":true}]}}