{"id":7339,"date":"2012-09-23T19:07:34","date_gmt":"2012-09-23T17:07:34","guid":{"rendered":"http:\/\/www.traba.org\/trabablog\/?p=7339"},"modified":"2012-09-23T19:08:34","modified_gmt":"2012-09-23T17:08:34","slug":"els-dinars-familiars-de-la-lola","status":"publish","type":"post","link":"http:\/\/traba.org\/trabablog\/?p=7339","title":{"rendered":"els dinars familiars de la lola"},"content":{"rendered":"<p>el primer bany de la lola el divendres 21 va durar 3 minuts. per\u00f2 ho seguirem intentant \ud83d\ude42<\/p>\n<p><img loading=\"lazy\" decoding=\"async\" src=\"http:\/\/www.traba.org\/trabablog\/wp-content\/uploads\/2012\/09\/DSCF2374.jpg\" alt=\"DSCF2374\" width=\"800\" height=\"531\" \/><\/p>\n<p>la rutina del joc matutino.<\/p>\n<p><img loading=\"lazy\" decoding=\"async\" src=\"http:\/\/www.traba.org\/trabablog\/wp-content\/uploads\/2012\/09\/IMG_0316.jpg\" alt=\"IMG_0316\" width=\"800\" height=\"600\" \/><\/p>\n<p>mirant els peixets del m\u00f2bil.<\/p>\n<p><img loading=\"lazy\" decoding=\"async\" src=\"http:\/\/www.traba.org\/trabablog\/wp-content\/uploads\/2012\/09\/DSCF2384.jpg\" alt=\"DSCF2384\" width=\"800\" height=\"531\" \/><\/p>\n<p>el primer dinar del cap de setmana.<\/p>\n<p><img loading=\"lazy\" decoding=\"async\" src=\"http:\/\/www.traba.org\/trabablog\/wp-content\/uploads\/2012\/09\/DSCF2404.jpg\" alt=\"DSCF2404\" width=\"800\" height=\"531\" \/><\/p>\n<p>faltaven l&#8217;albert&#8230;<\/p>\n<p><img loading=\"lazy\" decoding=\"async\" src=\"http:\/\/www.traba.org\/trabablog\/wp-content\/uploads\/2012\/09\/2012-08-30-11.05.59.jpg\" alt=\"2012-08-30 11.05.59\" width=\"800\" height=\"1066\" \/><\/p>\n<p>i l&#8217;anna i el poly. si, ja s\u00e9 que les fotos s\u00f3n antigues. estavem esperant per fer un post tem\u00e0tic, per\u00f2 com que ja no fem posts tem\u00e0tics se&#8217;ns havien quedat penjades i hem trobat que era una bona ocasi\u00f3 per posar-les \ud83d\ude1b<\/p>\n<p><img loading=\"lazy\" decoding=\"async\" src=\"http:\/\/www.traba.org\/trabablog\/wp-content\/uploads\/2012\/09\/DSCF2032.jpg\" alt=\"DSCF2032\" width=\"800\" height=\"531\" \/><\/p>\n<p>foto art\u00edstica del francesc: jo i la kana.<\/p>\n<p><img loading=\"lazy\" decoding=\"async\" src=\"http:\/\/www.traba.org\/trabablog\/wp-content\/uploads\/2012\/09\/DSCF2414.jpg\" alt=\"DSCF2414\" width=\"800\" height=\"531\" \/><\/p>\n<p>l&#8217;eul\u00e0lia mirant el bloc amb l&#8217;ipad.<\/p>\n<p><img loading=\"lazy\" decoding=\"async\" src=\"http:\/\/www.traba.org\/trabablog\/wp-content\/uploads\/2012\/09\/DSCF2416.jpg\" alt=\"DSCF2416\" width=\"800\" height=\"531\" \/><\/p>\n<p>l&#8217;\u00fanic moment en qu\u00e8 la lola va apar\u00e8ixer durant el dinar, que la resta estava fent la seva migdiada llarga del dia de 4 hores.<\/p>\n<p><img loading=\"lazy\" decoding=\"async\" src=\"http:\/\/www.traba.org\/trabablog\/wp-content\/uploads\/2012\/09\/IMG_0319.jpg\" alt=\"IMG_0319\" width=\"800\" height=\"1066\" \/><\/p>\n<p>i el segon bany de la lola. aquest va durar 6 minuts, i va deixar de plorar en 2 ocasions durant 10 segons. a veure si algun dia aconseguim la foto en qu\u00e8 la lola riu a la banyera!<\/p>\n<p><img loading=\"lazy\" decoding=\"async\" src=\"http:\/\/www.traba.org\/trabablog\/wp-content\/uploads\/2012\/09\/DSCF2428.jpg\" alt=\"DSCF2428\" width=\"800\" height=\"531\" \/><\/p>\n<p>aquest mat\u00ed hem anat a passejar fins al santa marta.<\/p>\n<p><img loading=\"lazy\" decoding=\"async\" src=\"http:\/\/www.traba.org\/trabablog\/wp-content\/uploads\/2012\/09\/2012-09-23-11.27.56.jpg\" alt=\"2012-09-23 11.27.56\" width=\"800\" height=\"234\" \/><\/p>\n<p>i despr\u00e9s el segon dinar familiar amb la meva germana i ma mare, aka tieta cristina i iaia montse.<\/p>\n<p><img loading=\"lazy\" decoding=\"async\" src=\"http:\/\/www.traba.org\/trabablog\/wp-content\/uploads\/2012\/09\/DSCF2448.jpg\" alt=\"DSCF2448\" width=\"800\" height=\"531\" \/><\/p>\n<p>a 4 mans&#8230;<\/p>\n<p><img loading=\"lazy\" decoding=\"async\" src=\"http:\/\/www.traba.org\/trabablog\/wp-content\/uploads\/2012\/09\/DSCF2454.jpg\" alt=\"DSCF2454\" width=\"800\" height=\"531\" \/><\/p>\n<p>mirant a la tieta.<\/p>\n<p><img loading=\"lazy\" decoding=\"async\" src=\"http:\/\/www.traba.org\/trabablog\/wp-content\/uploads\/2012\/09\/DSCF2457.jpg\" alt=\"DSCF2457\" width=\"800\" height=\"800\" \/><\/p>\n<p>tots pendent d&#8217;ella, com ha de ser \ud83d\ude1b<\/p>\n<p><img loading=\"lazy\" decoding=\"async\" src=\"http:\/\/www.traba.org\/trabablog\/wp-content\/uploads\/2012\/09\/DSCF2465.jpg\" alt=\"DSCF2465\" width=\"800\" height=\"531\" \/><\/p>\n","protected":false},"excerpt":{"rendered":"<p>el primer bany de la lola el divendres 21 va durar 3 minuts. per\u00f2 ho seguirem intentant \ud83d\ude42 la rutina del joc matutino. mirant els peixets del m\u00f2bil. el primer&#8230;<\/p>\n","protected":false},"author":5,"featured_media":7335,"comment_status":"open","ping_status":"closed","sticky":false,"template":"","format":"standard","meta":{"_monsterinsights_skip_tracking":false,"_monsterinsights_sitenote_active":false,"_monsterinsights_sitenote_note":"","_monsterinsights_sitenote_category":0,"footnotes":""},"categories":[28],"tags":[100],"class_list":["post-7339","post","type-post","status-publish","format-standard","has-post-thumbnail","hentry","category-ordinary-days","tag-lola"],"_links":{"self":[{"href":"http:\/\/traba.org\/trabablog\/index.php?rest_route=\/wp\/v2\/posts\/7339","targetHints":{"allow":["GET"]}}],"collection":[{"href":"http:\/\/traba.org\/trabablog\/index.php?rest_route=\/wp\/v2\/posts"}],"about":[{"href":"http:\/\/traba.org\/trabablog\/index.php?rest_route=\/wp\/v2\/types\/post"}],"author":[{"embeddable":true,"href":"http:\/\/traba.org\/trabablog\/index.php?rest_route=\/wp\/v2\/users\/5"}],"replies":[{"embeddable":true,"href":"http:\/\/traba.org\/trabablog\/index.php?rest_route=%2Fwp%2Fv2%2Fcomments&post=7339"}],"version-history":[{"count":3,"href":"http:\/\/traba.org\/trabablog\/index.php?rest_route=\/wp\/v2\/posts\/7339\/revisions"}],"predecessor-version":[{"id":7342,"href":"http:\/\/traba.org\/trabablog\/index.php?rest_route=\/wp\/v2\/posts\/7339\/revisions\/7342"}],"wp:featuredmedia":[{"embeddable":true,"href":"http:\/\/traba.org\/trabablog\/index.php?rest_route=\/wp\/v2\/media\/7335"}],"wp:attachment":[{"href":"http:\/\/traba.org\/trabablog\/index.php?rest_route=%2Fwp%2Fv2%2Fmedia&parent=7339"}],"wp:term":[{"taxonomy":"category","embeddable":true,"href":"http:\/\/traba.org\/trabablog\/index.php?rest_route=%2Fwp%2Fv2%2Fcategories&post=7339"},{"taxonomy":"post_tag","embeddable":true,"href":"http:\/\/traba.org\/trabablog\/index.php?rest_route=%2Fwp%2Fv2%2Ftags&post=7339"}],"curies":[{"name":"wp","href":"https:\/\/api.w.org\/{rel}","templated":true}]}}