{"id":7355,"date":"2012-09-26T13:06:58","date_gmt":"2012-09-26T11:06:58","guid":{"rendered":"http:\/\/www.traba.org\/trabablog\/?p=7355"},"modified":"2012-09-26T13:11:33","modified_gmt":"2012-09-26T11:11:33","slug":"la-lola-i-el-bany","status":"publish","type":"post","link":"http:\/\/traba.org\/trabablog\/?p=7355","title":{"rendered":"la lola i el bany"},"content":{"rendered":"<p>diumenge a la tarda, la vam haver de dormir en bra\u00e7os\u2026 i aquesta \u00e9s la seva postura favorita.<\/p>\n<p><img loading=\"lazy\" decoding=\"async\" src=\"http:\/\/www.traba.org\/trabablog\/wp-content\/uploads\/2012\/09\/DSCF2490.jpg\" alt=\"DSCF2490\" width=\"800\" height=\"531\" \/><\/p>\n<p>el seu tercer bany, ja comen\u00e7a a esbo\u00e7ar una sonrisilla.<\/p>\n<p><img loading=\"lazy\" decoding=\"async\" src=\"http:\/\/www.traba.org\/trabablog\/wp-content\/uploads\/2012\/09\/DSCF2498.jpg\" alt=\"DSCF2498\" width=\"800\" height=\"531\" \/><\/p>\n<p>una mica cara de qu\u00e8 m&#8217;esteu fent&#8230;<\/p>\n<p><img loading=\"lazy\" decoding=\"async\" src=\"http:\/\/www.traba.org\/trabablog\/wp-content\/uploads\/2012\/09\/DSCF2512.jpg\" alt=\"DSCF2512\" width=\"800\" height=\"1204\" \/> <img loading=\"lazy\" decoding=\"async\" src=\"http:\/\/www.traba.org\/trabablog\/wp-content\/uploads\/2012\/09\/DSCF2516.jpg\" alt=\"DSCF2516\" width=\"800\" height=\"800\" \/><\/p>\n<p>i el m\u00f2bil dels peixets, que segons l&#8217;helena \u00e9s la m\u00fasica del harry potter. un dia la gravo i la poso i m&#8217;ho confirmeu.<\/p>\n<p><img loading=\"lazy\" decoding=\"async\" src=\"http:\/\/www.traba.org\/trabablog\/wp-content\/uploads\/2012\/09\/DSCF2539.jpg\" alt=\"DSCF2539\" width=\"800\" height=\"530\" \/> <img loading=\"lazy\" decoding=\"async\" src=\"http:\/\/www.traba.org\/trabablog\/wp-content\/uploads\/2012\/09\/DSCF2542.jpg\" alt=\"DSCF2542\" width=\"800\" height=\"530\" \/> <img loading=\"lazy\" decoding=\"async\" src=\"http:\/\/www.traba.org\/trabablog\/wp-content\/uploads\/2012\/09\/DSCF2544.jpg\" alt=\"DSCF2544\" width=\"800\" height=\"531\" \/><\/p>\n<p>ahir, esmorzar al norte. les torrades de rigor&#8230;<\/p>\n<p><img loading=\"lazy\" decoding=\"async\" src=\"http:\/\/www.traba.org\/trabablog\/wp-content\/uploads\/2012\/09\/2012-09-25-10.16.00.jpg\" alt=\"2012-09-25 10.16.00\" width=\"800\" height=\"1066\" \/><\/p>\n<p>\u2026 i la truita de patates del francesc.<\/p>\n<p><img loading=\"lazy\" decoding=\"async\" src=\"http:\/\/www.traba.org\/trabablog\/wp-content\/uploads\/2012\/09\/2012-09-25-10.16.11.jpg\" alt=\"2012-09-25 10.16.11\" width=\"800\" height=\"1066\" \/><\/p>\n<p>l&#8217;interior del norte.<\/p>\n<p><img loading=\"lazy\" decoding=\"async\" src=\"http:\/\/www.traba.org\/trabablog\/wp-content\/uploads\/2012\/09\/2012-09-25-10.22.03.jpg\" alt=\"2012-09-25 10.22.03\" width=\"800\" height=\"1066\" \/><\/p>\n<p>interaccionant.<\/p>\n<p><img loading=\"lazy\" decoding=\"async\" src=\"http:\/\/www.traba.org\/trabablog\/wp-content\/uploads\/2012\/09\/2012-09-25-10.49.47.jpg\" alt=\"2012-09-25 10.49.47\" width=\"800\" height=\"800\" \/><\/p>\n<p>i avui\u2026 hem sucumbit al xupete\u2026 tot i que ha acabat als peus de la cuna. esperem que no tingui masses efectes secundaris, per\u00f2 s&#8217;ha adormit en 5 minuts i porta dormint 2 hores!<\/p>\n<p><img loading=\"lazy\" decoding=\"async\" src=\"http:\/\/www.traba.org\/trabablog\/wp-content\/uploads\/2012\/09\/DSCF2555.jpg\" alt=\"DSCF2555\" width=\"800\" height=\"531\" \/><\/p>\n","protected":false},"excerpt":{"rendered":"<p>diumenge a la tarda, la vam haver de dormir en bra\u00e7os\u2026 i aquesta \u00e9s la seva postura favorita. el seu tercer bany, ja comen\u00e7a a esbo\u00e7ar una sonrisilla. una mica&#8230;<\/p>\n","protected":false},"author":5,"featured_media":7344,"comment_status":"open","ping_status":"closed","sticky":false,"template":"","format":"standard","meta":{"_monsterinsights_skip_tracking":false,"_monsterinsights_sitenote_active":false,"_monsterinsights_sitenote_note":"","_monsterinsights_sitenote_category":0,"footnotes":""},"categories":[28],"tags":[62,100,45],"class_list":["post-7355","post","type-post","status-publish","format-standard","has-post-thumbnail","hentry","category-ordinary-days","tag-barcelona","tag-lola","tag-menjar"],"_links":{"self":[{"href":"http:\/\/traba.org\/trabablog\/index.php?rest_route=\/wp\/v2\/posts\/7355","targetHints":{"allow":["GET"]}}],"collection":[{"href":"http:\/\/traba.org\/trabablog\/index.php?rest_route=\/wp\/v2\/posts"}],"about":[{"href":"http:\/\/traba.org\/trabablog\/index.php?rest_route=\/wp\/v2\/types\/post"}],"author":[{"embeddable":true,"href":"http:\/\/traba.org\/trabablog\/index.php?rest_route=\/wp\/v2\/users\/5"}],"replies":[{"embeddable":true,"href":"http:\/\/traba.org\/trabablog\/index.php?rest_route=%2Fwp%2Fv2%2Fcomments&post=7355"}],"version-history":[{"count":2,"href":"http:\/\/traba.org\/trabablog\/index.php?rest_route=\/wp\/v2\/posts\/7355\/revisions"}],"predecessor-version":[{"id":7357,"href":"http:\/\/traba.org\/trabablog\/index.php?rest_route=\/wp\/v2\/posts\/7355\/revisions\/7357"}],"wp:featuredmedia":[{"embeddable":true,"href":"http:\/\/traba.org\/trabablog\/index.php?rest_route=\/wp\/v2\/media\/7344"}],"wp:attachment":[{"href":"http:\/\/traba.org\/trabablog\/index.php?rest_route=%2Fwp%2Fv2%2Fmedia&parent=7355"}],"wp:term":[{"taxonomy":"category","embeddable":true,"href":"http:\/\/traba.org\/trabablog\/index.php?rest_route=%2Fwp%2Fv2%2Fcategories&post=7355"},{"taxonomy":"post_tag","embeddable":true,"href":"http:\/\/traba.org\/trabablog\/index.php?rest_route=%2Fwp%2Fv2%2Ftags&post=7355"}],"curies":[{"name":"wp","href":"https:\/\/api.w.org\/{rel}","templated":true}]}}