{"id":7374,"date":"2012-10-05T09:55:46","date_gmt":"2012-10-05T07:55:46","guid":{"rendered":"http:\/\/www.traba.org\/trabablog\/?p=7374"},"modified":"2012-10-05T10:00:31","modified_gmt":"2012-10-05T08:00:31","slug":"es-la-cannco-del-harry-potter","status":"publish","type":"post","link":"http:\/\/traba.org\/trabablog\/?p=7374","title":{"rendered":"\u00e9s la can\u00e7\u00f3 del harry potter?"},"content":{"rendered":"<p>Tenim discussions de si \u00e9s o no la can\u00e7\u00f3 de harry potter la del m\u00f2bil aquest. Si alg\u00fa l&#8217;ha vist, ens podeu dir si ho \u00e9s? aqu\u00ed us poso el v\u00eddeo amb la musiqueta en q\u00fcesti\u00f3:<\/p>\n<p><iframe loading=\"lazy\" src=\"http:\/\/www.youtube.com\/embed\/U05dsU3eEak\" frameborder=\"0\" width=\"640\" height=\"360\"><\/iframe><\/p>\n<p>I m\u00e9s visites de la Lola, a la Viniteca&#8230;<\/p>\n<p><img loading=\"lazy\" decoding=\"async\" src=\"http:\/\/www.traba.org\/trabablog\/wp-content\/uploads\/2012\/10\/2012-10-01-13.37.57.jpg\" alt=\"2012-10-01 13.37.57\" width=\"800\" height=\"1066\" \/><\/p>\n<p>A la reuni\u00f3 d&#8217;AMF amb la Laura, el Josep, la Rosa i la Bego\u00f1a\u2026.<\/p>\n<p><img loading=\"lazy\" decoding=\"async\" src=\"http:\/\/www.traba.org\/trabablog\/wp-content\/uploads\/2012\/10\/2012-10-02-17.07.35.jpg\" alt=\"2012-10-02 17.07.35\" width=\"800\" height=\"309\" \/><\/p>\n<p>I novetats en vestits \ud83d\ude42<\/p>\n<p><img loading=\"lazy\" decoding=\"async\" src=\"http:\/\/www.traba.org\/trabablog\/wp-content\/uploads\/2012\/10\/2012-10-03-10.32.12.jpg\" alt=\"2012-10-03 10.32.12\" width=\"800\" height=\"1066\" \/><\/p>\n","protected":false},"excerpt":{"rendered":"<p>Tenim discussions de si \u00e9s o no la can\u00e7\u00f3 de harry potter la del m\u00f2bil aquest. Si alg\u00fa l&#8217;ha vist, ens podeu dir si ho \u00e9s? aqu\u00ed us poso el&#8230;<\/p>\n","protected":false},"author":5,"featured_media":7372,"comment_status":"open","ping_status":"closed","sticky":false,"template":"","format":"standard","meta":{"_monsterinsights_skip_tracking":false,"_monsterinsights_sitenote_active":false,"_monsterinsights_sitenote_note":"","_monsterinsights_sitenote_category":0,"footnotes":""},"categories":[28],"tags":[100],"class_list":["post-7374","post","type-post","status-publish","format-standard","has-post-thumbnail","hentry","category-ordinary-days","tag-lola"],"_links":{"self":[{"href":"http:\/\/traba.org\/trabablog\/index.php?rest_route=\/wp\/v2\/posts\/7374","targetHints":{"allow":["GET"]}}],"collection":[{"href":"http:\/\/traba.org\/trabablog\/index.php?rest_route=\/wp\/v2\/posts"}],"about":[{"href":"http:\/\/traba.org\/trabablog\/index.php?rest_route=\/wp\/v2\/types\/post"}],"author":[{"embeddable":true,"href":"http:\/\/traba.org\/trabablog\/index.php?rest_route=\/wp\/v2\/users\/5"}],"replies":[{"embeddable":true,"href":"http:\/\/traba.org\/trabablog\/index.php?rest_route=%2Fwp%2Fv2%2Fcomments&post=7374"}],"version-history":[{"count":3,"href":"http:\/\/traba.org\/trabablog\/index.php?rest_route=\/wp\/v2\/posts\/7374\/revisions"}],"predecessor-version":[{"id":7377,"href":"http:\/\/traba.org\/trabablog\/index.php?rest_route=\/wp\/v2\/posts\/7374\/revisions\/7377"}],"wp:featuredmedia":[{"embeddable":true,"href":"http:\/\/traba.org\/trabablog\/index.php?rest_route=\/wp\/v2\/media\/7372"}],"wp:attachment":[{"href":"http:\/\/traba.org\/trabablog\/index.php?rest_route=%2Fwp%2Fv2%2Fmedia&parent=7374"}],"wp:term":[{"taxonomy":"category","embeddable":true,"href":"http:\/\/traba.org\/trabablog\/index.php?rest_route=%2Fwp%2Fv2%2Fcategories&post=7374"},{"taxonomy":"post_tag","embeddable":true,"href":"http:\/\/traba.org\/trabablog\/index.php?rest_route=%2Fwp%2Fv2%2Ftags&post=7374"}],"curies":[{"name":"wp","href":"https:\/\/api.w.org\/{rel}","templated":true}]}}