{"id":74,"date":"2008-05-23T14:49:36","date_gmt":"2008-05-23T12:49:36","guid":{"rendered":"http:\/\/www.traba.org\/trabablog\/?p=74"},"modified":"2008-05-23T14:53:56","modified_gmt":"2008-05-23T12:53:56","slug":"congres-de-la-camfic-a-castello","status":"publish","type":"post","link":"http:\/\/traba.org\/trabablog\/?p=74","title":{"rendered":"Congr\u00e9s de la CAMFIC a Castell\u00f3"},"content":{"rendered":"<p>Ak\u00ed van les fotos que tothom estava esperant \ud83d\ude42<\/p>\n<p><a href=\"http:\/\/www.traba.org\/trabablog\/wp-content\/uploads\/2008\/05\/imagen-001.jpg\"><img loading=\"lazy\" decoding=\"async\" class=\"alignnone size-full wp-image-75\" title=\"imagen-001\" src=\"http:\/\/www.traba.org\/trabablog\/wp-content\/uploads\/2008\/05\/imagen-001.jpg\" alt=\"\" width=\"448\" height=\"298\" srcset=\"http:\/\/traba.org\/trabablog\/wp-content\/uploads\/2008\/05\/imagen-001.jpg 448w, http:\/\/traba.org\/trabablog\/wp-content\/uploads\/2008\/05\/imagen-001-300x199.jpg 300w\" sizes=\"auto, (max-width: 448px) 100vw, 448px\" \/><\/a><\/p>\n<p>Els 3 ordinadors on expliquem a la gent qu\u00e8 \u00e9s el 3clics.<\/p>\n<p><a href=\"http:\/\/www.traba.org\/trabablog\/wp-content\/uploads\/2008\/05\/imagen-0041.jpg\"><img loading=\"lazy\" decoding=\"async\" class=\"alignnone size-full wp-image-76\" title=\"imagen-0041\" src=\"http:\/\/www.traba.org\/trabablog\/wp-content\/uploads\/2008\/05\/imagen-0041.jpg\" alt=\"\" width=\"299\" height=\"448\" srcset=\"http:\/\/traba.org\/trabablog\/wp-content\/uploads\/2008\/05\/imagen-0041.jpg 299w, http:\/\/traba.org\/trabablog\/wp-content\/uploads\/2008\/05\/imagen-0041-200x300.jpg 200w\" sizes=\"auto, (max-width: 299px) 100vw, 299px\" \/><\/a><\/p>\n<p>Ara les cadires plenes \ud83d\ude42<\/p>\n<p><a href=\"http:\/\/www.traba.org\/trabablog\/wp-content\/uploads\/2008\/05\/imagen-006.jpg\"><img loading=\"lazy\" decoding=\"async\" class=\"alignnone size-full wp-image-77\" title=\"imagen-006\" src=\"http:\/\/www.traba.org\/trabablog\/wp-content\/uploads\/2008\/05\/imagen-006.jpg\" alt=\"\" width=\"448\" height=\"299\" srcset=\"http:\/\/traba.org\/trabablog\/wp-content\/uploads\/2008\/05\/imagen-006.jpg 448w, http:\/\/traba.org\/trabablog\/wp-content\/uploads\/2008\/05\/imagen-006-300x200.jpg 300w\" sizes=\"auto, (max-width: 448px) 100vw, 448px\" \/><\/a><\/p>\n<p><a href=\"http:\/\/www.traba.org\/trabablog\/wp-content\/uploads\/2008\/05\/imagen-013.jpg\"><img loading=\"lazy\" decoding=\"async\" class=\"alignnone size-full wp-image-78\" title=\"imagen-013\" src=\"http:\/\/www.traba.org\/trabablog\/wp-content\/uploads\/2008\/05\/imagen-013.jpg\" alt=\"\" width=\"448\" height=\"299\" srcset=\"http:\/\/traba.org\/trabablog\/wp-content\/uploads\/2008\/05\/imagen-013.jpg 448w, http:\/\/traba.org\/trabablog\/wp-content\/uploads\/2008\/05\/imagen-013-300x200.jpg 300w\" sizes=\"auto, (max-width: 448px) 100vw, 448px\" \/><\/a><\/p>\n<p>El Leo.<\/p>\n<p><a href=\"http:\/\/www.traba.org\/trabablog\/wp-content\/uploads\/2008\/05\/imagen-016.jpg\"><img loading=\"lazy\" decoding=\"async\" class=\"alignnone size-full wp-image-79\" title=\"imagen-016\" src=\"http:\/\/www.traba.org\/trabablog\/wp-content\/uploads\/2008\/05\/imagen-016.jpg\" alt=\"\" width=\"448\" height=\"299\" srcset=\"http:\/\/traba.org\/trabablog\/wp-content\/uploads\/2008\/05\/imagen-016.jpg 448w, http:\/\/traba.org\/trabablog\/wp-content\/uploads\/2008\/05\/imagen-016-300x200.jpg 300w\" sizes=\"auto, (max-width: 448px) 100vw, 448px\" \/><\/a><\/p>\n<p>L&#8217;stand de lluny.<\/p>\n<p><a href=\"http:\/\/www.traba.org\/trabablog\/wp-content\/uploads\/2008\/05\/imagen-018.jpg\"><img loading=\"lazy\" decoding=\"async\" class=\"alignnone size-full wp-image-80\" title=\"imagen-018\" src=\"http:\/\/www.traba.org\/trabablog\/wp-content\/uploads\/2008\/05\/imagen-018.jpg\" alt=\"\" width=\"448\" height=\"299\" srcset=\"http:\/\/traba.org\/trabablog\/wp-content\/uploads\/2008\/05\/imagen-018.jpg 448w, http:\/\/traba.org\/trabablog\/wp-content\/uploads\/2008\/05\/imagen-018-300x200.jpg 300w\" sizes=\"auto, (max-width: 448px) 100vw, 448px\" \/><\/a><\/p>\n<p><a href=\"http:\/\/www.traba.org\/trabablog\/wp-content\/uploads\/2008\/05\/imagen-019.jpg\"><img loading=\"lazy\" decoding=\"async\" class=\"alignnone size-full wp-image-81\" title=\"imagen-019\" src=\"http:\/\/www.traba.org\/trabablog\/wp-content\/uploads\/2008\/05\/imagen-019.jpg\" alt=\"\" width=\"448\" height=\"299\" srcset=\"http:\/\/traba.org\/trabablog\/wp-content\/uploads\/2008\/05\/imagen-019.jpg 448w, http:\/\/traba.org\/trabablog\/wp-content\/uploads\/2008\/05\/imagen-019-300x200.jpg 300w\" sizes=\"auto, (max-width: 448px) 100vw, 448px\" \/><\/a><\/p>\n<p>L&#8217;Albert i el Leo.<\/p>\n<p><a href=\"http:\/\/www.traba.org\/trabablog\/wp-content\/uploads\/2008\/05\/imagen-022.jpg\"><img loading=\"lazy\" decoding=\"async\" class=\"alignnone size-full wp-image-82\" title=\"imagen-022\" src=\"http:\/\/www.traba.org\/trabablog\/wp-content\/uploads\/2008\/05\/imagen-022.jpg\" alt=\"\" width=\"448\" height=\"299\" srcset=\"http:\/\/traba.org\/trabablog\/wp-content\/uploads\/2008\/05\/imagen-022.jpg 448w, http:\/\/traba.org\/trabablog\/wp-content\/uploads\/2008\/05\/imagen-022-300x200.jpg 300w\" sizes=\"auto, (max-width: 448px) 100vw, 448px\" \/><\/a><\/p>\n<p>Una foto molt improvisada.<\/p>\n<p><a href=\"http:\/\/www.traba.org\/trabablog\/wp-content\/uploads\/2008\/05\/imagen-0232.jpg\"><img loading=\"lazy\" decoding=\"async\" class=\"alignnone size-full wp-image-83\" title=\"imagen-0232\" src=\"http:\/\/www.traba.org\/trabablog\/wp-content\/uploads\/2008\/05\/imagen-0232.jpg\" alt=\"\" width=\"448\" height=\"299\" srcset=\"http:\/\/traba.org\/trabablog\/wp-content\/uploads\/2008\/05\/imagen-0232.jpg 448w, http:\/\/traba.org\/trabablog\/wp-content\/uploads\/2008\/05\/imagen-0232-300x200.jpg 300w\" sizes=\"auto, (max-width: 448px) 100vw, 448px\" \/><\/a><\/p>\n<p>El Ricard mirant el cel.<\/p>\n<p><a href=\"http:\/\/www.traba.org\/trabablog\/wp-content\/uploads\/2008\/05\/imagen-032.jpg\"><img loading=\"lazy\" decoding=\"async\" class=\"alignnone size-full wp-image-84\" title=\"imagen-032\" src=\"http:\/\/www.traba.org\/trabablog\/wp-content\/uploads\/2008\/05\/imagen-032.jpg\" alt=\"\" width=\"448\" height=\"299\" srcset=\"http:\/\/traba.org\/trabablog\/wp-content\/uploads\/2008\/05\/imagen-032.jpg 448w, http:\/\/traba.org\/trabablog\/wp-content\/uploads\/2008\/05\/imagen-032-300x200.jpg 300w\" sizes=\"auto, (max-width: 448px) 100vw, 448px\" \/><\/a><\/p>\n<p>I despr\u00e9s, al primer bar (mitjana de cerveses per persona: 2,5)<\/p>\n<p><a href=\"http:\/\/www.traba.org\/trabablog\/wp-content\/uploads\/2008\/05\/imagen-040.jpg\"><img loading=\"lazy\" decoding=\"async\" class=\"alignnone size-full wp-image-85\" title=\"imagen-040\" src=\"http:\/\/www.traba.org\/trabablog\/wp-content\/uploads\/2008\/05\/imagen-040.jpg\" alt=\"\" width=\"448\" height=\"299\" srcset=\"http:\/\/traba.org\/trabablog\/wp-content\/uploads\/2008\/05\/imagen-040.jpg 448w, http:\/\/traba.org\/trabablog\/wp-content\/uploads\/2008\/05\/imagen-040-300x200.jpg 300w\" sizes=\"auto, (max-width: 448px) 100vw, 448px\" \/><\/a><\/p>\n<p>El sopar a la pizzeria.<\/p>\n<p><a href=\"http:\/\/www.traba.org\/trabablog\/wp-content\/uploads\/2008\/05\/imagen-042.jpg\"><img loading=\"lazy\" decoding=\"async\" class=\"alignnone size-full wp-image-86\" title=\"imagen-042\" src=\"http:\/\/www.traba.org\/trabablog\/wp-content\/uploads\/2008\/05\/imagen-042.jpg\" alt=\"\" width=\"448\" height=\"299\" srcset=\"http:\/\/traba.org\/trabablog\/wp-content\/uploads\/2008\/05\/imagen-042.jpg 448w, http:\/\/traba.org\/trabablog\/wp-content\/uploads\/2008\/05\/imagen-042-300x200.jpg 300w\" sizes=\"auto, (max-width: 448px) 100vw, 448px\" \/><\/a><\/p>\n<p>Oh!<\/p>\n<p><a href=\"http:\/\/www.traba.org\/trabablog\/wp-content\/uploads\/2008\/05\/imagen-045.jpg\"><img loading=\"lazy\" decoding=\"async\" class=\"alignnone size-full wp-image-87\" title=\"imagen-045\" src=\"http:\/\/www.traba.org\/trabablog\/wp-content\/uploads\/2008\/05\/imagen-045.jpg\" alt=\"\" width=\"448\" height=\"299\" srcset=\"http:\/\/traba.org\/trabablog\/wp-content\/uploads\/2008\/05\/imagen-045.jpg 448w, http:\/\/traba.org\/trabablog\/wp-content\/uploads\/2008\/05\/imagen-045-300x200.jpg 300w\" sizes=\"auto, (max-width: 448px) 100vw, 448px\" \/><\/a><\/p>\n<p>I a partir d&#8217;ara, no tenim internet \ud83d\ude41<\/p>\n<p>Aix\u00ed\u00a0que no hi haur\u00e0 fotos fins diumenge al vespre&#8230; o potser s\u00ed, si la Laia t\u00e9 el mecanisme per fer-ho!!!<\/p>\n<p>Mireia.<\/p>\n","protected":false},"excerpt":{"rendered":"<p>Ak\u00ed van les fotos que tothom estava esperant \ud83d\ude42 Els 3 ordinadors on expliquem a la gent qu\u00e8 \u00e9s el 3clics. Ara les cadires plenes \ud83d\ude42 El Leo. L&#8217;stand de&#8230;<\/p>\n","protected":false},"author":5,"featured_media":0,"comment_status":"open","ping_status":"open","sticky":false,"template":"","format":"standard","meta":{"_monsterinsights_skip_tracking":false,"_monsterinsights_sitenote_active":false,"_monsterinsights_sitenote_note":"","_monsterinsights_sitenote_category":0,"footnotes":""},"categories":[7],"tags":[],"class_list":["post-74","post","type-post","status-publish","format-standard","hentry","category-congressos"],"_links":{"self":[{"href":"http:\/\/traba.org\/trabablog\/index.php?rest_route=\/wp\/v2\/posts\/74","targetHints":{"allow":["GET"]}}],"collection":[{"href":"http:\/\/traba.org\/trabablog\/index.php?rest_route=\/wp\/v2\/posts"}],"about":[{"href":"http:\/\/traba.org\/trabablog\/index.php?rest_route=\/wp\/v2\/types\/post"}],"author":[{"embeddable":true,"href":"http:\/\/traba.org\/trabablog\/index.php?rest_route=\/wp\/v2\/users\/5"}],"replies":[{"embeddable":true,"href":"http:\/\/traba.org\/trabablog\/index.php?rest_route=%2Fwp%2Fv2%2Fcomments&post=74"}],"version-history":[{"count":0,"href":"http:\/\/traba.org\/trabablog\/index.php?rest_route=\/wp\/v2\/posts\/74\/revisions"}],"wp:attachment":[{"href":"http:\/\/traba.org\/trabablog\/index.php?rest_route=%2Fwp%2Fv2%2Fmedia&parent=74"}],"wp:term":[{"taxonomy":"category","embeddable":true,"href":"http:\/\/traba.org\/trabablog\/index.php?rest_route=%2Fwp%2Fv2%2Fcategories&post=74"},{"taxonomy":"post_tag","embeddable":true,"href":"http:\/\/traba.org\/trabablog\/index.php?rest_route=%2Fwp%2Fv2%2Ftags&post=74"}],"curies":[{"name":"wp","href":"https:\/\/api.w.org\/{rel}","templated":true}]}}