{"id":7407,"date":"2012-10-11T10:01:40","date_gmt":"2012-10-11T08:01:40","guid":{"rendered":"http:\/\/www.traba.org\/trabablog\/?p=7407"},"modified":"2012-10-11T10:04:08","modified_gmt":"2012-10-11T08:04:08","slug":"la-maternitat-balsareny-i-sitges","status":"publish","type":"post","link":"http:\/\/traba.org\/trabablog\/?p=7407","title":{"rendered":"la maternitat, balsareny i sitges"},"content":{"rendered":"<p>dimarts vam anar a la visita de la quarentena amb el cotxe&#8230;<\/p>\n<p><img loading=\"lazy\" decoding=\"async\" src=\"http:\/\/www.traba.org\/trabablog\/wp-content\/uploads\/2012\/10\/2012-10-09-09.11.13.jpg\" alt=\"2012-10-09 09.11.13\" width=\"800\" height=\"1066\" \/><\/p>\n<p>la lola es va portar com una senyora, ni un &#8216;nye&#8217; \ud83d\ude42<\/p>\n<p><img loading=\"lazy\" decoding=\"async\" src=\"http:\/\/www.traba.org\/trabablog\/wp-content\/uploads\/2012\/10\/IMG_0375.jpg\" alt=\"IMG_0375\" width=\"800\" height=\"1066\" \/><\/p>\n<p>i no vam fer fotos, per\u00f2 despr\u00e9s vam anar a balsareny a veure la iaia queralt. i al dia seg\u00fcent ens vam llevar i ca a sitges. l&#8217;arribada va ser una mica accidentada perqu\u00e8 el mando no obria la porta del p\u00e0rking i vam haver de buscar lloc per aparcar en ple festival de cinema de sitges! per\u00f2 per sort vam poder aparcar al p\u00e0rking de darrere de la casa de sitges. es veu que hi ha una senyal molt forta (de wifi potser?) que anula les senyals dels mandos de la porta i a vegades funciona i a vegades no\u2026 i han canviat de mando, per\u00f2 nosaltres no ens hav\u00edem enterat. un cop solucionat, vam anar a passejar per sitges \ud83d\ude42 la veritat \u00e9s que ni sent el festival hi ha molta gent. aix\u00f2 si, ls del festival se&#8217;ls diferencia aviat: anaven vestits de negre! a veure si avui faig una mica d&#8217;street photografy.<\/p>\n<p><img loading=\"lazy\" decoding=\"async\" src=\"http:\/\/www.traba.org\/trabablog\/wp-content\/uploads\/2012\/10\/DSCF0009.jpg\" alt=\"DSCF0009\" width=\"800\" height=\"1204\" \/><\/p>\n<p>i ara uns primers pl\u00e0nols de la lola.<\/p>\n<p><img loading=\"lazy\" decoding=\"async\" src=\"http:\/\/www.traba.org\/trabablog\/wp-content\/uploads\/2012\/10\/DSCF0019.jpg\" alt=\"DSCF0019\" width=\"800\" height=\"531\" \/> <img loading=\"lazy\" decoding=\"async\" src=\"http:\/\/www.traba.org\/trabablog\/wp-content\/uploads\/2012\/10\/DSCF0054.jpg\" alt=\"DSCF0054\" width=\"800\" height=\"531\" \/> <img loading=\"lazy\" decoding=\"async\" src=\"http:\/\/www.traba.org\/trabablog\/wp-content\/uploads\/2012\/10\/DSCF0069.jpg\" alt=\"DSCF0069\" width=\"800\" height=\"531\" \/><\/p>\n<p>i sitges des de l&#8217;altra banda.<\/p>\n<p><img loading=\"lazy\" decoding=\"async\" src=\"http:\/\/www.traba.org\/trabablog\/wp-content\/uploads\/2012\/10\/2012-10-10-18.24.51.jpg\" alt=\"2012-10-10 18.24.51\" width=\"800\" height=\"1066\" \/><\/p>\n<p>i el nou combo del francesc: l&#8217;ipad i el teclat del mac mini.<\/p>\n<p><img loading=\"lazy\" decoding=\"async\" src=\"http:\/\/www.traba.org\/trabablog\/wp-content\/uploads\/2012\/10\/DSCF0082.jpg\" alt=\"DSCF0082\" width=\"800\" height=\"531\" \/><\/p>\n","protected":false},"excerpt":{"rendered":"<p>dimarts vam anar a la visita de la quarentena amb el cotxe&#8230; la lola es va portar com una senyora, ni un &#8216;nye&#8217; \ud83d\ude42 i no vam fer fotos, per\u00f2&#8230;<\/p>\n","protected":false},"author":5,"featured_media":7399,"comment_status":"open","ping_status":"closed","sticky":false,"template":"","format":"standard","meta":{"_monsterinsights_skip_tracking":false,"_monsterinsights_sitenote_active":false,"_monsterinsights_sitenote_note":"","_monsterinsights_sitenote_category":0,"footnotes":""},"categories":[28],"tags":[100,89],"class_list":["post-7407","post","type-post","status-publish","format-standard","has-post-thumbnail","hentry","category-ordinary-days","tag-lola","tag-sitges"],"_links":{"self":[{"href":"http:\/\/traba.org\/trabablog\/index.php?rest_route=\/wp\/v2\/posts\/7407","targetHints":{"allow":["GET"]}}],"collection":[{"href":"http:\/\/traba.org\/trabablog\/index.php?rest_route=\/wp\/v2\/posts"}],"about":[{"href":"http:\/\/traba.org\/trabablog\/index.php?rest_route=\/wp\/v2\/types\/post"}],"author":[{"embeddable":true,"href":"http:\/\/traba.org\/trabablog\/index.php?rest_route=\/wp\/v2\/users\/5"}],"replies":[{"embeddable":true,"href":"http:\/\/traba.org\/trabablog\/index.php?rest_route=%2Fwp%2Fv2%2Fcomments&post=7407"}],"version-history":[{"count":2,"href":"http:\/\/traba.org\/trabablog\/index.php?rest_route=\/wp\/v2\/posts\/7407\/revisions"}],"predecessor-version":[{"id":7409,"href":"http:\/\/traba.org\/trabablog\/index.php?rest_route=\/wp\/v2\/posts\/7407\/revisions\/7409"}],"wp:featuredmedia":[{"embeddable":true,"href":"http:\/\/traba.org\/trabablog\/index.php?rest_route=\/wp\/v2\/media\/7399"}],"wp:attachment":[{"href":"http:\/\/traba.org\/trabablog\/index.php?rest_route=%2Fwp%2Fv2%2Fmedia&parent=7407"}],"wp:term":[{"taxonomy":"category","embeddable":true,"href":"http:\/\/traba.org\/trabablog\/index.php?rest_route=%2Fwp%2Fv2%2Fcategories&post=7407"},{"taxonomy":"post_tag","embeddable":true,"href":"http:\/\/traba.org\/trabablog\/index.php?rest_route=%2Fwp%2Fv2%2Ftags&post=7407"}],"curies":[{"name":"wp","href":"https:\/\/api.w.org\/{rel}","templated":true}]}}