{"id":7444,"date":"2012-10-17T19:15:52","date_gmt":"2012-10-17T17:15:52","guid":{"rendered":"http:\/\/www.traba.org\/trabablog\/?p=7444"},"modified":"2012-10-17T19:17:05","modified_gmt":"2012-10-17T17:17:05","slug":"sitges-to-barcelona","status":"publish","type":"post","link":"http:\/\/traba.org\/trabablog\/?p=7444","title":{"rendered":"sitges to barcelona"},"content":{"rendered":"<p>als <a href=\"http:\/\/www.laocadesitges.com\/catala\/catala.htm\" target=\"_blank\">pollos de sitges<\/a>. segueix el mateix senyor venent els pollos per emportar, per\u00f2 amb menys cabell.<\/p>\n<p><img loading=\"lazy\" decoding=\"async\" src=\"http:\/\/www.traba.org\/trabablog\/wp-content\/uploads\/2012\/10\/2012-10-14-13.32.35.jpg\" alt=\"2012-10-14 13.32.35\" width=\"800\" height=\"1066\" \/><\/p>\n<p>despr\u00e9s de la migdiada&#8230;<\/p>\n<p><img loading=\"lazy\" decoding=\"async\" src=\"http:\/\/www.traba.org\/trabablog\/wp-content\/uploads\/2012\/10\/IMG_0435.jpg\" alt=\"IMG_0435\" width=\"800\" height=\"1066\" \/> <img loading=\"lazy\" decoding=\"async\" src=\"http:\/\/www.traba.org\/trabablog\/wp-content\/uploads\/2012\/10\/IMG_0439.jpg\" alt=\"IMG_0439\" width=\"800\" height=\"1066\" \/><\/p>\n<p>i a passejar amb la motxilla i el gorro \ud83d\ude42<\/p>\n<p><img loading=\"lazy\" decoding=\"async\" src=\"http:\/\/www.traba.org\/trabablog\/wp-content\/uploads\/2012\/10\/IMG_0451.jpg\" alt=\"IMG_0451\" width=\"800\" height=\"1066\" \/><\/p>\n<p>ja se&#8217;ns ha fet gran i ens seu al sof\u00e0.<\/p>\n<p><img loading=\"lazy\" decoding=\"async\" src=\"http:\/\/www.traba.org\/trabablog\/wp-content\/uploads\/2012\/10\/IMG_0456.jpg\" alt=\"IMG_0456\" width=\"800\" height=\"1066\" \/><\/p>\n<p>si ho hagu\u00e9ssim vist abans, ens hagu\u00e9ssim pogut imaginar que els plats eren tan bons com la traducci\u00f3 del cartell. nota: no tornar al bar <a href=\"https:\/\/es.foursquare.com\/v\/bar-glamour\/4e022371d22db37fb02a5f73\" target=\"_blank\">glamour<\/a> de sitges.<\/p>\n<p><img loading=\"lazy\" decoding=\"async\" src=\"http:\/\/www.traba.org\/trabablog\/wp-content\/uploads\/2012\/10\/IMG_0459.jpg\" alt=\"IMG_0459\" width=\"800\" height=\"1066\" \/><\/p>\n<p>i ja a barcelona, despertant de la migdiada.<\/p>\n<p><img loading=\"lazy\" decoding=\"async\" src=\"http:\/\/www.traba.org\/trabablog\/wp-content\/uploads\/2012\/10\/IMG_0467.jpg\" alt=\"IMG_0467\" width=\"800\" height=\"600\" \/><\/p>\n<p>amb els peixets.<\/p>\n<p><img loading=\"lazy\" decoding=\"async\" src=\"http:\/\/www.traba.org\/trabablog\/wp-content\/uploads\/2012\/10\/DSCF0183.jpg\" alt=\"DSCF0183\" width=\"800\" height=\"531\" \/><\/p>\n<p>al sof\u00e0 de barcelona.<\/p>\n<p><img loading=\"lazy\" decoding=\"async\" src=\"http:\/\/www.traba.org\/trabablog\/wp-content\/uploads\/2012\/10\/2012-10-16-16.22.01.jpg\" alt=\"2012-10-16 16.22.01\" width=\"800\" height=\"1066\" \/><\/p>\n<p>de reuni\u00f3 a la pla\u00e7a de la catedral.<\/p>\n<p><img loading=\"lazy\" decoding=\"async\" src=\"http:\/\/www.traba.org\/trabablog\/wp-content\/uploads\/2012\/10\/2012-10-16-16.50.17.jpg\" alt=\"2012-10-16 16.50.17\" width=\"800\" height=\"302\" \/><\/p>\n<p>i a la banyera, esperant que el pare torni d&#8217;AMF.<\/p>\n<p><img loading=\"lazy\" decoding=\"async\" src=\"http:\/\/www.traba.org\/trabablog\/wp-content\/uploads\/2012\/10\/IMG_0475.jpg\" alt=\"IMG_0475\" width=\"800\" height=\"1066\" \/><\/p>\n","protected":false},"excerpt":{"rendered":"<p>als pollos de sitges. segueix el mateix senyor venent els pollos per emportar, per\u00f2 amb menys cabell. despr\u00e9s de la migdiada&#8230; i a passejar amb la motxilla i el gorro&#8230;<\/p>\n","protected":false},"author":5,"featured_media":7437,"comment_status":"open","ping_status":"closed","sticky":false,"template":"","format":"standard","meta":{"_monsterinsights_skip_tracking":false,"_monsterinsights_sitenote_active":false,"_monsterinsights_sitenote_note":"","_monsterinsights_sitenote_category":0,"footnotes":""},"categories":[28],"tags":[62,100,45,89],"class_list":["post-7444","post","type-post","status-publish","format-standard","has-post-thumbnail","hentry","category-ordinary-days","tag-barcelona","tag-lola","tag-menjar","tag-sitges"],"_links":{"self":[{"href":"http:\/\/traba.org\/trabablog\/index.php?rest_route=\/wp\/v2\/posts\/7444","targetHints":{"allow":["GET"]}}],"collection":[{"href":"http:\/\/traba.org\/trabablog\/index.php?rest_route=\/wp\/v2\/posts"}],"about":[{"href":"http:\/\/traba.org\/trabablog\/index.php?rest_route=\/wp\/v2\/types\/post"}],"author":[{"embeddable":true,"href":"http:\/\/traba.org\/trabablog\/index.php?rest_route=\/wp\/v2\/users\/5"}],"replies":[{"embeddable":true,"href":"http:\/\/traba.org\/trabablog\/index.php?rest_route=%2Fwp%2Fv2%2Fcomments&post=7444"}],"version-history":[{"count":2,"href":"http:\/\/traba.org\/trabablog\/index.php?rest_route=\/wp\/v2\/posts\/7444\/revisions"}],"predecessor-version":[{"id":7446,"href":"http:\/\/traba.org\/trabablog\/index.php?rest_route=\/wp\/v2\/posts\/7444\/revisions\/7446"}],"wp:featuredmedia":[{"embeddable":true,"href":"http:\/\/traba.org\/trabablog\/index.php?rest_route=\/wp\/v2\/media\/7437"}],"wp:attachment":[{"href":"http:\/\/traba.org\/trabablog\/index.php?rest_route=%2Fwp%2Fv2%2Fmedia&parent=7444"}],"wp:term":[{"taxonomy":"category","embeddable":true,"href":"http:\/\/traba.org\/trabablog\/index.php?rest_route=%2Fwp%2Fv2%2Fcategories&post=7444"},{"taxonomy":"post_tag","embeddable":true,"href":"http:\/\/traba.org\/trabablog\/index.php?rest_route=%2Fwp%2Fv2%2Ftags&post=7444"}],"curies":[{"name":"wp","href":"https:\/\/api.w.org\/{rel}","templated":true}]}}