{"id":7466,"date":"2012-10-23T21:17:34","date_gmt":"2012-10-23T19:17:34","guid":{"rendered":"http:\/\/www.traba.org\/trabablog\/?p=7466"},"modified":"2012-10-23T21:19:47","modified_gmt":"2012-10-23T19:19:47","slug":"anar-fent","status":"publish","type":"post","link":"http:\/\/traba.org\/trabablog\/?p=7466","title":{"rendered":"anar fent&#8230;"},"content":{"rendered":"<p>dijous 18, ja fa tants dies que no record\u00f3 per qu\u00e8 la lola estava asseguda al sof\u00e0.<\/p>\n<p><img loading=\"lazy\" decoding=\"async\" src=\"http:\/\/www.traba.org\/trabablog\/wp-content\/uploads\/2012\/10\/IMG_0478.jpg\" alt=\"IMG_0478\" width=\"800\" height=\"1066\" \/><\/p>\n<p>i per la tarda, vam anar a comprar pa a Baluard, i mentre el pa es refredava perqu\u00e8 ens el poguessin tallar, vam anar a donar una volta pel passeig mar\u00edtim. la t\u00edpica cadira de barcelona que alg\u00fa l&#8217;ha baixat a la platja.<\/p>\n<p><img loading=\"lazy\" decoding=\"async\" src=\"http:\/\/www.traba.org\/trabablog\/wp-content\/uploads\/2012\/10\/DSCF0189.jpg\" alt=\"DSCF0189\" width=\"800\" height=\"531\" \/><\/p>\n<p>els ocells.<\/p>\n<p><img loading=\"lazy\" decoding=\"async\" src=\"http:\/\/www.traba.org\/trabablog\/wp-content\/uploads\/2012\/10\/DSCF0192.jpg\" alt=\"DSCF0192\" width=\"800\" height=\"531\" \/><\/p>\n<p>un ambient gris.<\/p>\n<p><img loading=\"lazy\" decoding=\"async\" src=\"http:\/\/www.traba.org\/trabablog\/wp-content\/uploads\/2012\/10\/DSCF0193.jpg\" alt=\"DSCF0193\" width=\"800\" height=\"531\" \/><\/p>\n<p>la palmera.<\/p>\n<p><img loading=\"lazy\" decoding=\"async\" src=\"http:\/\/www.traba.org\/trabablog\/wp-content\/uploads\/2012\/10\/DSCF0199.jpg\" alt=\"DSCF0199\" width=\"800\" height=\"531\" \/><\/p>\n<p>i la lola amb el seu paravent.<\/p>\n<p><img loading=\"lazy\" decoding=\"async\" src=\"http:\/\/www.traba.org\/trabablog\/wp-content\/uploads\/2012\/10\/DSCF0203.jpg\" alt=\"DSCF0203\" width=\"800\" height=\"1204\" \/><\/p>\n<p>hi havia molta gent mirant el mar, per\u00f2 no tocant.<\/p>\n<p><img loading=\"lazy\" decoding=\"async\" src=\"http:\/\/www.traba.org\/trabablog\/wp-content\/uploads\/2012\/10\/DSCF0209.jpg\" alt=\"DSCF0209\" width=\"800\" height=\"531\" \/><\/p>\n<p>els efectes del vent.<\/p>\n<p><img loading=\"lazy\" decoding=\"async\" src=\"http:\/\/www.traba.org\/trabablog\/wp-content\/uploads\/2012\/10\/DSCF0212.jpg\" alt=\"DSCF0212\" width=\"800\" height=\"531\" \/><\/p>\n<p>i al dia seg\u00fcent, pluja.<\/p>\n<p><img loading=\"lazy\" decoding=\"async\" src=\"http:\/\/www.traba.org\/trabablog\/wp-content\/uploads\/2012\/10\/2012-10-19-11.22.29.jpg\" alt=\"2012-10-19 11.22.29\" width=\"800\" height=\"1066\" \/><\/p>\n<p>per\u00f2 no ens va importar, vam anar a prendre un vermut al <a href=\"http:\/\/www.timeout.cat\/barcelona\/ca\/espai\/restaurant\/2286\/bar-papitu\" target=\"_blank\">papitu<\/a> de la boqueria.<\/p>\n<p><img loading=\"lazy\" decoding=\"async\" src=\"http:\/\/www.traba.org\/trabablog\/wp-content\/uploads\/2012\/10\/2012-10-19-13.06.01.jpg\" alt=\"2012-10-19 13.06.01\" width=\"800\" height=\"283\" \/><\/p>\n<p>i a la nit, la primera vegada que faig mandonguilles amb el regal de sant del francesc.<\/p>\n<p><img loading=\"lazy\" decoding=\"async\" src=\"http:\/\/www.traba.org\/trabablog\/wp-content\/uploads\/2012\/10\/IMG_0489.jpg\" alt=\"IMG_0489\" width=\"800\" height=\"1066\" \/><\/p>\n<p>i dissabte, a urquinaona amb l&#8217;albert.<\/p>\n<p><img loading=\"lazy\" decoding=\"async\" src=\"http:\/\/www.traba.org\/trabablog\/wp-content\/uploads\/2012\/10\/IMG_0495.jpg\" alt=\"IMG_0495\" width=\"800\" height=\"1066\" \/><\/p>\n<p>i pel migdia, an\u00e0vem a anar a jugar a algo al kaburi i estava tancat! a l&#8217;horari no posa que tanqui al migdia! a canvi, vam anar a buscar geocach\u00e9s. aques \u00e9s al parc de la ciutadella.<\/p>\n<p><img loading=\"lazy\" decoding=\"async\" src=\"http:\/\/www.traba.org\/trabablog\/wp-content\/uploads\/2012\/10\/2012-10-20-14.46.18.jpg\" alt=\"2012-10-20 14.46.18\" width=\"800\" height=\"1066\" \/><\/p>\n<p>el de l&#8217;estaci\u00f3 de fran\u00e7a no el vam trobar.<\/p>\n<p><img loading=\"lazy\" decoding=\"async\" src=\"http:\/\/www.traba.org\/trabablog\/wp-content\/uploads\/2012\/10\/IMG_0498.jpg\" alt=\"IMG_0498\" width=\"800\" height=\"599\" \/><\/p>\n<p>i avui hem anat a gr\u00e0cia a veure futons, per\u00f2 hem arribat a la botiga 2 minuts abans de que tanquessin al migdia. hi haurem de tornar.<\/p>\n<p><img loading=\"lazy\" decoding=\"async\" src=\"http:\/\/www.traba.org\/trabablog\/wp-content\/uploads\/2012\/10\/2012-10-23-13.12.43.jpg\" alt=\"2012-10-23 13.12.43\" width=\"800\" height=\"1066\" \/><\/p>\n<p>l&#8217;amanida estava bona.<\/p>\n<p><img loading=\"lazy\" decoding=\"async\" src=\"http:\/\/www.traba.org\/trabablog\/wp-content\/uploads\/2012\/10\/2012-10-23-13.25.54.jpg\" alt=\"2012-10-23 13.25.54\" width=\"800\" height=\"1066\" \/> <img loading=\"lazy\" decoding=\"async\" src=\"http:\/\/www.traba.org\/trabablog\/wp-content\/uploads\/2012\/10\/IMG_0506.jpg\" alt=\"IMG_0506\" width=\"800\" height=\"1066\" \/> <img loading=\"lazy\" decoding=\"async\" src=\"http:\/\/www.traba.org\/trabablog\/wp-content\/uploads\/2012\/10\/IMG_0523.jpg\" alt=\"IMG_0523\" width=\"800\" height=\"1066\" \/><\/p>\n<p>i al vespre, acabant de preparar el curs de sessions del moodle del 7 de novembre.<\/p>\n<p><img loading=\"lazy\" decoding=\"async\" src=\"http:\/\/www.traba.org\/trabablog\/wp-content\/uploads\/2012\/10\/2012-10-23-18.55.45.jpg\" alt=\"2012-10-23 18.55.45\" width=\"800\" height=\"599\" \/><\/p>\n","protected":false},"excerpt":{"rendered":"<p>dijous 18, ja fa tants dies que no record\u00f3 per qu\u00e8 la lola estava asseguda al sof\u00e0. i per la tarda, vam anar a comprar pa a Baluard, i mentre&#8230;<\/p>\n","protected":false},"author":5,"featured_media":7449,"comment_status":"open","ping_status":"closed","sticky":false,"template":"","format":"standard","meta":{"_monsterinsights_skip_tracking":false,"_monsterinsights_sitenote_active":false,"_monsterinsights_sitenote_note":"","_monsterinsights_sitenote_category":0,"footnotes":""},"categories":[28],"tags":[62,40,100,41,45,42],"class_list":["post-7466","post","type-post","status-publish","format-standard","has-post-thumbnail","hentry","category-ordinary-days","tag-barcelona","tag-geocaching","tag-lola","tag-mar","tag-menjar","tag-platja"],"_links":{"self":[{"href":"http:\/\/traba.org\/trabablog\/index.php?rest_route=\/wp\/v2\/posts\/7466","targetHints":{"allow":["GET"]}}],"collection":[{"href":"http:\/\/traba.org\/trabablog\/index.php?rest_route=\/wp\/v2\/posts"}],"about":[{"href":"http:\/\/traba.org\/trabablog\/index.php?rest_route=\/wp\/v2\/types\/post"}],"author":[{"embeddable":true,"href":"http:\/\/traba.org\/trabablog\/index.php?rest_route=\/wp\/v2\/users\/5"}],"replies":[{"embeddable":true,"href":"http:\/\/traba.org\/trabablog\/index.php?rest_route=%2Fwp%2Fv2%2Fcomments&post=7466"}],"version-history":[{"count":2,"href":"http:\/\/traba.org\/trabablog\/index.php?rest_route=\/wp\/v2\/posts\/7466\/revisions"}],"predecessor-version":[{"id":7468,"href":"http:\/\/traba.org\/trabablog\/index.php?rest_route=\/wp\/v2\/posts\/7466\/revisions\/7468"}],"wp:featuredmedia":[{"embeddable":true,"href":"http:\/\/traba.org\/trabablog\/index.php?rest_route=\/wp\/v2\/media\/7449"}],"wp:attachment":[{"href":"http:\/\/traba.org\/trabablog\/index.php?rest_route=%2Fwp%2Fv2%2Fmedia&parent=7466"}],"wp:term":[{"taxonomy":"category","embeddable":true,"href":"http:\/\/traba.org\/trabablog\/index.php?rest_route=%2Fwp%2Fv2%2Fcategories&post=7466"},{"taxonomy":"post_tag","embeddable":true,"href":"http:\/\/traba.org\/trabablog\/index.php?rest_route=%2Fwp%2Fv2%2Ftags&post=7466"}],"curies":[{"name":"wp","href":"https:\/\/api.w.org\/{rel}","templated":true}]}}