{"id":7477,"date":"2012-10-26T19:24:44","date_gmt":"2012-10-26T17:24:44","guid":{"rendered":"http:\/\/www.traba.org\/trabablog\/?p=7477"},"modified":"2012-10-26T19:39:00","modified_gmt":"2012-10-26T17:39:00","slug":"sessio-fotografica-matinal","status":"publish","type":"post","link":"http:\/\/traba.org\/trabablog\/?p=7477","title":{"rendered":"sessi\u00f3 fotogr\u00e0fica matinal"},"content":{"rendered":"<p>aquest mat\u00ed, despr\u00e9s de llevar-se, la lola jugava amb el conill que li va regalar la son\u00edn.<\/p>\n<p><img loading=\"lazy\" decoding=\"async\" src=\"http:\/\/www.traba.org\/trabablog\/wp-content\/uploads\/2012\/10\/DSCF0223.jpg\" alt=\"DSCF0223\" width=\"800\" height=\"531\" \/><\/p>\n<p>mentre de tant en tant, es mirava la ma.<\/p>\n<p><img loading=\"lazy\" decoding=\"async\" src=\"http:\/\/www.traba.org\/trabablog\/wp-content\/uploads\/2012\/10\/DSCF0226.jpg\" alt=\"DSCF0226\" width=\"800\" height=\"531\" \/><\/p>\n<p>o se la menjava.<\/p>\n<p><img loading=\"lazy\" decoding=\"async\" src=\"http:\/\/www.traba.org\/trabablog\/wp-content\/uploads\/2012\/10\/DSCF0228.jpg\" alt=\"DSCF0228\" width=\"800\" height=\"531\" \/><\/p>\n<p>a punt d&#8217;estornudar.<\/p>\n<p><img loading=\"lazy\" decoding=\"async\" src=\"http:\/\/www.traba.org\/trabablog\/wp-content\/uploads\/2012\/10\/DSCF0237.jpg\" alt=\"DSCF0237\" width=\"800\" height=\"531\" \/><\/p>\n<p>i rient \ud83d\ude42<\/p>\n<p><img loading=\"lazy\" decoding=\"async\" src=\"http:\/\/www.traba.org\/trabablog\/wp-content\/uploads\/2012\/10\/DSCF0242.jpg\" alt=\"DSCF0242\" width=\"800\" height=\"531\" \/><\/p>\n<p>cridant, de bon rollo.<\/p>\n<p><img loading=\"lazy\" decoding=\"async\" src=\"http:\/\/www.traba.org\/trabablog\/wp-content\/uploads\/2012\/10\/DSCF0249.jpg\" alt=\"DSCF0249\" width=\"800\" height=\"531\" \/><\/p>\n<p>i a la tarda hem anat a saludar l&#8217;ermen i el leo que estaven dinant al kiosko.<\/p>\n<p><img loading=\"lazy\" decoding=\"async\" src=\"http:\/\/www.traba.org\/trabablog\/wp-content\/uploads\/2012\/10\/2012-10-26-16.46.48.jpg\" alt=\"2012-10-26 16.46.48\" width=\"800\" height=\"1066\" \/> <img loading=\"lazy\" decoding=\"async\" src=\"http:\/\/www.traba.org\/trabablog\/wp-content\/uploads\/2012\/10\/2012-10-26-16.59.17.jpg\" alt=\"2012-10-26 16.59.17\" width=\"800\" height=\"362\" \/><\/p>\n","protected":false},"excerpt":{"rendered":"<p>aquest mat\u00ed, despr\u00e9s de llevar-se, la lola jugava amb el conill que li va regalar la son\u00edn. mentre de tant en tant, es mirava la ma. o se la menjava&#8230;.<\/p>\n","protected":false},"author":5,"featured_media":7474,"comment_status":"open","ping_status":"closed","sticky":false,"template":"","format":"standard","meta":{"_monsterinsights_skip_tracking":false,"_monsterinsights_sitenote_active":false,"_monsterinsights_sitenote_note":"","_monsterinsights_sitenote_category":0,"footnotes":""},"categories":[28],"tags":[100],"class_list":["post-7477","post","type-post","status-publish","format-standard","has-post-thumbnail","hentry","category-ordinary-days","tag-lola"],"_links":{"self":[{"href":"http:\/\/traba.org\/trabablog\/index.php?rest_route=\/wp\/v2\/posts\/7477","targetHints":{"allow":["GET"]}}],"collection":[{"href":"http:\/\/traba.org\/trabablog\/index.php?rest_route=\/wp\/v2\/posts"}],"about":[{"href":"http:\/\/traba.org\/trabablog\/index.php?rest_route=\/wp\/v2\/types\/post"}],"author":[{"embeddable":true,"href":"http:\/\/traba.org\/trabablog\/index.php?rest_route=\/wp\/v2\/users\/5"}],"replies":[{"embeddable":true,"href":"http:\/\/traba.org\/trabablog\/index.php?rest_route=%2Fwp%2Fv2%2Fcomments&post=7477"}],"version-history":[{"count":3,"href":"http:\/\/traba.org\/trabablog\/index.php?rest_route=\/wp\/v2\/posts\/7477\/revisions"}],"predecessor-version":[{"id":7480,"href":"http:\/\/traba.org\/trabablog\/index.php?rest_route=\/wp\/v2\/posts\/7477\/revisions\/7480"}],"wp:featuredmedia":[{"embeddable":true,"href":"http:\/\/traba.org\/trabablog\/index.php?rest_route=\/wp\/v2\/media\/7474"}],"wp:attachment":[{"href":"http:\/\/traba.org\/trabablog\/index.php?rest_route=%2Fwp%2Fv2%2Fmedia&parent=7477"}],"wp:term":[{"taxonomy":"category","embeddable":true,"href":"http:\/\/traba.org\/trabablog\/index.php?rest_route=%2Fwp%2Fv2%2Fcategories&post=7477"},{"taxonomy":"post_tag","embeddable":true,"href":"http:\/\/traba.org\/trabablog\/index.php?rest_route=%2Fwp%2Fv2%2Ftags&post=7477"}],"curies":[{"name":"wp","href":"https:\/\/api.w.org\/{rel}","templated":true}]}}