{"id":7521,"date":"2012-11-01T19:38:21","date_gmt":"2012-11-01T18:38:21","guid":{"rendered":"http:\/\/www.traba.org\/trabablog\/?p=7521"},"modified":"2012-11-01T19:42:04","modified_gmt":"2012-11-01T18:42:04","slug":"ja-tornem-a-ser-a-sitges","status":"publish","type":"post","link":"http:\/\/traba.org\/trabablog\/?p=7521","title":{"rendered":"ja tornem a ser a sitges"},"content":{"rendered":"<p>avui han vingut a passar el dia la fam\u00edlia medina-pitarch i la fam\u00edlia march-aragon\u00e8s a sitges. hem anat a dinar al mateix lloc que l&#8217;altra vegada, que segueix estant igual, per\u00f2 per menjar una espaguetis, un pollo o unes pizzes ja est\u00e0 b\u00e9.<\/p>\n<p><img loading=\"lazy\" decoding=\"async\" src=\"http:\/\/www.traba.org\/trabablog\/wp-content\/uploads\/2012\/11\/2012-11-01-15.26.41.jpg\" alt=\"2012-11-01 15.26.41\" width=\"800\" height=\"917\" \/><\/p>\n<p>la lola en bra\u00e7os de la joana, en bra\u00e7os de la eva.<\/p>\n<p><img loading=\"lazy\" decoding=\"async\" src=\"http:\/\/www.traba.org\/trabablog\/wp-content\/uploads\/2012\/11\/IMG_0625.jpg\" alt=\"IMG_0625\" width=\"800\" height=\"1066\" \/><\/p>\n<p>la lola rient a la joana.<\/p>\n<p><img loading=\"lazy\" decoding=\"async\" src=\"http:\/\/www.traba.org\/trabablog\/wp-content\/uploads\/2012\/11\/IMG_0636.jpg\" alt=\"IMG_0636\" width=\"800\" height=\"1066\" \/><\/p>\n<p>la n\u00faria i la joana jugant. de fet, s&#8217;han fet amigues i han jugat tota l&#8217;estona!<\/p>\n<p><img loading=\"lazy\" decoding=\"async\" src=\"http:\/\/www.traba.org\/trabablog\/wp-content\/uploads\/2012\/11\/IMG_0644.jpg\" alt=\"IMG_0644\" width=\"800\" height=\"1066\" \/><\/p>\n<p>el joan.<\/p>\n<p><img loading=\"lazy\" decoding=\"async\" src=\"http:\/\/www.traba.org\/trabablog\/wp-content\/uploads\/2012\/11\/IMG_0651.jpg\" alt=\"IMG_0651\" width=\"800\" height=\"600\" \/><\/p>\n<p>fent volar l&#8217;estel.<\/p>\n<p><img loading=\"lazy\" decoding=\"async\" src=\"http:\/\/www.traba.org\/trabablog\/wp-content\/uploads\/2012\/11\/DSCF0271.jpg\" alt=\"DSCF0271\" width=\"800\" height=\"531\" \/><\/p>\n<p>la berta n&#8217;ha apr\u00e8s molt r\u00e0pid.<\/p>\n<p><img loading=\"lazy\" decoding=\"async\" src=\"http:\/\/www.traba.org\/trabablog\/wp-content\/uploads\/2012\/11\/DSCF0288.jpg\" alt=\"DSCF0288\" width=\"800\" height=\"531\" \/> <img loading=\"lazy\" decoding=\"async\" src=\"http:\/\/www.traba.org\/trabablog\/wp-content\/uploads\/2012\/11\/DSCF0290.jpg\" alt=\"DSCF0290\" width=\"800\" height=\"531\" \/><\/p>\n<p>mentre la n\u00faria i la joana seguien jugant.<\/p>\n<p><img loading=\"lazy\" decoding=\"async\" src=\"http:\/\/www.traba.org\/trabablog\/wp-content\/uploads\/2012\/11\/DSCF0295.jpg\" alt=\"DSCF0295\" width=\"800\" height=\"531\" \/><\/p>\n<p>la bola de foooooc!<\/p>\n<p><img loading=\"lazy\" decoding=\"async\" src=\"http:\/\/www.traba.org\/trabablog\/wp-content\/uploads\/2012\/11\/DSCF0299.jpg\" alt=\"DSCF0299\" width=\"800\" height=\"531\" \/> <img loading=\"lazy\" decoding=\"async\" src=\"http:\/\/www.traba.org\/trabablog\/wp-content\/uploads\/2012\/11\/DSCF0306.jpg\" alt=\"DSCF0306\" width=\"800\" height=\"531\" \/> <img loading=\"lazy\" decoding=\"async\" src=\"http:\/\/www.traba.org\/trabablog\/wp-content\/uploads\/2012\/11\/DSCF0313.jpg\" alt=\"DSCF0313\" width=\"800\" height=\"531\" \/><\/p>\n","protected":false},"excerpt":{"rendered":"<p>avui han vingut a passar el dia la fam\u00edlia medina-pitarch i la fam\u00edlia march-aragon\u00e8s a sitges. hem anat a dinar al mateix lloc que l&#8217;altra vegada, que segueix estant igual,&#8230;<\/p>\n","protected":false},"author":5,"featured_media":7518,"comment_status":"open","ping_status":"closed","sticky":false,"template":"","format":"standard","meta":{"_monsterinsights_skip_tracking":false,"_monsterinsights_sitenote_active":false,"_monsterinsights_sitenote_note":"","_monsterinsights_sitenote_category":0,"footnotes":""},"categories":[28],"tags":[100,41,42,89],"class_list":["post-7521","post","type-post","status-publish","format-standard","has-post-thumbnail","hentry","category-ordinary-days","tag-lola","tag-mar","tag-platja","tag-sitges"],"_links":{"self":[{"href":"http:\/\/traba.org\/trabablog\/index.php?rest_route=\/wp\/v2\/posts\/7521","targetHints":{"allow":["GET"]}}],"collection":[{"href":"http:\/\/traba.org\/trabablog\/index.php?rest_route=\/wp\/v2\/posts"}],"about":[{"href":"http:\/\/traba.org\/trabablog\/index.php?rest_route=\/wp\/v2\/types\/post"}],"author":[{"embeddable":true,"href":"http:\/\/traba.org\/trabablog\/index.php?rest_route=\/wp\/v2\/users\/5"}],"replies":[{"embeddable":true,"href":"http:\/\/traba.org\/trabablog\/index.php?rest_route=%2Fwp%2Fv2%2Fcomments&post=7521"}],"version-history":[{"count":2,"href":"http:\/\/traba.org\/trabablog\/index.php?rest_route=\/wp\/v2\/posts\/7521\/revisions"}],"predecessor-version":[{"id":7523,"href":"http:\/\/traba.org\/trabablog\/index.php?rest_route=\/wp\/v2\/posts\/7521\/revisions\/7523"}],"wp:featuredmedia":[{"embeddable":true,"href":"http:\/\/traba.org\/trabablog\/index.php?rest_route=\/wp\/v2\/media\/7518"}],"wp:attachment":[{"href":"http:\/\/traba.org\/trabablog\/index.php?rest_route=%2Fwp%2Fv2%2Fmedia&parent=7521"}],"wp:term":[{"taxonomy":"category","embeddable":true,"href":"http:\/\/traba.org\/trabablog\/index.php?rest_route=%2Fwp%2Fv2%2Fcategories&post=7521"},{"taxonomy":"post_tag","embeddable":true,"href":"http:\/\/traba.org\/trabablog\/index.php?rest_route=%2Fwp%2Fv2%2Ftags&post=7521"}],"curies":[{"name":"wp","href":"https:\/\/api.w.org\/{rel}","templated":true}]}}