{"id":7539,"date":"2012-11-04T08:38:06","date_gmt":"2012-11-04T07:38:06","guid":{"rendered":"http:\/\/www.traba.org\/trabablog\/?p=7539"},"modified":"2012-11-04T08:40:10","modified_gmt":"2012-11-04T07:40:10","slug":"la-lola-va-dexcursio","status":"publish","type":"post","link":"http:\/\/traba.org\/trabablog\/?p=7539","title":{"rendered":"la lola va d&#8217;excursi\u00f3"},"content":{"rendered":"<p>ahir vam anar d&#8217;excursi\u00f3 amb la lola pel garraf. vam fer la meitat de l&#8217;excursi\u00f3 que hav\u00edem fet l&#8217;any passat, la de la creu de sant isidre.<\/p>\n<p><img loading=\"lazy\" decoding=\"async\" src=\"http:\/\/www.traba.org\/trabablog\/wp-content\/uploads\/2012\/11\/IMG_0672.jpg\" alt=\"IMG_0672\" width=\"800\" height=\"600\" \/><\/p>\n<p>les vistes de sitges despr\u00e9s de la pujada m\u00e9s forta.<\/p>\n<p><img loading=\"lazy\" decoding=\"async\" src=\"http:\/\/www.traba.org\/trabablog\/wp-content\/uploads\/2012\/11\/IMG_0674.jpg\" alt=\"IMG_0674\" width=\"800\" height=\"1066\" \/><\/p>\n<p>la lola va estar dormint gaireb\u00e9 tota l&#8217;excursi\u00f3, el qu\u00e8 amb bastants despertars&#8230;<\/p>\n<p><img loading=\"lazy\" decoding=\"async\" src=\"http:\/\/www.traba.org\/trabablog\/wp-content\/uploads\/2012\/11\/DSCF0331.jpg\" alt=\"DSCF0331\" width=\"800\" height=\"531\" \/><\/p>\n<p>ja de baixada.<\/p>\n<p><img loading=\"lazy\" decoding=\"async\" src=\"http:\/\/www.traba.org\/trabablog\/wp-content\/uploads\/2012\/11\/IMG_0684.jpg\" alt=\"IMG_0684\" width=\"800\" height=\"1066\" \/><\/p>\n<p>i despr\u00e9s&#8230;<\/p>\n<p><img loading=\"lazy\" decoding=\"async\" src=\"http:\/\/www.traba.org\/trabablog\/wp-content\/uploads\/2012\/11\/foto-4-1.jpg\" alt=\"foto 4 (1)\" width=\"800\" height=\"1071\" \/><\/p>\n<p>visites de la iaia i la tieta \ud83d\ude00<\/p>\n<p><img loading=\"lazy\" decoding=\"async\" src=\"http:\/\/www.traba.org\/trabablog\/wp-content\/uploads\/2012\/11\/IMG_0685.jpg\" alt=\"IMG_0685\" width=\"800\" height=\"600\" \/><\/p>\n","protected":false},"excerpt":{"rendered":"<p>ahir vam anar d&#8217;excursi\u00f3 amb la lola pel garraf. vam fer la meitat de l&#8217;excursi\u00f3 que hav\u00edem fet l&#8217;any passat, la de la creu de sant isidre. les vistes de&#8230;<\/p>\n","protected":false},"author":5,"featured_media":7538,"comment_status":"open","ping_status":"closed","sticky":false,"template":"","format":"standard","meta":{"_monsterinsights_skip_tracking":false,"_monsterinsights_sitenote_active":false,"_monsterinsights_sitenote_note":"","_monsterinsights_sitenote_category":0,"footnotes":""},"categories":[28],"tags":[100,89,68],"class_list":["post-7539","post","type-post","status-publish","format-standard","has-post-thumbnail","hentry","category-ordinary-days","tag-lola","tag-sitges","tag-wikiloc"],"_links":{"self":[{"href":"http:\/\/traba.org\/trabablog\/index.php?rest_route=\/wp\/v2\/posts\/7539","targetHints":{"allow":["GET"]}}],"collection":[{"href":"http:\/\/traba.org\/trabablog\/index.php?rest_route=\/wp\/v2\/posts"}],"about":[{"href":"http:\/\/traba.org\/trabablog\/index.php?rest_route=\/wp\/v2\/types\/post"}],"author":[{"embeddable":true,"href":"http:\/\/traba.org\/trabablog\/index.php?rest_route=\/wp\/v2\/users\/5"}],"replies":[{"embeddable":true,"href":"http:\/\/traba.org\/trabablog\/index.php?rest_route=%2Fwp%2Fv2%2Fcomments&post=7539"}],"version-history":[{"count":2,"href":"http:\/\/traba.org\/trabablog\/index.php?rest_route=\/wp\/v2\/posts\/7539\/revisions"}],"predecessor-version":[{"id":7541,"href":"http:\/\/traba.org\/trabablog\/index.php?rest_route=\/wp\/v2\/posts\/7539\/revisions\/7541"}],"wp:featuredmedia":[{"embeddable":true,"href":"http:\/\/traba.org\/trabablog\/index.php?rest_route=\/wp\/v2\/media\/7538"}],"wp:attachment":[{"href":"http:\/\/traba.org\/trabablog\/index.php?rest_route=%2Fwp%2Fv2%2Fmedia&parent=7539"}],"wp:term":[{"taxonomy":"category","embeddable":true,"href":"http:\/\/traba.org\/trabablog\/index.php?rest_route=%2Fwp%2Fv2%2Fcategories&post=7539"},{"taxonomy":"post_tag","embeddable":true,"href":"http:\/\/traba.org\/trabablog\/index.php?rest_route=%2Fwp%2Fv2%2Ftags&post=7539"}],"curies":[{"name":"wp","href":"https:\/\/api.w.org\/{rel}","templated":true}]}}